{"id":39553,"date":"2023-07-17T17:04:03","date_gmt":"2023-07-17T22:04:03","guid":{"rendered":"https:\/\/esreviral.com\/?p=39553"},"modified":"2023-07-17T17:04:04","modified_gmt":"2023-07-17T22:04:04","slug":"activistas-defensores-de-ddhh-y-exiliados-protestaron-contra-las-dictaduras-latinoamericanas-que-estan-siendo-reconocidas-por-el-celac","status":"publish","type":"post","link":"https:\/\/esreviral.com\/?p=39553","title":{"rendered":"Activistas, defensores de DDHH y exiliados protestaron contra las dictaduras latinoamericanas que est\u00e1n siendo reconocidas por el CELAC"},"content":{"rendered":"\n<p>En Bruselas, activistas de la <strong>ONG venezolana Un Mundo Sin Mordaza<\/strong> junto a miembros de otras comunidades de pa\u00edses como Bolivia, Cuba y Nicaragua <strong>protestaron en contra de las dictaduras en Latinoam\u00e9rica y adem\u00e1s se opusieron a que La Comunidad de Estados Latinoamericanos y Caribe\u00f1os (CELAC) y la Uni\u00f3n Europea (UE)<\/strong> permitieran la representaci\u00f3n de estos reg\u00edmenes en la Cumbre a celebrarse entre los d\u00edas 17 y 18 de julio.<\/p>\n\n\n\n<p>La protesta de activistas venezolanos, bolivianos, nicarag\u00fcenses y cubanos, defensores de los DDHH y exiliados se llev\u00f3 a cabo frente a la Comisi\u00f3n Europea, el Servicio de Acci\u00f3n Exterior y el Consejo de la Uni\u00f3n Europea, donde se est\u00e1 celebrando la Cumbre.<\/p>\n\n\n\n<p>En este encuentro se encuentran presentes Delcy Rodr\u00edguez, vicepresidente de Venezuela y tambi\u00e9n el presidente de Argentina, Alberto Fern\u00e1ndez, adem\u00e1s se espera que la crisis venezolana sea uno de los principales temas de la cumbre.<\/p>\n\n\n\n<p class=\"has-text-align-right\"><strong><em>Con informaci\u00f3n de UMSM.-<\/em><\/strong><\/p>\n\n\n\n<figure class=\"wp-block-image size-full\"><img fetchpriority=\"high\" decoding=\"async\" width=\"1024\" height=\"768\" src=\"https:\/\/esreviral.com\/wp-content\/uploads\/2023\/07\/activistas-protesta-en-bruselas-2.webp\" alt=\"\" class=\"wp-image-39555\" srcset=\"https:\/\/esreviral.com\/wp-content\/uploads\/2023\/07\/activistas-protesta-en-bruselas-2.webp 1024w, https:\/\/esreviral.com\/wp-content\/uploads\/2023\/07\/activistas-protesta-en-bruselas-2-300x225.webp 300w, https:\/\/esreviral.com\/wp-content\/uploads\/2023\/07\/activistas-protesta-en-bruselas-2-768x576.webp 768w, https:\/\/esreviral.com\/wp-content\/uploads\/2023\/07\/activistas-protesta-en-bruselas-2-750x563.webp 750w\" sizes=\"(max-width: 1024px) 100vw, 1024px\" \/><\/figure>\n","protected":false},"excerpt":{"rendered":"<p>En Bruselas, activistas de la ONG venezolana Un Mundo Sin Mordaza junto a miembros de otras comunidades de pa\u00edses como Bolivia, Cuba y Nicaragua protestaron en contra de las dictaduras en Latinoam\u00e9rica y adem\u00e1s se opusieron a que La Comunidad de Estados Latinoamericanos y Caribe\u00f1os (CELAC) y la Uni\u00f3n Europea (UE) permitieran la representaci\u00f3n de [&hellip;]<\/p>\n","protected":false},"author":2,"featured_media":39554,"comment_status":"open","ping_status":"closed","sticky":false,"template":"","format":"standard","meta":{"jnews-multi-image_gallery":[],"jnews_single_post":{"subtitle":"","format":"standard","video":"","gallery":"","source_name":"","source_url":"","via_name":"","via_url":"","override_template":"0","override":[{"template":"4","single_blog_custom":"","parallax":"1","fullscreen":"1","layout":"right-sidebar","sidebar":"default-sidebar","second_sidebar":"default-sidebar","sticky_sidebar":"1","share_position":"top","share_float_style":"share-monocrhome","show_share_counter":"1","show_view_counter":"1","show_featured":"1","show_post_meta":"1","show_post_author":"1","show_post_author_image":"1","show_post_date":"1","post_date_format":"default","post_date_format_custom":"Y\/m\/d","show_post_category":"1","show_post_reading_time":"1","post_reading_time_wpm":"300","show_zoom_button":"1","zoom_button_out_step":"2","zoom_button_in_step":"3","show_post_tag":"1","show_prev_next_post":"1","show_popup_post":"1","number_popup_post":"1","show_author_box":"1","show_post_related":"1","show_inline_post_related":"0"}],"override_image_size":"0","image_override":[{"single_post_thumbnail_size":"crop-500","single_post_gallery_size":"crop-500"}],"trending_post":"0","trending_post_position":"meta","trending_post_label":"Trending","sponsored_post":"0","sponsored_post_label":"Sponsored by","sponsored_post_name":"","sponsored_post_url":"","sponsored_post_logo_enable":"0","sponsored_post_logo":"","sponsored_post_desc":"","disable_ad":"0"},"jnews_primary_category":{"id":"","hide":""},"jnews_social_meta":{"fb_title":"","fb_description":"","fb_image":"","twitter_title":"","twitter_description":"","twitter_image":""},"jnews_review":[],"enable_review":"0","type":"percentage","name":"","summary":"","brand":"","sku":"","good":[{"good_text":""}],"bad":[{"bad_text":""}],"score_override":"","override_value":"","rating":[{"rating_text":"","rating_number":"10"}],"price":[{"shop":"","price":"","link":"","icon":""}],"jnews_override_counter":{"override_view_counter":"0","view_counter_number":"0","override_share_counter":"0","share_counter_number":"0","override_like_counter":"0","like_counter_number":"0","override_dislike_counter":"0","dislike_counter_number":"0"},"jnews_post_split":{"enable_post_split":"0","post_split":[{"template":"1","tag":"h2","numbering":"asc","mode":"normal","first":"0","enable_toc":"0","toc_type":"normal"}]},"footnotes":""},"categories":[88],"tags":[10603,11439,1166,45,1587],"class_list":["post-39553","post","type-post","status-publish","format-standard","has-post-thumbnail","hentry","category-internacionales","tag-belgica-2","tag-bruselas","tag-celac","tag-noticias","tag-union-europea"],"amp_enabled":true,"_links":{"self":[{"href":"https:\/\/esreviral.com\/index.php?rest_route=\/wp\/v2\/posts\/39553"}],"collection":[{"href":"https:\/\/esreviral.com\/index.php?rest_route=\/wp\/v2\/posts"}],"about":[{"href":"https:\/\/esreviral.com\/index.php?rest_route=\/wp\/v2\/types\/post"}],"author":[{"embeddable":true,"href":"https:\/\/esreviral.com\/index.php?rest_route=\/wp\/v2\/users\/2"}],"replies":[{"embeddable":true,"href":"https:\/\/esreviral.com\/index.php?rest_route=%2Fwp%2Fv2%2Fcomments&post=39553"}],"version-history":[{"count":0,"href":"https:\/\/esreviral.com\/index.php?rest_route=\/wp\/v2\/posts\/39553\/revisions"}],"wp:featuredmedia":[{"embeddable":true,"href":"https:\/\/esreviral.com\/index.php?rest_route=\/wp\/v2\/media\/39554"}],"wp:attachment":[{"href":"https:\/\/esreviral.com\/index.php?rest_route=%2Fwp%2Fv2%2Fmedia&parent=39553"}],"wp:term":[{"taxonomy":"category","embeddable":true,"href":"https:\/\/esreviral.com\/index.php?rest_route=%2Fwp%2Fv2%2Fcategories&post=39553"},{"taxonomy":"post_tag","embeddable":true,"href":"https:\/\/esreviral.com\/index.php?rest_route=%2Fwp%2Fv2%2Ftags&post=39553"}],"curies":[{"name":"wp","href":"https:\/\/api.w.org\/{rel}","templated":true}]}}