{"id":39520,"date":"2023-07-17T08:37:59","date_gmt":"2023-07-17T13:37:59","guid":{"rendered":"https:\/\/esreviral.com\/?p=39520"},"modified":"2023-07-17T08:37:59","modified_gmt":"2023-07-17T13:37:59","slug":"nacho-revela-el-sexo-de-su-sexto-bebe-en-pleno-reencuentro-con-chyno-miranda","status":"publish","type":"post","link":"https:\/\/esreviral.com\/?p=39520","title":{"rendered":"Nacho revela el sexo de su sexto beb\u00e9 en pleno reencuentro con Chyno Miranda"},"content":{"rendered":"\n<p>El cantante y compositor venezolano\u00a0Miguel Ignacio \u201cNacho\u201d Mendoza\u00a0<strong> revel\u00f3 el sexo del beb\u00e9\u00a0<\/strong>que lo har\u00e1 pap\u00e1 por sexta ocasi\u00f3n y segunda con\u00a0<strong>su actual pareja Melany Mille.<\/strong><\/p>\n\n\n\n<p>El cantante dio a conocer el sexo del beb\u00e9 durante elen un concierto privado que ofrecieron en Venezuela este s\u00e1bado 15 de julio.<\/p>\n\n\n\n<p>De acuerdo con una rese\u00f1a del concierto que public\u00f3 la periodista Mandy Fridmann del portal Las Top News, el artista decidi\u00f3 dar la sorpresa en el escenario junto con su pareja y su hija.<\/p>\n\n\n\n<p>Fue hacia el final de la presentaci\u00f3n, ocurrida en Lecher\u00eda, Venezuela, cuando el cantante decidi\u00f3 dar la noticia. Hicieron una cuenta regresiva con la audiencia y con un humo de color rosa gritaron:&nbsp;<strong>\u00ab\u00a1Es ni\u00f1a!\u00bb<\/strong>.<\/p>\n\n\n\n<p>Se trata de la segunda hija para Nacho. Adem\u00e1s de Mya Michelle, es padre de Diego Ignacio (18 a\u00f1os), a quien tuvo con Yoelmys Rivero. Con su ex Inger Devera procre\u00f3 a Miguel (12), Santiago (10) y Mat\u00edas (7).<\/p>\n\n\n\n<p>No est\u00e1 claro cu\u00e1ndo nacer\u00e1 la nueva integrante de la familia ni cu\u00e1ntos meses de embarazo tiene la pareja de Nacho.<\/p>\n\n\n\n<p class=\"has-text-align-right\"><strong><em>univision.com.-<\/em><\/strong><\/p>\n","protected":false},"excerpt":{"rendered":"<p>Nacho Mendoza dio la sorpresa al dar a conocer si tendr\u00e1 ni\u00f1a o ni\u00f1o. Lo hizo durante el reencuentro con su amigo y compa\u00f1ero de m\u00fasica, Chyno Miranda, en un pol\u00e9mico concierto que dieron este fin de semana en Venezuela.<\/p>\n","protected":false},"author":3,"featured_media":39521,"comment_status":"open","ping_status":"closed","sticky":false,"template":"","format":"standard","meta":{"jnews-multi-image_gallery":[],"jnews_single_post":{"subtitle":"","format":"standard","video":"","gallery":"","source_name":"","source_url":"","via_name":"","via_url":"","override_template":"0","override":[{"template":"4","single_blog_custom":"","parallax":"1","fullscreen":"1","layout":"right-sidebar","sidebar":"default-sidebar","second_sidebar":"default-sidebar","sticky_sidebar":"1","share_position":"top","share_float_style":"share-monocrhome","show_share_counter":"1","show_view_counter":"1","show_featured":"1","show_post_meta":"1","show_post_author":"1","show_post_author_image":"1","show_post_date":"1","post_date_format":"default","post_date_format_custom":"Y\/m\/d","show_post_category":"1","show_post_reading_time":"1","post_reading_time_wpm":"300","show_zoom_button":"1","zoom_button_out_step":"2","zoom_button_in_step":"3","show_post_tag":"1","show_prev_next_post":"1","show_popup_post":"1","number_popup_post":"1","show_author_box":"1","show_post_related":"1","show_inline_post_related":"0"}],"override_image_size":"0","image_override":[{"single_post_thumbnail_size":"crop-500","single_post_gallery_size":"crop-500"}],"trending_post":"0","trending_post_position":"meta","trending_post_label":"Trending","sponsored_post":"0","sponsored_post_label":"Sponsored by","sponsored_post_name":"","sponsored_post_url":"","sponsored_post_logo_enable":"0","sponsored_post_logo":"","sponsored_post_desc":"","disable_ad":"0"},"jnews_primary_category":{"id":"","hide":""},"jnews_social_meta":{"fb_title":"","fb_description":"","fb_image":"","twitter_title":"","twitter_description":"","twitter_image":""},"jnews_review":[],"enable_review":"0","type":"percentage","name":"","summary":"","brand":"","sku":"","good":[{"good_text":""}],"bad":[{"bad_text":""}],"score_override":"","override_value":"","rating":[{"rating_text":"","rating_number":"10"}],"price":[{"shop":"","price":"","link":"","icon":""}],"jnews_override_counter":{"override_view_counter":"0","view_counter_number":"0","override_share_counter":"0","share_counter_number":"0","override_like_counter":"0","like_counter_number":"0","override_dislike_counter":"0","dislike_counter_number":"0"},"jnews_post_split":{"enable_post_split":"0","post_split":[{"template":"1","tag":"h2","numbering":"asc","mode":"normal","first":"0","enable_toc":"0","toc_type":"normal"}]},"footnotes":""},"categories":[50],"tags":[11426,2190,11427,11428,11425,11423,45,11424,56],"class_list":["post-39520","post","type-post","status-publish","format-standard","has-post-thumbnail","hentry","category-entretenimiento","tag-bebes-famosos","tag-chyno-miranda","tag-famosas-embarazadas","tag-hijos-de-famosos","tag-melany-mille","tag-nacho-mendoza","tag-noticias","tag-sexto-bebe","tag-venezuela"],"amp_enabled":true,"_links":{"self":[{"href":"https:\/\/esreviral.com\/index.php?rest_route=\/wp\/v2\/posts\/39520"}],"collection":[{"href":"https:\/\/esreviral.com\/index.php?rest_route=\/wp\/v2\/posts"}],"about":[{"href":"https:\/\/esreviral.com\/index.php?rest_route=\/wp\/v2\/types\/post"}],"author":[{"embeddable":true,"href":"https:\/\/esreviral.com\/index.php?rest_route=\/wp\/v2\/users\/3"}],"replies":[{"embeddable":true,"href":"https:\/\/esreviral.com\/index.php?rest_route=%2Fwp%2Fv2%2Fcomments&post=39520"}],"version-history":[{"count":0,"href":"https:\/\/esreviral.com\/index.php?rest_route=\/wp\/v2\/posts\/39520\/revisions"}],"wp:featuredmedia":[{"embeddable":true,"href":"https:\/\/esreviral.com\/index.php?rest_route=\/wp\/v2\/media\/39521"}],"wp:attachment":[{"href":"https:\/\/esreviral.com\/index.php?rest_route=%2Fwp%2Fv2%2Fmedia&parent=39520"}],"wp:term":[{"taxonomy":"category","embeddable":true,"href":"https:\/\/esreviral.com\/index.php?rest_route=%2Fwp%2Fv2%2Fcategories&post=39520"},{"taxonomy":"post_tag","embeddable":true,"href":"https:\/\/esreviral.com\/index.php?rest_route=%2Fwp%2Fv2%2Ftags&post=39520"}],"curies":[{"name":"wp","href":"https:\/\/api.w.org\/{rel}","templated":true}]}}