{"id":39458,"date":"2023-07-15T12:46:13","date_gmt":"2023-07-15T17:46:13","guid":{"rendered":"https:\/\/esreviral.com\/?p=39458"},"modified":"2023-07-15T12:46:13","modified_gmt":"2023-07-15T17:46:13","slug":"quienes-son-los-militares-venezolanos-investigados-por-la-justicia-de-argentina-y-por-que","status":"publish","type":"post","link":"https:\/\/esreviral.com\/?p=39458","title":{"rendered":"\u00bfQui\u00e9nes son los militares venezolanos investigados por la justicia de Argentina y por qu\u00e9?"},"content":{"rendered":"\n<p>El fiscal federal argentino, Carlos Stornelli, imput\u00f3 a 14 militares venezolanos por haber cometido presuntos cr\u00edmenes de lesa humanidad durante las manifestaciones antigubernamentales de 2014, a partir de una denuncia presentada por la Fundaci\u00f3n Clooney para la Justicia (CFJ, por sus siglas en ingl\u00e9s), tomando en cuenta la jurisprudencia de Argentina en materia de Derechos Humanos.<\/p>\n\n\n\n<p>Venezuela vivi\u00f3, por varias semanas a inicios del 2014, multitudinarias protestas antigubernamentales que fueron reprimidas con \u201cuso brutal de la fuerza\u201d. Decenas de personas \u201cque no estaban armadas\u201d e incluso \u201ctranse\u00fantes\u201d, fueron detenidas y muchas sufrieron \u201cabusos que incluyeron golpizas violentas, descargas el\u00e9ctricas, quemaduras\u201d y\/o fueron obligadas a mantenerse \u201carrodilladas, sin moverse, por varias horas\u201d, precisa Human Right Watch (HRW).<\/p>\n\n\n\n<p>La causa fue abierta con base en el principio de la jurisdicci\u00f3n universal que, seg\u00fan Naciones Unidas, \u201cconfiere competencia a un Estado para juzgar y sancionar al autor de un delito, cualquiera que sea el lugar en el que se cometi\u00f3 y cualquiera que sea la nacionalidad de su autor o v\u00edctima\u201d.<\/p>\n\n\n\n<h3 class=\"wp-block-heading\"><strong><mark style=\"background-color:rgba(0, 0, 0, 0)\" class=\"has-inline-color has-vivid-red-color\">\u00bfQui\u00e9nes son los militares?<\/mark><\/strong><\/h3>\n\n\n\n<p>El diario El Clar\u00edn de Argentina public\u00f3 los nombres de los catorce efectivos militares investigados, entre ellos un ex gobernador oficialista.<\/p>\n\n\n\n<p>-Mayor General Justo Jos\u00e9 Noguera Pietri, comandante de la Guardia Nacional Bolivariana en 2014<\/p>\n\n\n\n<p>Hasta el 2021 fue gobernador del estado Bol\u00edvar, en el sur de Venezuela. Fue comandante general de la Guardia Nacional entre el 2013 y 2014. Posteriormente pas\u00f3 a situaci\u00f3n de reserva activa (retiro), pero ha ocupado \u201cimportantes cargos\u201d en la regi\u00f3n de Guayana, precisa la Asociaci\u00f3n Civil Control Ciudadano, dedicada a la contralor\u00eda de sectores de la Seguridad, la Defensa y la Fuerza Armada Nacional (FAN).<\/p>\n\n\n\n<p>Los gobiernos de Estados Unidos y Canad\u00e1 lo han sancionado por ser presuntamente responsable del \u201cdeterioro de la situaci\u00f3n en Venezuela\u201d y por ser considerado \u201cde alto riesgo en materia de blanqueo de capitales, financiamiento al terrorismo y financiamiento de la proliferaci\u00f3n de armas de destrucci\u00f3n masiva\u201d.<\/p>\n\n\n\n<p>-General de Brigada Arqu\u00edmedes Herrera Ruso, comandante de la regi\u00f3n N* 2 de Carabobo en 2014<\/p>\n\n\n\n<p>Ha ocupado diversos cargos, entre ellos el de secretario de Seguridad del estado Carabobo. Seg\u00fan el portal Poderopedia, estuvo al frente de los militares que \u201catacaron\u201d a la poblaci\u00f3n civil que protestaba entre febrero y mayo del 2014 en la ciudad de Valencia.<\/p>\n\n\n\n<p>-General de Divisi\u00f3n Jos\u00e9 Dionisio Goncalves Mendoza, comandante de la Guardia del Pueblo en 2014<\/p>\n\n\n\n<p>-Coronel Ephra\u00edn Verd\u00fa Torrelles, segundo comandante del Destacamento de Seguridad Urbana de Tocuyito, estado Carabobo en 2014<\/p>\n\n\n\n<p>-Teniente coronel Frank Alonzo Osuna D\u00edaz, comandante del Destacamento N*24 de la Guardia Nacional Bolivariana en 2014<\/p>\n\n\n\n<p>-Teniente Luis Amaya Chirino<\/p>\n\n\n\n<p>-Sargento segundo Jos\u00e9 Urdaneta Urdaneta<\/p>\n\n\n\n<p>-Sargento segundo Jhonny Mallarino Miranda<\/p>\n\n\n\n<p>-Sargento segundo Luis Reyes Gonz\u00e1lez<\/p>\n\n\n\n<p>-Sargento segundo Jorvy Pennaloza Ram\u00edrez<\/p>\n\n\n\n<p>-Sargento segundo Roger Alejo Dur\u00e1n<\/p>\n\n\n\n<p>-Sargento primero Johan Ram\u00edrez Hern\u00e1ndez.<\/p>\n\n\n\n<p class=\"has-text-align-right\"><strong><em>VOA.-<\/em><\/strong><\/p>\n","protected":false},"excerpt":{"rendered":"<p>El fiscal federal argentino, Carlos Stornelli, imput\u00f3 a 14 militares venezolanos por haber cometido presuntos cr\u00edmenes de lesa humanidad durante las manifestaciones antigubernamentales de 2014, a partir de una denuncia presentada por la Fundaci\u00f3n Clooney para la Justicia (CFJ, por sus siglas en ingl\u00e9s), tomando en cuenta la jurisprudencia de Argentina en materia de Derechos [&hellip;]<\/p>\n","protected":false},"author":2,"featured_media":39459,"comment_status":"open","ping_status":"closed","sticky":false,"template":"","format":"standard","meta":{"jnews-multi-image_gallery":[],"jnews_single_post":{"subtitle":"","format":"standard","video":"","gallery":"","source_name":"","source_url":"","via_name":"","via_url":"","override_template":"0","override":[{"template":"4","single_blog_custom":"","parallax":"1","fullscreen":"1","layout":"right-sidebar","sidebar":"default-sidebar","second_sidebar":"default-sidebar","sticky_sidebar":"1","share_position":"top","share_float_style":"share-monocrhome","show_share_counter":"1","show_view_counter":"1","show_featured":"1","show_post_meta":"1","show_post_author":"1","show_post_author_image":"1","show_post_date":"1","post_date_format":"default","post_date_format_custom":"Y\/m\/d","show_post_category":"1","show_post_reading_time":"1","post_reading_time_wpm":"300","show_zoom_button":"1","zoom_button_out_step":"2","zoom_button_in_step":"3","show_post_tag":"1","show_prev_next_post":"1","show_popup_post":"1","number_popup_post":"1","show_author_box":"1","show_post_related":"1","show_inline_post_related":"0"}],"override_image_size":"0","image_override":[{"single_post_thumbnail_size":"crop-500","single_post_gallery_size":"crop-500"}],"trending_post":"0","trending_post_position":"meta","trending_post_label":"Trending","sponsored_post":"0","sponsored_post_label":"Sponsored by","sponsored_post_name":"","sponsored_post_url":"","sponsored_post_logo_enable":"0","sponsored_post_logo":"","sponsored_post_desc":"","disable_ad":"0"},"jnews_primary_category":{"id":"","hide":""},"jnews_social_meta":{"fb_title":"","fb_description":"","fb_image":"","twitter_title":"","twitter_description":"","twitter_image":""},"jnews_review":[],"enable_review":"0","type":"percentage","name":"","summary":"","brand":"","sku":"","good":[{"good_text":""}],"bad":[{"bad_text":""}],"score_override":"","override_value":"","rating":[{"rating_text":"","rating_number":"10"}],"price":[{"shop":"","price":"","link":"","icon":""}],"jnews_override_counter":{"override_view_counter":"0","view_counter_number":"0","override_share_counter":"0","share_counter_number":"0","override_like_counter":"0","like_counter_number":"0","override_dislike_counter":"0","dislike_counter_number":"0"},"jnews_post_split":{"enable_post_split":"0","post_split":[{"template":"1","tag":"h2","numbering":"asc","mode":"normal","first":"0","enable_toc":"0","toc_type":"normal"}]},"footnotes":""},"categories":[88],"tags":[44,45,67],"class_list":["post-39458","post","type-post","status-publish","format-standard","has-post-thumbnail","hentry","category-internacionales","tag-argentina","tag-noticias","tag-venezolanos-en-argentina"],"amp_enabled":true,"_links":{"self":[{"href":"https:\/\/esreviral.com\/index.php?rest_route=\/wp\/v2\/posts\/39458"}],"collection":[{"href":"https:\/\/esreviral.com\/index.php?rest_route=\/wp\/v2\/posts"}],"about":[{"href":"https:\/\/esreviral.com\/index.php?rest_route=\/wp\/v2\/types\/post"}],"author":[{"embeddable":true,"href":"https:\/\/esreviral.com\/index.php?rest_route=\/wp\/v2\/users\/2"}],"replies":[{"embeddable":true,"href":"https:\/\/esreviral.com\/index.php?rest_route=%2Fwp%2Fv2%2Fcomments&post=39458"}],"version-history":[{"count":0,"href":"https:\/\/esreviral.com\/index.php?rest_route=\/wp\/v2\/posts\/39458\/revisions"}],"wp:featuredmedia":[{"embeddable":true,"href":"https:\/\/esreviral.com\/index.php?rest_route=\/wp\/v2\/media\/39459"}],"wp:attachment":[{"href":"https:\/\/esreviral.com\/index.php?rest_route=%2Fwp%2Fv2%2Fmedia&parent=39458"}],"wp:term":[{"taxonomy":"category","embeddable":true,"href":"https:\/\/esreviral.com\/index.php?rest_route=%2Fwp%2Fv2%2Fcategories&post=39458"},{"taxonomy":"post_tag","embeddable":true,"href":"https:\/\/esreviral.com\/index.php?rest_route=%2Fwp%2Fv2%2Ftags&post=39458"}],"curies":[{"name":"wp","href":"https:\/\/api.w.org\/{rel}","templated":true}]}}