{"id":39449,"date":"2023-07-15T10:11:45","date_gmt":"2023-07-15T15:11:45","guid":{"rendered":"https:\/\/esreviral.com\/?p=39449"},"modified":"2023-07-15T10:11:46","modified_gmt":"2023-07-15T15:11:46","slug":"shakira-construye-casas-para-venezolanos-desplazados-en-colombia","status":"publish","type":"post","link":"https:\/\/esreviral.com\/?p=39449","title":{"rendered":"Shakira construye casas para venezolanos desplazados en Colombia"},"content":{"rendered":"\n<p><strong><em>CIS.- <\/em><\/strong>La cantante colombiana, Shakira, dio una entrevista exclusiva al programa Primer Impacto que se transmite por la cadena hispana Univisi\u00f3n en todo Estados Unidos y anunci\u00f3 que <strong>est\u00e1n construyendo una escuela que beneficiar\u00e1 a los venezolanos desplazados que se encuentran en la zona de Tib\u00fa, al norte de Santander, Colombia. <\/strong><\/p>\n\n\n\n<p><strong>\u00abAhora mismo tenemos nueve escuelas y estamos construyendo dos m\u00e1s en Barranquilla, dos en Cartagena, una en Quibd\u00f3 y una Tib\u00fa que es una zona de refugiados y donde hay much\u00edsimos venezolanos donde est\u00e1n desplazados. <\/strong>En La Guajira donde hay muchas necesidades, que ha sido abandonada por el Gobierno y gran parte no cuenta con agua potable, energ\u00eda el\u00e9ctrica y eso dificulta la atenci\u00f3n ah\u00ed\u00bb.<\/p>\n\n\n\n<p>Hasta ahora la fundaci\u00f3n Pies Descalzados ha atendido a m\u00e1s de 150 mil estudiantes gracias a la iniciativa de la barranquillera, quien se siente muy complacida y sue\u00f1a con<strong> \u00abseguir creciendo y hacer muchas mas escuelas\u00bb,<\/strong> para ello espera mayores recursos de los entes p\u00fablicos y privados que la han apoyado. <\/p>\n\n\n\n<p>Pr\u00f3ximamente se le honrar\u00e1 en Premios Juventud por su labor altruista, por lo que tendr\u00e1 que ir a Puerto Rico para recibir el homenaje, \u00abestar\u00e9 muy feliz de estar ah\u00ed y de que mis hijos conozcan la isla y sepan que las cosas s\u00ed se pueden cambiar, <strong>no hay hay que ser famoso o una celebridad para generar cambio y creo que la juventud tiene una gran posibilidad a trav\u00e9s de las redes sociales\u00bb. <\/strong><\/p>\n\n\n\n<figure class=\"wp-block-embed is-type-video is-provider-youtube wp-block-embed-youtube wp-embed-aspect-16-9 wp-has-aspect-ratio\"><div class=\"wp-block-embed__wrapper\">\n<div class=\"jeg_video_container jeg_video_content\"><iframe title=\"Entrevista exclusiva con Shakira: habla de sus canciones, su fundaci\u00f3n y los desaf\u00edos superados\" width=\"500\" height=\"281\" src=\"https:\/\/www.youtube.com\/embed\/5_W3r_WHzbE?feature=oembed\" frameborder=\"0\" allow=\"accelerometer; autoplay; clipboard-write; encrypted-media; gyroscope; picture-in-picture; web-share\" referrerpolicy=\"strict-origin-when-cross-origin\" allowfullscreen><\/iframe><\/div>\n<\/div><\/figure>\n\n\n\n<p><\/p>\n\n\n\n<p><\/p>\n","protected":false},"excerpt":{"rendered":"<p>CIS.- La cantante colombiana, Shakira, dio una entrevista exclusiva al programa Primer Impacto que se transmite por la cadena hispana Univisi\u00f3n en todo Estados Unidos y anunci\u00f3 que est\u00e1n construyendo una escuela que beneficiar\u00e1 a los venezolanos desplazados que se encuentran en la zona de Tib\u00fa, al norte de Santander, Colombia. \u00abAhora mismo tenemos nueve [&hellip;]<\/p>\n","protected":false},"author":2,"featured_media":39455,"comment_status":"open","ping_status":"closed","sticky":false,"template":"","format":"standard","meta":{"jnews-multi-image_gallery":[],"jnews_single_post":{"subtitle":"","format":"standard","video":"","gallery":"","source_name":"","source_url":"","via_name":"","via_url":"","override_template":"0","override":[{"template":"4","single_blog_custom":"","parallax":"1","fullscreen":"1","layout":"right-sidebar","sidebar":"default-sidebar","second_sidebar":"default-sidebar","sticky_sidebar":"1","share_position":"top","share_float_style":"share-monocrhome","show_share_counter":"1","show_view_counter":"1","show_featured":"1","show_post_meta":"1","show_post_author":"1","show_post_author_image":"1","show_post_date":"1","post_date_format":"default","post_date_format_custom":"Y\/m\/d","show_post_category":"1","show_post_reading_time":"1","post_reading_time_wpm":"300","show_zoom_button":"1","zoom_button_out_step":"2","zoom_button_in_step":"3","show_post_tag":"1","show_prev_next_post":"1","show_popup_post":"1","number_popup_post":"1","show_author_box":"1","show_post_related":"1","show_inline_post_related":"0"}],"override_image_size":"0","image_override":[{"single_post_thumbnail_size":"crop-500","single_post_gallery_size":"crop-500"}],"trending_post":"0","trending_post_position":"meta","trending_post_label":"Trending","sponsored_post":"0","sponsored_post_label":"Sponsored by","sponsored_post_name":"","sponsored_post_url":"","sponsored_post_logo_enable":"0","sponsored_post_logo":"","sponsored_post_desc":"","disable_ad":"0"},"jnews_primary_category":{"id":"","hide":""},"jnews_social_meta":{"fb_title":"","fb_description":"","fb_image":"","twitter_title":"","twitter_description":"","twitter_image":""},"jnews_review":[],"enable_review":"0","type":"percentage","name":"","summary":"","brand":"","sku":"","good":[{"good_text":""}],"bad":[{"bad_text":""}],"score_override":"","override_value":"","rating":[{"rating_text":"","rating_number":"10"}],"price":[{"shop":"","price":"","link":"","icon":""}],"jnews_override_counter":{"override_view_counter":"0","view_counter_number":"0","override_share_counter":"0","share_counter_number":"0","override_like_counter":"0","like_counter_number":"0","override_dislike_counter":"0","dislike_counter_number":"0"},"jnews_post_split":{"enable_post_split":"0","post_split":[{"template":"1","tag":"h2","numbering":"asc","mode":"normal","first":"0","enable_toc":"0","toc_type":"normal"}]},"footnotes":""},"categories":[50,54],"tags":[283,1583,45,11391,537,743,782],"class_list":["post-39449","post","type-post","status-publish","format-standard","has-post-thumbnail","hentry","category-entretenimiento","category-inmigracion","tag-colombia","tag-ninos-venezolanos","tag-noticias","tag-pies-descalzaos","tag-shakira","tag-venezolanos-en-colombia","tag-venezolanos-en-miami"],"amp_enabled":true,"_links":{"self":[{"href":"https:\/\/esreviral.com\/index.php?rest_route=\/wp\/v2\/posts\/39449"}],"collection":[{"href":"https:\/\/esreviral.com\/index.php?rest_route=\/wp\/v2\/posts"}],"about":[{"href":"https:\/\/esreviral.com\/index.php?rest_route=\/wp\/v2\/types\/post"}],"author":[{"embeddable":true,"href":"https:\/\/esreviral.com\/index.php?rest_route=\/wp\/v2\/users\/2"}],"replies":[{"embeddable":true,"href":"https:\/\/esreviral.com\/index.php?rest_route=%2Fwp%2Fv2%2Fcomments&post=39449"}],"version-history":[{"count":0,"href":"https:\/\/esreviral.com\/index.php?rest_route=\/wp\/v2\/posts\/39449\/revisions"}],"wp:featuredmedia":[{"embeddable":true,"href":"https:\/\/esreviral.com\/index.php?rest_route=\/wp\/v2\/media\/39455"}],"wp:attachment":[{"href":"https:\/\/esreviral.com\/index.php?rest_route=%2Fwp%2Fv2%2Fmedia&parent=39449"}],"wp:term":[{"taxonomy":"category","embeddable":true,"href":"https:\/\/esreviral.com\/index.php?rest_route=%2Fwp%2Fv2%2Fcategories&post=39449"},{"taxonomy":"post_tag","embeddable":true,"href":"https:\/\/esreviral.com\/index.php?rest_route=%2Fwp%2Fv2%2Ftags&post=39449"}],"curies":[{"name":"wp","href":"https:\/\/api.w.org\/{rel}","templated":true}]}}