{"id":3928,"date":"2021-02-07T15:17:55","date_gmt":"2021-02-07T18:17:55","guid":{"rendered":"http:\/\/esreviral.com\/?p=3928"},"modified":"2021-02-07T15:17:55","modified_gmt":"2021-02-07T18:17:55","slug":"cantante-argentino-arremetio-contra-mau-y-ricky","status":"publish","type":"post","link":"https:\/\/esreviral.com\/?p=3928","title":{"rendered":"Cantante argentino arremeti\u00f3 contra Mau y Ricky"},"content":{"rendered":"\n<p>A trav\u00e9s de las redes sociales, el cantante argentino&nbsp;<strong>Leo Garc\u00eda<\/strong>&nbsp;solt\u00f3 el odio que siente por los hermanos&nbsp;<strong>Mau y Ricky<\/strong>, quienes se han posicionado en los \u00faltimos a\u00f1os en la industria musical por varios hits como:&nbsp;<strong><em>pap\u00e1s<\/em><\/strong>,&nbsp;<strong><em>Desconocidos<\/em>&nbsp;<\/strong>o&nbsp;<strong><em>Mi mala<\/em><\/strong>, pero dichos \u00e9xitos parecen no importarle al rockero, pues en su cuenta de Twitter arremeti\u00f3 en contra de la m\u00fasica que cantan los venezolanos.<\/p>\n\n\n\n<p>\u201cSi te gustan los hijos de la\u00a0<strong>Montaner<\/strong>\u00a0es todo lo peor que poder hacerle a la m\u00fasica\u201d o \u201cY los hijos de Montaner que se vayan a la puta que los pari\u00f3\u00f3\u00f3\u201d, son algunos de los comentarios que expres\u00f3 Garc\u00eda.<\/p>\n\n\n\n<p>Pero m\u00e1s all\u00e1 de atacar al d\u00fao criollo, el argentino agredi\u00f3 verbalmente a diferentes g\u00e9neros musicales, asegurando que todo lo diferente al rock es una \u201cporquer\u00eda\u201d.<\/p>\n\n\n\n<p>\u201cMierda, mierda son el trap, el reguet\u00f3n y todo eso chicano que nada tiene que ver con nuestra cultura, \u00a1Mueran hijos de puta! Basura y la industria que los fomenta!\u201d, escribi\u00f3 Leo en otro tuit.<\/p>\n\n\n\n<p>En este sentido, Garc\u00eda tambi\u00e9n aprovech\u00f3 para soltar su veneno en contra de los cantantes colombianos y venezolanos que tienen \u00e9xito en la naci\u00f3n sudamericana y en todo el mundo, por ende, expres\u00f3: \u201cNo invadan mi cultura, manga de chicanos. Vayan a perrear a su pa\u00eds, hdp\u2026. Si le dan bola a esa mierda es porque est\u00e1 lleno de venezolanos y colombianos en nuestro pa\u00eds que es ARGENTINA\u201d.<\/p>\n\n\n\n<p class=\"has-text-align-right\"><strong><em>Revista Ronda.-<\/em><\/strong><\/p>\n\n\n\n<figure class=\"wp-block-image size-large\"><img decoding=\"async\" src=\"https:\/\/revistaronda.net\/wp-content\/uploads\/2021\/02\/Z253VQH2ARC67DG2SKJZ53ZBB4.jpg\" alt=\"\"\/><figcaption>Asimismo, el hater de los cantantes\u00a0<strong>Mau y Ricky<\/strong>\u00a0asegur\u00f3 que luchar\u00eda por el rock nacional en su pa\u00eds.<br>\u201cMierda, mierda son el trap, el reggaet\u00f3n y todo eso chicano que nada tiene que ver con nuestra cultura, \u00a1mueran hijos de puta! \u00a1basura y la industria que los fomenta!\u201d, agreg\u00f3 el resentido en otra publicaci\u00f3n.<br><br>Anuncios<br><br><img fetchpriority=\"high\" decoding=\"async\" width=\"700\" height=\"394\" srcset=\"https:\/\/revistaronda.net\/wp-content\/uploads\/2021\/02\/4CBL4IVPV5DKZMHN2B3LNXMZ4Y-1.jpg 768w, https:\/\/revistaronda.net\/wp-content\/uploads\/2021\/02\/4CBL4IVPV5DKZMHN2B3LNXMZ4Y-1-300x169.jpg 300w\" src=\"https:\/\/revistaronda.net\/wp-content\/uploads\/2021\/02\/4CBL4IVPV5DKZMHN2B3LNXMZ4Y-1.jpg\" alt=\"\"><br><br><img decoding=\"async\" width=\"700\" height=\"394\" srcset=\"https:\/\/revistaronda.net\/wp-content\/uploads\/2021\/02\/56H3AMEUYBGQXJVNM52Q2NCVZE.jpg 768w, https:\/\/revistaronda.net\/wp-content\/uploads\/2021\/02\/56H3AMEUYBGQXJVNM52Q2NCVZE-300x169.jpg 300w\" src=\"https:\/\/revistaronda.net\/wp-content\/uploads\/2021\/02\/56H3AMEUYBGQXJVNM52Q2NCVZE.jpg\" alt=\"\"><br><\/figcaption><\/figure>\n","protected":false},"excerpt":{"rendered":"<p>A trav\u00e9s de las redes sociales, el cantante argentino&nbsp;Leo Garc\u00eda&nbsp;solt\u00f3 el odio que siente por los hermanos&nbsp;Mau y Ricky, quienes se han posicionado en los \u00faltimos a\u00f1os en la industria musical por varios hits como:&nbsp;pap\u00e1s,&nbsp;Desconocidos&nbsp;o&nbsp;Mi mala, pero dichos \u00e9xitos parecen no importarle al rockero, pues en su cuenta de Twitter arremeti\u00f3 en contra de la [&hellip;]<\/p>\n","protected":false},"author":2,"featured_media":3929,"comment_status":"open","ping_status":"open","sticky":false,"template":"","format":"standard","meta":{"jnews-multi-image_gallery":[],"jnews_single_post":[],"jnews_primary_category":[],"jnews_social_meta":[],"jnews_review":[],"enable_review":"","type":"","name":"","summary":"","brand":"","sku":"","good":[],"bad":[],"score_override":"","override_value":"","rating":[],"price":[],"jnews_override_counter":[],"jnews_post_split":[],"footnotes":""},"categories":[50],"tags":[44,530,549,45],"class_list":["post-3928","post","type-post","status-publish","format-standard","has-post-thumbnail","hentry","category-entretenimiento","tag-argentina","tag-inform","tag-mau-y-ricky","tag-noticias"],"amp_enabled":true,"_links":{"self":[{"href":"https:\/\/esreviral.com\/index.php?rest_route=\/wp\/v2\/posts\/3928"}],"collection":[{"href":"https:\/\/esreviral.com\/index.php?rest_route=\/wp\/v2\/posts"}],"about":[{"href":"https:\/\/esreviral.com\/index.php?rest_route=\/wp\/v2\/types\/post"}],"author":[{"embeddable":true,"href":"https:\/\/esreviral.com\/index.php?rest_route=\/wp\/v2\/users\/2"}],"replies":[{"embeddable":true,"href":"https:\/\/esreviral.com\/index.php?rest_route=%2Fwp%2Fv2%2Fcomments&post=3928"}],"version-history":[{"count":0,"href":"https:\/\/esreviral.com\/index.php?rest_route=\/wp\/v2\/posts\/3928\/revisions"}],"wp:featuredmedia":[{"embeddable":true,"href":"https:\/\/esreviral.com\/index.php?rest_route=\/"}],"wp:attachment":[{"href":"https:\/\/esreviral.com\/index.php?rest_route=%2Fwp%2Fv2%2Fmedia&parent=3928"}],"wp:term":[{"taxonomy":"category","embeddable":true,"href":"https:\/\/esreviral.com\/index.php?rest_route=%2Fwp%2Fv2%2Fcategories&post=3928"},{"taxonomy":"post_tag","embeddable":true,"href":"https:\/\/esreviral.com\/index.php?rest_route=%2Fwp%2Fv2%2Ftags&post=3928"}],"curies":[{"name":"wp","href":"https:\/\/api.w.org\/{rel}","templated":true}]}}