{"id":39187,"date":"2023-07-12T07:05:44","date_gmt":"2023-07-12T12:05:44","guid":{"rendered":"https:\/\/esreviral.com\/?p=39187"},"modified":"2023-07-12T07:05:45","modified_gmt":"2023-07-12T12:05:45","slug":"por-sufrir-bullying-un-colegio-tendra-que-indemnizar-a-una-joven","status":"publish","type":"post","link":"https:\/\/esreviral.com\/?p=39187","title":{"rendered":"Por su\u00adfrir bull\u00adying, un co\u00adle\u00adgio ten\u00addr\u00e1 que in\u00addem\u00adni\u00adzar a una jo\u00adven"},"content":{"rendered":"\n<p>Un tribunal resolvi\u00f3 condenar a una<strong> instituci\u00f3n educativa privada de Mar del Plata<\/strong>, Argentina, a dar un resarcimiento de casi $6,5 millones m\u00e1s intereses a una alumna que, seg\u00fan la prueba relevada durante el desarrollo de la investigaci\u00f3n,<strong> sufri\u00f3 trastornos cl\u00ednicos y psicol\u00f3gicos como consecuencia de acciones de bullying <\/strong>que durante <strong>casi tres a\u00f1os sufri\u00f3 de sus compa\u00f1eras de aula<\/strong> sin que <strong>los responsables docentes y directivos pusieran freno a la situaci\u00f3n<\/strong>.<\/p>\n\n\n\n<p><br>Los hechos datan del 30 de octubre de 2017, cuando el padre de la menor advirti\u00f3 a la conducci\u00f3n del establecimiento que su hija tuvo que ser internada como consecuencia de \u201cun pico de estr\u00e9s\u201d derivado de \u201cproblemas que tiene con sus compa\u00f1eros de curso\u201d. As\u00ed se lo hizo saber al director, que entonces dijo desconocer problemas anteriores con la alumna, pero una preceptora lo contradijo al recordar episodios de tensi\u00f3n con ese grupo.<\/p>\n\n\n\n<p><br>Para entonces, la adolescente hab\u00eda sido atendida en el<strong> Hospital Interzonal General de Agudos por cuadros de epilepsia<\/strong> y, seg\u00fan rese\u00f1an los jueces, los profesionales que la atendieron dejaron constancia en la historia cl\u00ednica de su referencia a \u201cproblemas con compa\u00f1eros de colegio esos d\u00edas\u201d.<\/p>\n\n\n\n<p>El fallo corresponde a la Sala Segunda de la C\u00e1mara de Apelaciones en lo Civil y Comercial que integran Ricardo Monterisi, Roberto Loustanau y Alfredo M\u00e9ndez, instancia en la que intervienen tras una primera resoluci\u00f3n del Juzgado en lo Civil y Comercial N\u00b010, a cargo de Mariana Tonto de Bessone, en la que se conden\u00f3 al colegio a pagar una suma de $1.604.787 en concepto de da\u00f1os y perjuicios.<\/p>\n\n\n\n<p><strong>Los problemas denunciados comenzaron cuando la damnificada cursaba cuarto a\u00f1o y se extendieron hasta fin del ciclo secundario.&nbsp;<\/strong>Convulsiones y epilepsia fueron, seg\u00fan la intervenci\u00f3n de peritos, las consecuencias del acoso y maltrato en ese \u00e1mbito escolar.<\/p>\n\n\n\n<p><strong><mark style=\"background-color:rgba(0, 0, 0, 0)\" class=\"has-inline-color has-vivid-red-color\">Sin antecedentes cl\u00ednicos previos<\/mark><\/strong><\/p>\n\n\n\n<p>\u201c<strong>Antes del hostigamiento escolar no hab\u00eda ning\u00fan antecedente que d\u00e9 cuenta de la epilepsia que luego devino en cr\u00f3nica e incurable<\/strong>\u201d, se cita en el fallo. La opini\u00f3n del neur\u00f3logo que atendi\u00f3 a la v\u00edctima, el profesional que realiz\u00f3 el peritaje neurol\u00f3gico y la psic\u00f3loga que hizo el suyo sobre el caso coincidieron en que situaciones de estr\u00e9s como el derivado del bullying pueden provocar estos episodios de epilepsia.<\/p>\n\n\n\n<p>Los jueces advierten que la parte demandada, como responsables de una entidad educativa, deb\u00edan \u201cconocer las potenciales consecuencias ps\u00edquicas y f\u00edsicas que un alumno puede sufrir a causa del bullying\u201d.<\/p>\n\n\n\n<p>A criterio de la Justicia,&nbsp;<strong>la epilepsia cr\u00f3nica se considera como un 15% de discapacidad.<\/strong>&nbsp;La jueza de primera instancia dividi\u00f3 por dos ese porcentaje. Pero el tribunal superior lo mantuvo completo y estima incrementos futuros en funci\u00f3n de \u201cprobabilidad de progreso laboral de la actora\u201d.<\/p>\n\n\n\n<p>Los jueces llegan a establecer una indemnizaci\u00f3n por perjuicio de $3.178.847,98 m\u00e1s un 10%, lo que arroja una suma final de $3.496.842,78. Y establece tambi\u00e9n que<strong>&nbsp;la aseguradora, que hab\u00eda deslindado responsabilidad frente al caso y el cuadro cl\u00ednico que sustent\u00f3 el reclamo, deber\u00e1 responder de manera concurrente con la firma demandada<\/strong>.<\/p>\n\n\n\n<p>\u201cLa responsabilidad del establecimiento educativo comprende al da\u00f1o sufrido y el causado por los alumnos durante la actividad escolar\u201d, concluye el tribunal. As\u00ed es que, por \u00faltimo, fijan en $3.199.999 la suma establecida para compensar el da\u00f1o moral sufrido por la entonces adolescente, hoy mayor de edad.<\/p>\n\n\n\n<p class=\"has-text-align-right\"><strong><em>LN.-<\/em><\/strong><\/p>\n","protected":false},"excerpt":{"rendered":"<p>El padre de la joven, hoy mayor de edad, demand\u00f3 a una instituci\u00f3n educativa de Mar del Plata por los trastornos cl\u00ednicos y psicol\u00f3gicos que afectaron a su hija por el acoso de casi tres a\u00f1os que la entonces adolescente sufri\u00f3 de parte de sus compa\u00f1eras de aula<\/p>\n","protected":false},"author":3,"featured_media":39188,"comment_status":"open","ping_status":"closed","sticky":false,"template":"","format":"standard","meta":{"jnews-multi-image_gallery":[],"jnews_single_post":{"subtitle":"","format":"standard","video":"","gallery":"","source_name":"","source_url":"","via_name":"","via_url":"","override_template":"0","override":[{"template":"4","single_blog_custom":"","parallax":"1","fullscreen":"1","layout":"right-sidebar","sidebar":"default-sidebar","second_sidebar":"default-sidebar","sticky_sidebar":"1","share_position":"top","share_float_style":"share-monocrhome","show_share_counter":"1","show_view_counter":"1","show_featured":"1","show_post_meta":"1","show_post_author":"1","show_post_author_image":"1","show_post_date":"1","post_date_format":"default","post_date_format_custom":"Y\/m\/d","show_post_category":"1","show_post_reading_time":"1","post_reading_time_wpm":"300","show_zoom_button":"1","zoom_button_out_step":"2","zoom_button_in_step":"3","show_post_tag":"1","show_prev_next_post":"1","show_popup_post":"1","number_popup_post":"1","show_author_box":"1","show_post_related":"1","show_inline_post_related":"0"}],"override_image_size":"0","image_override":[{"single_post_thumbnail_size":"crop-500","single_post_gallery_size":"crop-500"}],"trending_post":"0","trending_post_position":"meta","trending_post_label":"Trending","sponsored_post":"0","sponsored_post_label":"Sponsored by","sponsored_post_name":"","sponsored_post_url":"","sponsored_post_logo_enable":"0","sponsored_post_logo":"","sponsored_post_desc":"","disable_ad":"0"},"jnews_primary_category":{"id":"","hide":""},"jnews_social_meta":{"fb_title":"","fb_description":"","fb_image":"","twitter_title":"","twitter_description":"","twitter_image":""},"jnews_review":[],"enable_review":"0","type":"percentage","name":"","summary":"","brand":"","sku":"","good":[{"good_text":""}],"bad":[{"bad_text":""}],"score_override":"","override_value":"","rating":[{"rating_text":"","rating_number":"10"}],"price":[{"shop":"","price":"","link":"","icon":""}],"jnews_override_counter":{"override_view_counter":"0","view_counter_number":"0","override_share_counter":"0","share_counter_number":"0","override_like_counter":"0","like_counter_number":"0","override_dislike_counter":"0","dislike_counter_number":"0"},"jnews_post_split":{"enable_post_split":"0","post_split":[{"template":"1","tag":"h2","numbering":"asc","mode":"normal","first":"0","enable_toc":"0","toc_type":"normal"}]},"footnotes":""},"categories":[58],"tags":[44,10667,11265,11264,1043,45,11263],"class_list":["post-39187","post","type-post","status-publish","format-standard","has-post-thumbnail","hentry","category-argentina","tag-argentina","tag-educacion-2","tag-institucion-educativa","tag-instituto-galileo-galilei","tag-mar-del-plata","tag-noticias","tag-victima-de-bullying"],"amp_enabled":true,"_links":{"self":[{"href":"https:\/\/esreviral.com\/index.php?rest_route=\/wp\/v2\/posts\/39187"}],"collection":[{"href":"https:\/\/esreviral.com\/index.php?rest_route=\/wp\/v2\/posts"}],"about":[{"href":"https:\/\/esreviral.com\/index.php?rest_route=\/wp\/v2\/types\/post"}],"author":[{"embeddable":true,"href":"https:\/\/esreviral.com\/index.php?rest_route=\/wp\/v2\/users\/3"}],"replies":[{"embeddable":true,"href":"https:\/\/esreviral.com\/index.php?rest_route=%2Fwp%2Fv2%2Fcomments&post=39187"}],"version-history":[{"count":0,"href":"https:\/\/esreviral.com\/index.php?rest_route=\/wp\/v2\/posts\/39187\/revisions"}],"wp:featuredmedia":[{"embeddable":true,"href":"https:\/\/esreviral.com\/index.php?rest_route=\/wp\/v2\/media\/39188"}],"wp:attachment":[{"href":"https:\/\/esreviral.com\/index.php?rest_route=%2Fwp%2Fv2%2Fmedia&parent=39187"}],"wp:term":[{"taxonomy":"category","embeddable":true,"href":"https:\/\/esreviral.com\/index.php?rest_route=%2Fwp%2Fv2%2Fcategories&post=39187"},{"taxonomy":"post_tag","embeddable":true,"href":"https:\/\/esreviral.com\/index.php?rest_route=%2Fwp%2Fv2%2Ftags&post=39187"}],"curies":[{"name":"wp","href":"https:\/\/api.w.org\/{rel}","templated":true}]}}