{"id":39182,"date":"2023-07-11T17:45:12","date_gmt":"2023-07-11T22:45:12","guid":{"rendered":"https:\/\/esreviral.com\/?p=39182"},"modified":"2023-07-11T17:45:12","modified_gmt":"2023-07-11T22:45:12","slug":"una-turista-francesa-murio-atropellada-por-un-motociclista-en-palermo","status":"publish","type":"post","link":"https:\/\/esreviral.com\/?p=39182","title":{"rendered":"Una turista francesa muri\u00f3 atropellada por un motociclista en Palermo"},"content":{"rendered":"\n<p>Una\u00a0<strong>turista francesa\u00a0<\/strong>que llevaba pocas horas en la Argentina\u00a0<strong>muri\u00f3 este martes al ser atropellada por un motociclista en Palermo<\/strong>. El episodio ocurri\u00f3 a \u00faltima hora de la ma\u00f1ana, en el cruce de avenida C\u00f3rdoba y Bulnes.<\/p>\n\n\n\n<p>Intervino personal del SAME, que lleg\u00f3 de urgencia al lugar -en el l\u00edmite con Almagro- y constat\u00f3 la muerte de la mujer a causa del golpe.<\/p>\n\n\n\n<p>La mujer, que hab\u00eda llegado al pa\u00eds este fin de semana, fue embestida por el conductor de la moto cuando intentaba cruzar la avenida C\u00f3rdoba. El aviso lleg\u00f3 a la Polic\u00eda de la Ciudad a las 11:35. Personal de la Comisar\u00eda Vecinal 14 A se traslad\u00f3 a la esquina del incidente vial. All\u00ed encontraron a la turista francesa sobre el asfalto y a la moto tambi\u00e9n tendida en la avenida.<\/p>\n\n\n\n<p>Junto a ella se encontraba su hijo, a quien la mujer hab\u00eda venido a visitar. El joven, de 22 a\u00f1os de edad, sufri\u00f3 un colapso nervioso tras el accidente.<\/p>\n\n\n\n<figure class=\"wp-block-image size-full\"><img fetchpriority=\"high\" decoding=\"async\" width=\"720\" height=\"345\" src=\"https:\/\/esreviral.com\/wp-content\/uploads\/2023\/07\/AnyConv.com__Zn3gzji0V_720x0__1.webp\" alt=\"\" class=\"wp-image-39183\" srcset=\"https:\/\/esreviral.com\/wp-content\/uploads\/2023\/07\/AnyConv.com__Zn3gzji0V_720x0__1.webp 720w, https:\/\/esreviral.com\/wp-content\/uploads\/2023\/07\/AnyConv.com__Zn3gzji0V_720x0__1-300x144.webp 300w\" sizes=\"(max-width: 720px) 100vw, 720px\" \/><\/figure>\n\n\n\n<p><\/p>\n\n\n\n<p>El Juzgado Nacional en lo Criminal y Correccional N\u00b0 12, a cargo de la doctora Elizabeth Paisan, que dispuso implementar protocolo de Criminal\u00edstica e iniciar<strong>&nbsp;investigaciones por \u00abhomicidio\u00bb<\/strong>. Seg\u00fan las primeras versiones, el veh\u00edculo avanz\u00f3 con el sem\u00e1foro en verde.<\/p>\n\n\n\n<p>El tr\u00e1nsito estuvo cortado de manera parcial en ambas calles. Pasadas las 15, el tr\u00e1nsito volvi\u00f3 a la normalidad.<\/p>\n\n\n\n<p><strong><mark style=\"background-color:rgba(0, 0, 0, 0)\" class=\"has-inline-color has-vivid-red-color\">Atropellaron y mataron a un peat\u00f3n y huyeron a pie<\/mark><\/strong><\/p>\n\n\n\n<p>Este mismo martes, un hombre muri\u00f3 en otro incidente vial, ocurrido en Balvanera. Una pareja que se trasladaba en auto\u00a0atropell\u00f3 a una persona de 45 a\u00f1os, que estaba en situaci\u00f3n de calle.<\/p>\n\n\n\n<p>Tras el accidente, la mujer y el hombre se bajaron de la camioneta Hyundai Tucson y huyeron a pie. Dentro del veh\u00edculo dejaron un arma de fuego. La pareja sigue pr\u00f3fuga y tratan de identificarlas con las im\u00e1genes de c\u00e1maras de seguridad.<\/p>\n\n\n\n<p>Sucedi\u00f3 en la intersecci\u00f3n de Pichincha y Venezuela, adonde lleg\u00f3 personal de la Comisar\u00eda Vecinal 3 C. All\u00ed encontr\u00f3 el cuerpo del hombre, que ya estaba muerto.<\/p>\n\n\n<div class=\"wp-block-image\">\n<figure class=\"aligncenter size-large\"><img decoding=\"async\" width=\"576\" height=\"1024\" src=\"https:\/\/esreviral.com\/wp-content\/uploads\/2023\/07\/AnyConv.com__Qmj34FwLq_720x0__1-576x1024.webp\" alt=\"\" class=\"wp-image-39184\" srcset=\"https:\/\/esreviral.com\/wp-content\/uploads\/2023\/07\/AnyConv.com__Qmj34FwLq_720x0__1-576x1024.webp 576w, https:\/\/esreviral.com\/wp-content\/uploads\/2023\/07\/AnyConv.com__Qmj34FwLq_720x0__1-169x300.webp 169w, https:\/\/esreviral.com\/wp-content\/uploads\/2023\/07\/AnyConv.com__Qmj34FwLq_720x0__1.webp 720w\" sizes=\"(max-width: 576px) 100vw, 576px\" \/><\/figure><\/div>\n\n\n<p><\/p>\n\n\n\n<p>Seg\u00fan el testimonio de un agente de prevenci\u00f3n, una camioneta Tucson que circulaba por Matheu y gir\u00f3 en la calle M\u00e9xico choc\u00f3 con un Volkswagen Fox que estaba estacionado. Esa Hyundai, que llevaba marcas de la embestida en el parabrisas, ser\u00eda el veh\u00edculo con el que atropellaron al hombre de 45 a\u00f1os.<\/p>\n\n\n\n<p>El auto qued\u00f3 abandonado en M\u00e9xico al 2.300. Como muestran los registros de video, la mujer se desprendi\u00f3 de un buzo negro en su huida. En tanto, la Polic\u00eda hall\u00f3 en el interior del auto una pistola Bersa 380. El coche ser\u00eda robado.<\/p>\n\n\n\n<p class=\"has-text-align-right\"><strong><em>Clarin.-<\/em><\/strong><\/p>\n","protected":false},"excerpt":{"rendered":"<p>Ocurri\u00f3 en C\u00f3rdoba y Bulnes. La mujer, de 51 a\u00f1os, hab\u00eda llegado a la Argentina este fin de semana.<\/p>\n","protected":false},"author":3,"featured_media":39185,"comment_status":"open","ping_status":"closed","sticky":false,"template":"","format":"standard","meta":{"jnews-multi-image_gallery":[],"jnews_single_post":{"subtitle":"","format":"standard","video":"","gallery":"","source_name":"","source_url":"","via_name":"","via_url":"","override_template":"0","override":[{"template":"4","single_blog_custom":"","parallax":"1","fullscreen":"1","layout":"right-sidebar","sidebar":"default-sidebar","second_sidebar":"default-sidebar","sticky_sidebar":"1","share_position":"top","share_float_style":"share-monocrhome","show_share_counter":"1","show_view_counter":"1","show_featured":"1","show_post_meta":"1","show_post_author":"1","show_post_author_image":"1","show_post_date":"1","post_date_format":"default","post_date_format_custom":"Y\/m\/d","show_post_category":"1","show_post_reading_time":"1","post_reading_time_wpm":"300","show_zoom_button":"1","zoom_button_out_step":"2","zoom_button_in_step":"3","show_post_tag":"1","show_prev_next_post":"1","show_popup_post":"1","number_popup_post":"1","show_author_box":"1","show_post_related":"1","show_inline_post_related":"0"}],"override_image_size":"0","image_override":[{"single_post_thumbnail_size":"crop-500","single_post_gallery_size":"crop-500"}],"trending_post":"0","trending_post_position":"meta","trending_post_label":"Trending","sponsored_post":"0","sponsored_post_label":"Sponsored by","sponsored_post_name":"","sponsored_post_url":"","sponsored_post_logo_enable":"0","sponsored_post_logo":"","sponsored_post_desc":"","disable_ad":"0"},"jnews_primary_category":{"id":"","hide":""},"jnews_social_meta":{"fb_title":"","fb_description":"","fb_image":"","twitter_title":"","twitter_description":"","twitter_image":""},"jnews_review":[],"enable_review":"0","type":"percentage","name":"","summary":"","brand":"","sku":"","good":[{"good_text":""}],"bad":[{"bad_text":""}],"score_override":"","override_value":"","rating":[{"rating_text":"","rating_number":"10"}],"price":[{"shop":"","price":"","link":"","icon":""}],"jnews_override_counter":{"override_view_counter":"0","view_counter_number":"0","override_share_counter":"0","share_counter_number":"0","override_like_counter":"0","like_counter_number":"0","override_dislike_counter":"0","dislike_counter_number":"0"},"jnews_post_split":{"enable_post_split":"0","post_split":[{"template":"1","tag":"h2","numbering":"asc","mode":"normal","first":"0","enable_toc":"0","toc_type":"normal"}]},"footnotes":""},"categories":[58,64],"tags":[3651,44,8005,45,784,332,11262],"class_list":["post-39182","post","type-post","status-publish","format-standard","has-post-thumbnail","hentry","category-argentina","category-sucesos","tag-accidentes-de-transito","tag-argentina","tag-motociclista","tag-noticias","tag-palermo","tag-turismo","tag-turista-francesa"],"amp_enabled":true,"_links":{"self":[{"href":"https:\/\/esreviral.com\/index.php?rest_route=\/wp\/v2\/posts\/39182"}],"collection":[{"href":"https:\/\/esreviral.com\/index.php?rest_route=\/wp\/v2\/posts"}],"about":[{"href":"https:\/\/esreviral.com\/index.php?rest_route=\/wp\/v2\/types\/post"}],"author":[{"embeddable":true,"href":"https:\/\/esreviral.com\/index.php?rest_route=\/wp\/v2\/users\/3"}],"replies":[{"embeddable":true,"href":"https:\/\/esreviral.com\/index.php?rest_route=%2Fwp%2Fv2%2Fcomments&post=39182"}],"version-history":[{"count":0,"href":"https:\/\/esreviral.com\/index.php?rest_route=\/wp\/v2\/posts\/39182\/revisions"}],"wp:featuredmedia":[{"embeddable":true,"href":"https:\/\/esreviral.com\/index.php?rest_route=\/wp\/v2\/media\/39185"}],"wp:attachment":[{"href":"https:\/\/esreviral.com\/index.php?rest_route=%2Fwp%2Fv2%2Fmedia&parent=39182"}],"wp:term":[{"taxonomy":"category","embeddable":true,"href":"https:\/\/esreviral.com\/index.php?rest_route=%2Fwp%2Fv2%2Fcategories&post=39182"},{"taxonomy":"post_tag","embeddable":true,"href":"https:\/\/esreviral.com\/index.php?rest_route=%2Fwp%2Fv2%2Ftags&post=39182"}],"curies":[{"name":"wp","href":"https:\/\/api.w.org\/{rel}","templated":true}]}}