{"id":39013,"date":"2023-07-08T11:05:54","date_gmt":"2023-07-08T16:05:54","guid":{"rendered":"https:\/\/esreviral.com\/?p=39013"},"modified":"2023-07-08T11:05:56","modified_gmt":"2023-07-08T16:05:56","slug":"mas-de-nueve-mil-venezolanos-en-argentina-han-actualizado-sus-datos-para-las-primarias","status":"publish","type":"post","link":"https:\/\/esreviral.com\/?p=39013","title":{"rendered":"M\u00e1s de nueve mil venezolanos en Argentina han actualizado sus datos para las primarias"},"content":{"rendered":"\n<p>De los casi 200 mil venezolanos que hacen vida en Argentina,  poco <strong>m\u00e1s de nueve mil actualizaron sus datos<\/strong> para participar en el proceso de primarias que se realizar\u00e1 el pr\u00f3ximo mes de octubre. <\/p>\n\n\n\n<p>A tan s\u00f3lo horas del cierre, seg\u00fan cifras oficiales, <strong>8449 se verificaron en Buenos Aires mientras 861 lo hicieron por C\u00f3rdoba capital.<\/strong> Cabe destacar que en cada ciudad deb\u00edan haber por lo menos inscritas unas 300 personas, por lo que hasta ahora en algunas ciudades o pa\u00edses o se hab\u00eda alcanzado la cifra, por ejemplo en Aruba, en La Paz, Sydney, R\u00edo de janeiro, Ipales, Guatemala, Israel, Irlanda, Palermo en Italia, Oslo, entre otras. <\/p>\n\n\n\n<p>En total <strong>m\u00e1s de 180 mil venezolanos en el exterior <\/strong>ya actualizaron sus datos para votar en las primarias opositoras. As\u00ed lo inform\u00f3 Eduardo Battistini, presidente de Primero Justicia en el exterior.<\/p>\n\n\n\n<p><strong>Este domingo 9 de julio vence el lapso designado por la Comisi\u00f3n Nacional de Primari<\/strong>a (CNP) para la actualizaci\u00f3n de datos de venezolanos en el exterior.<\/p>\n\n\n\n<p>Recuerda que para inscribirte, s\u00f3lo debes ingresar a <a href=\"http:\/\/www.primariaexteriorve.com\">www.primariaexteriorve.com<\/a><\/p>\n\n\n\n<figure class=\"wp-block-image size-large\"><img fetchpriority=\"high\" decoding=\"async\" width=\"805\" height=\"1024\" src=\"https:\/\/esreviral.com\/wp-content\/uploads\/2023\/07\/pantalla-2023-07-08-a-la-s-12-54-53-805x1024.webp\" alt=\"\" class=\"wp-image-39014\" srcset=\"https:\/\/esreviral.com\/wp-content\/uploads\/2023\/07\/pantalla-2023-07-08-a-la-s-12-54-53-805x1024.webp 805w, https:\/\/esreviral.com\/wp-content\/uploads\/2023\/07\/pantalla-2023-07-08-a-la-s-12-54-53-236x300.webp 236w, https:\/\/esreviral.com\/wp-content\/uploads\/2023\/07\/pantalla-2023-07-08-a-la-s-12-54-53-768x976.webp 768w, https:\/\/esreviral.com\/wp-content\/uploads\/2023\/07\/pantalla-2023-07-08-a-la-s-12-54-53-1208x1536.webp 1208w, https:\/\/esreviral.com\/wp-content\/uploads\/2023\/07\/pantalla-2023-07-08-a-la-s-12-54-53-750x954.webp 750w, https:\/\/esreviral.com\/wp-content\/uploads\/2023\/07\/pantalla-2023-07-08-a-la-s-12-54-53-1140x1449.webp 1140w, https:\/\/esreviral.com\/wp-content\/uploads\/2023\/07\/pantalla-2023-07-08-a-la-s-12-54-53.webp 1474w\" sizes=\"(max-width: 805px) 100vw, 805px\" \/><\/figure>\n\n\n\n<figure class=\"wp-block-image size-large\"><img decoding=\"async\" width=\"881\" height=\"1024\" src=\"https:\/\/esreviral.com\/wp-content\/uploads\/2023\/07\/pantalla-2023-07-08-a-la-s-12-55-04-881x1024.webp\" alt=\"\" class=\"wp-image-39015\" srcset=\"https:\/\/esreviral.com\/wp-content\/uploads\/2023\/07\/pantalla-2023-07-08-a-la-s-12-55-04-881x1024.webp 881w, https:\/\/esreviral.com\/wp-content\/uploads\/2023\/07\/pantalla-2023-07-08-a-la-s-12-55-04-258x300.webp 258w, https:\/\/esreviral.com\/wp-content\/uploads\/2023\/07\/pantalla-2023-07-08-a-la-s-12-55-04-768x893.webp 768w, https:\/\/esreviral.com\/wp-content\/uploads\/2023\/07\/pantalla-2023-07-08-a-la-s-12-55-04-1321x1536.webp 1321w, https:\/\/esreviral.com\/wp-content\/uploads\/2023\/07\/pantalla-2023-07-08-a-la-s-12-55-04-750x872.webp 750w, https:\/\/esreviral.com\/wp-content\/uploads\/2023\/07\/pantalla-2023-07-08-a-la-s-12-55-04-1140x1325.webp 1140w, https:\/\/esreviral.com\/wp-content\/uploads\/2023\/07\/pantalla-2023-07-08-a-la-s-12-55-04.webp 1464w\" sizes=\"(max-width: 881px) 100vw, 881px\" \/><\/figure>\n","protected":false},"excerpt":{"rendered":"<p>De los casi 200 mil venezolanos que hacen vida en Argentina, poco m\u00e1s de nueve mil actualizaron sus datos para participar en el proceso de primarias que se realizar\u00e1 el pr\u00f3ximo mes de octubre. A tan s\u00f3lo horas del cierre, seg\u00fan cifras oficiales, 8449 se verificaron en Buenos Aires mientras 861 lo hicieron por C\u00f3rdoba [&hellip;]<\/p>\n","protected":false},"author":2,"featured_media":39016,"comment_status":"open","ping_status":"closed","sticky":false,"template":"","format":"standard","meta":{"jnews-multi-image_gallery":[],"jnews_single_post":{"subtitle":"","format":"standard","video":"","gallery":"","source_name":"","source_url":"","via_name":"","via_url":"","override_template":"0","override":[{"template":"4","single_blog_custom":"","parallax":"1","fullscreen":"1","layout":"right-sidebar","sidebar":"default-sidebar","second_sidebar":"default-sidebar","sticky_sidebar":"1","share_position":"top","share_float_style":"share-monocrhome","show_share_counter":"1","show_view_counter":"1","show_featured":"1","show_post_meta":"1","show_post_author":"1","show_post_author_image":"1","show_post_date":"1","post_date_format":"default","post_date_format_custom":"Y\/m\/d","show_post_category":"1","show_post_reading_time":"1","post_reading_time_wpm":"300","show_zoom_button":"1","zoom_button_out_step":"2","zoom_button_in_step":"3","show_post_tag":"1","show_prev_next_post":"1","show_popup_post":"1","number_popup_post":"1","show_author_box":"1","show_post_related":"1","show_inline_post_related":"0"}],"override_image_size":"0","image_override":[{"single_post_thumbnail_size":"crop-500","single_post_gallery_size":"crop-500"}],"trending_post":"0","trending_post_position":"meta","trending_post_label":"Trending","sponsored_post":"0","sponsored_post_label":"Sponsored by","sponsored_post_name":"","sponsored_post_url":"","sponsored_post_logo_enable":"0","sponsored_post_logo":"","sponsored_post_desc":"","disable_ad":"0"},"jnews_primary_category":{"id":"","hide":""},"jnews_social_meta":{"fb_title":"","fb_description":"","fb_image":"","twitter_title":"","twitter_description":"","twitter_image":""},"jnews_review":[],"enable_review":"0","type":"percentage","name":"","summary":"","brand":"","sku":"","good":[{"good_text":""}],"bad":[{"bad_text":""}],"score_override":"","override_value":"","rating":[{"rating_text":"","rating_number":"10"}],"price":[{"shop":"","price":"","link":"","icon":""}],"jnews_override_counter":{"override_view_counter":"0","view_counter_number":"0","override_share_counter":"0","share_counter_number":"0","override_like_counter":"0","like_counter_number":"0","override_dislike_counter":"0","dislike_counter_number":"0"},"jnews_post_split":{"enable_post_split":"0","post_split":[{"template":"1","tag":"h2","numbering":"asc","mode":"normal","first":"0","enable_toc":"0","toc_type":"normal"}]},"footnotes":""},"categories":[59,5892],"tags":[44,45,67],"class_list":["post-39013","post","type-post","status-publish","format-standard","has-post-thumbnail","hentry","category-politica","category-venezolanos-en-argentina","tag-argentina","tag-noticias","tag-venezolanos-en-argentina"],"_links":{"self":[{"href":"https:\/\/esreviral.com\/index.php?rest_route=\/wp\/v2\/posts\/39013","targetHints":{"allow":["GET"]}}],"collection":[{"href":"https:\/\/esreviral.com\/index.php?rest_route=\/wp\/v2\/posts"}],"about":[{"href":"https:\/\/esreviral.com\/index.php?rest_route=\/wp\/v2\/types\/post"}],"author":[{"embeddable":true,"href":"https:\/\/esreviral.com\/index.php?rest_route=\/wp\/v2\/users\/2"}],"replies":[{"embeddable":true,"href":"https:\/\/esreviral.com\/index.php?rest_route=%2Fwp%2Fv2%2Fcomments&post=39013"}],"version-history":[{"count":0,"href":"https:\/\/esreviral.com\/index.php?rest_route=\/wp\/v2\/posts\/39013\/revisions"}],"wp:featuredmedia":[{"embeddable":true,"href":"https:\/\/esreviral.com\/index.php?rest_route=\/wp\/v2\/media\/39016"}],"wp:attachment":[{"href":"https:\/\/esreviral.com\/index.php?rest_route=%2Fwp%2Fv2%2Fmedia&parent=39013"}],"wp:term":[{"taxonomy":"category","embeddable":true,"href":"https:\/\/esreviral.com\/index.php?rest_route=%2Fwp%2Fv2%2Fcategories&post=39013"},{"taxonomy":"post_tag","embeddable":true,"href":"https:\/\/esreviral.com\/index.php?rest_route=%2Fwp%2Fv2%2Ftags&post=39013"}],"curies":[{"name":"wp","href":"https:\/\/api.w.org\/{rel}","templated":true}]}}