{"id":38949,"date":"2023-07-07T07:22:00","date_gmt":"2023-07-07T12:22:00","guid":{"rendered":"https:\/\/esreviral.com\/?p=38949"},"modified":"2023-07-07T07:22:01","modified_gmt":"2023-07-07T12:22:01","slug":"rige-el-paro-de-colectivos-convocado-por-la-uta-a-que-lineas-afecta-y-en-que-lugares","status":"publish","type":"post","link":"https:\/\/esreviral.com\/?p=38949","title":{"rendered":"Rige el paro de colectivos convocado por la UTA: a qu\u00e9 l\u00edneas afecta y en qu\u00e9 lugares"},"content":{"rendered":"\n<p>Este viernes comenz\u00f3 el<strong>\u00a0paro de colectivos\u00a0<\/strong>que afecta a distintos distritos del pa\u00eds, incluyendo al \u00c1rea Metropolitana de Buenos Aires (AMBA). La medida es llevada adelante por la\u00a0<strong>Uni\u00f3n Tranviarios Automotor\u00a0(UTA)<\/strong>\u00a0y afecta a aquellas l\u00edneas<strong>\u00a0\u00abque no cumplan con el pago del aumento salarial resuelto y acordado para trabajadoras y trabajadores\u00bb.<\/strong><\/p>\n\n\n\n<p>En un comunicado que vio la luz a la noche del jueves, el gremio dijo: \u00abHemos verificado el incumplimiento en determinadas empresas del AMBA, La Plata, Corrientes, Entre R\u00edos, Santa Fe, Formosa, Misiones y Tucum\u00e1n. Como expresamos, se proceder\u00e1 a la retenci\u00f3n de tareas en aquellas empresas que incumplan el pago del aumento salarial\u00bb.<\/p>\n\n\n\n<p>\u00abNo permitiremos a los grupos monop\u00f3licos que pretenden ejercer presi\u00f3n sobre las Autoridades Nacionales para obtener mayores recursos econ\u00f3micos, que generen su discusi\u00f3n en los espacios y las instancias adecuadas, y no utilicen a los trabajadores y a los usuarios como rehenes de sus pedidos sectoriales\u00bb,\u00a0aduce la UTA en el texto.<\/p>\n\n\n\n<p><strong><mark style=\"background-color:rgba(0, 0, 0, 0)\" class=\"has-inline-color has-vivid-red-color\">A qu\u00e9 distritos afecta el paro de colectivos<\/mark><\/strong><\/p>\n\n\n\n<ul class=\"wp-block-list\">\n<li>AMBA<\/li>\n\n\n\n<li>La Plata<\/li>\n\n\n\n<li>Corrientes<\/li>\n\n\n\n<li>Entre R\u00edos<\/li>\n\n\n\n<li>Santa Fe<\/li>\n\n\n\n<li>Formosa<\/li>\n\n\n\n<li>Misiones<\/li>\n\n\n\n<li>Tucum\u00e1n<\/li>\n<\/ul>\n\n\n\n<p><strong><mark style=\"background-color:rgba(0, 0, 0, 0)\" class=\"has-inline-color has-vivid-red-color\">A qu\u00e9 distritos no afecta el paro de colectivos<\/mark><\/strong><\/p>\n\n\n\n<ul class=\"wp-block-list\">\n<li>Bah\u00eda Blanca<\/li>\n\n\n\n<li>Catamarca<\/li>\n\n\n\n<li>Chaco<\/li>\n\n\n\n<li>La Rioja<\/li>\n\n\n\n<li>C\u00f3rdoba<\/li>\n\n\n\n<li>Comodoro Rivadavia<\/li>\n\n\n\n<li>Jujuy<\/li>\n\n\n\n<li>La Pampa<\/li>\n\n\n\n<li>Mar del Plata<\/li>\n\n\n\n<li>Mendoza<\/li>\n\n\n\n<li>Neuqu\u00e9n<\/li>\n\n\n\n<li>R\u00edo Negro<\/li>\n\n\n\n<li>Rosario<\/li>\n\n\n\n<li>Salta<\/li>\n\n\n\n<li>San Juan<\/li>\n\n\n\n<li>San Luis<\/li>\n\n\n\n<li>San Nicol\u00e1s de los Arroyos<\/li>\n\n\n\n<li>Santa Cruz<\/li>\n\n\n\n<li>Santiago del Estero<\/li>\n\n\n\n<li>Trelew.<\/li>\n<\/ul>\n\n\n\n<p><strong><mark style=\"background-color:rgba(0, 0, 0, 0)\" class=\"has-inline-color has-vivid-red-color\">Qu\u00e9 l\u00edneas paran este viernes<\/mark><\/strong><\/p>\n\n\n\n<p><strong>Las l\u00edneas afectadas en el AMBA son: 5 &#8211; 6 &#8211; 7 &#8211; 8 &#8211; 9 &#8211; 10 &#8211; 20 &#8211; 21 -23 &#8211; 24 &#8211; 25 &#8211; 28 &#8211; 31 &#8211; 44 &#8211; 50 &#8211; 51 &#8211; 56 &#8211; 57 &#8211; 74 &#8211; 76 &#8211; 79 &#8211; 84 &#8211; 91 &#8211; 99 &#8211; 101 &#8211; 106 &#8211; 107 &#8211; 108 &#8211; 117 &#8211; 130 &#8211; 135 &#8211; 146 &#8211; 150 &#8211; 161 &#8211; 164 &#8211; 168 &#8211; 177 y 188-256 &#8211; 263 &#8211; 271 &#8211; 299 &#8211; 370 &#8211; 384 &#8211; 385 &#8211; 388 &#8211; 403 &#8211; 405 &#8211; 421 &#8211; 429 &#8211; 435 &#8211; 503- 514- 520 y 570.<\/strong><\/p>\n\n\n\n<p>Los voceros dijeron que a las empresas \u00abse les deposit\u00f3 en las \u00faltimas horas\u00bb el dinero reclamado como compensaciones y para hacer frente a los aumentos salariales pactados en la \u00faltima ronda paritaria, pero \u00abest\u00e1n abonando los sueldos al valor anterior y est\u00e1n al l\u00edmite de la defraudaci\u00f3n\u00bb.<\/p>\n\n\n\n<p>Las fuentes oficiales dijeron que \u00abhay empresas que pagan y otras que no pagan\u00bb los aumentos correspondientes y admitieron que hay disparidad en ese sentido.<\/p>\n\n\n\n<p>Tampoco descartaron que sea una forma de \u00abpresi\u00f3n\u00bb de las compa\u00f1\u00edas que podr\u00edan pretender \u00abuna nueva estructura de costos y m\u00e1s margen de ganancias\u00bb, y destacaron que recientemente hubo un aumento de valor de los pasajes.<\/p>\n\n\n\n<figure class=\"wp-block-image size-full\"><img fetchpriority=\"high\" decoding=\"async\" width=\"730\" height=\"523\" src=\"https:\/\/esreviral.com\/wp-content\/uploads\/2023\/07\/colectivo-linea-70jpg.webp\" alt=\"\" class=\"wp-image-38950\" srcset=\"https:\/\/esreviral.com\/wp-content\/uploads\/2023\/07\/colectivo-linea-70jpg.webp 730w, https:\/\/esreviral.com\/wp-content\/uploads\/2023\/07\/colectivo-linea-70jpg-300x215.webp 300w, https:\/\/esreviral.com\/wp-content\/uploads\/2023\/07\/colectivo-linea-70jpg-120x86.webp 120w, https:\/\/esreviral.com\/wp-content\/uploads\/2023\/07\/colectivo-linea-70jpg-350x250.webp 350w\" sizes=\"(max-width: 730px) 100vw, 730px\" \/><\/figure>\n\n\n\n<p><\/p>\n\n\n\n<p><strong><mark style=\"background-color:rgba(0, 0, 0, 0)\" class=\"has-inline-color has-vivid-red-color\">Hasta qu\u00e9 hora dura el paro de colectivos<\/mark><\/strong><\/p>\n\n\n\n<p>Se estima que el cese de actividades en las l\u00edneas de colectivos<strong>&nbsp;tendr\u00e1 una extensi\u00f3n de 24 horas&nbsp;<\/strong>desde su comienzo, por lo que se levantar\u00e1 a las&nbsp;<strong>23.59 de este viernes<\/strong>. Sin embargo, algunos servicios pueden ser reestablecidos desde antes de la medianoche.<\/p>\n\n\n\n<p>El paro tendr\u00e1 una duraci\u00f3n de m\u00e1s de 24 horas en algunas zonas, ya que este jueves un numeroso grupo de l\u00edneas de colectivos que circulan por la Capital Federal y el Gran Buenos Aires&nbsp;<strong>paralizaron sorpresivamente sus actividades desde las 16&nbsp;<\/strong>y dejaron a millares de personas sin servicio, en el marco del conflicto de la Uni\u00f3n Tranviarios Automotor (UTA).<\/p>\n\n\n\n<p>Las l\u00edneas, alrededor de 180, pertenecen a la empresa DOTA y fuentes oficiales dijeron que se trata de<strong>&nbsp;\u00abun lock out patronal\u00bb<\/strong>.<\/p>\n\n\n\n<p><strong><mark style=\"background-color:rgba(0, 0, 0, 0)\" class=\"has-inline-color has-vivid-red-color\">Qu\u00e9 exige la UTA<\/mark><\/strong><\/p>\n\n\n\n<p>Si bien&nbsp;<strong>no se detall\u00f3 qu\u00e9 l\u00edneas cesar\u00e1n sus actividades<\/strong>&nbsp;durante la jornada del viernes, desde el sector se cree que puede tratarse de un paro total.<\/p>\n\n\n\n<p>La UTA exige en este contexto&nbsp;<strong>el cumplimiento de las resoluciones de ambas carteras y del acuerdo alcanzado con la Fatap<\/strong>. En caso de no acatar las disposiciones ministeriales, la organizaci\u00f3n llevar\u00e1 a cabo el paro desde el primer minuto del viernes.<\/p>\n\n\n\n<p>\u00abEn atenci\u00f3n a ello, informamos que exigiremos el cumplimiento tanto de la referida Resoluci\u00f3n Conjunta de Trabajo y Transporte, como del acuerdo alcanzado con la FATAP, con lo que, de no cumplirse con los referidos instrumentos por parte de las empresas obligadas, se proceder\u00e1 a\u00a0<strong>la retenci\u00f3n inmediata de tareas a partir de las 00 horas del d\u00eda Viernes 7 de julio\u00a0<\/strong>del corriente.\u00bb, concluye el comunicado oficial.<\/p>\n\n\n\n<figure class=\"wp-block-image size-full\"><img decoding=\"async\" width=\"690\" height=\"460\" src=\"https:\/\/esreviral.com\/wp-content\/uploads\/2023\/07\/colectivos.webp\" alt=\"\" class=\"wp-image-38951\" srcset=\"https:\/\/esreviral.com\/wp-content\/uploads\/2023\/07\/colectivos.webp 690w, https:\/\/esreviral.com\/wp-content\/uploads\/2023\/07\/colectivos-300x200.webp 300w\" sizes=\"(max-width: 690px) 100vw, 690px\" \/><\/figure>\n\n\n\n<p><\/p>\n\n\n\n<p><strong><mark style=\"background-color:rgba(0, 0, 0, 0)\" class=\"has-inline-color has-vivid-red-color\">El reclamo salarial de la UTA<\/mark><\/strong><\/p>\n\n\n\n<p>Las c\u00e1maras empresarias y el gremio hab\u00edan acordado que los choferes de colectivos que prestan servicios en el<strong>&nbsp;\u00c1rea Metropolitana de Buenos Aires (AMBA) y en el interior del pa\u00eds acceder\u00edan en julio a un nuevo b\u00e1sico salarial de $348.800.<\/strong><\/p>\n\n\n\n<p>El acuerdo salarial que es subsidiado con&nbsp;<strong>fondos de los ministerios de Transporte y Trabajo, Empleo y Seguridad Social<\/strong>&nbsp;estableci\u00f3 elevar el salario b\u00e1sico retroactivo a abril a&nbsp;<strong>$262.000<\/strong>&nbsp;y una suma fija no remunerativa y por \u00fanica vez de $32.000.<\/p>\n\n\n\n<p>En mayo el b\u00e1sico se estableci\u00f3 en 284.000 pesos, en junio en 320.000 pesos y en julio prev\u00e9 un piso de 348.800 pesos, mientras que en agosto ser\u00e1 de 380.192 pesos y en septiembre, de 414.409 pesos.<\/p>\n\n\n\n<p class=\"has-text-align-right\"><strong><em>ambito.com.-<\/em><\/strong><\/p>\n","protected":false},"excerpt":{"rendered":"<p>La medida de fuerza comenz\u00f3 a las 00 horas, tras un d\u00eda de febriles negociaciones. Entre los reclamos, el aumento salarial de los trabajadores.<\/p>\n","protected":false},"author":3,"featured_media":38952,"comment_status":"open","ping_status":"closed","sticky":false,"template":"","format":"standard","meta":{"jnews-multi-image_gallery":[],"jnews_single_post":{"subtitle":"","format":"standard","video":"","gallery":"","source_name":"","source_url":"","via_name":"","via_url":"","override_template":"0","override":[{"template":"4","single_blog_custom":"","parallax":"1","fullscreen":"1","layout":"right-sidebar","sidebar":"default-sidebar","second_sidebar":"default-sidebar","sticky_sidebar":"1","share_position":"top","share_float_style":"share-monocrhome","show_share_counter":"1","show_view_counter":"1","show_featured":"1","show_post_meta":"1","show_post_author":"1","show_post_author_image":"1","show_post_date":"1","post_date_format":"default","post_date_format_custom":"Y\/m\/d","show_post_category":"1","show_post_reading_time":"1","post_reading_time_wpm":"300","show_zoom_button":"1","zoom_button_out_step":"2","zoom_button_in_step":"3","show_post_tag":"1","show_prev_next_post":"1","show_popup_post":"1","number_popup_post":"1","show_author_box":"1","show_post_related":"1","show_inline_post_related":"0"}],"override_image_size":"0","image_override":[{"single_post_thumbnail_size":"crop-500","single_post_gallery_size":"crop-500"}],"trending_post":"0","trending_post_position":"meta","trending_post_label":"Trending","sponsored_post":"0","sponsored_post_label":"Sponsored by","sponsored_post_name":"","sponsored_post_url":"","sponsored_post_logo_enable":"0","sponsored_post_logo":"","sponsored_post_desc":"","disable_ad":"0"},"jnews_primary_category":{"id":"","hide":""},"jnews_social_meta":{"fb_title":"","fb_description":"","fb_image":"","twitter_title":"","twitter_description":"","twitter_image":""},"jnews_review":[],"enable_review":"0","type":"percentage","name":"","summary":"","brand":"","sku":"","good":[{"good_text":""}],"bad":[{"bad_text":""}],"score_override":"","override_value":"","rating":[{"rating_text":"","rating_number":"10"}],"price":[{"shop":"","price":"","link":"","icon":""}],"jnews_override_counter":{"override_view_counter":"0","view_counter_number":"0","override_share_counter":"0","share_counter_number":"0","override_like_counter":"0","like_counter_number":"0","override_dislike_counter":"0","dislike_counter_number":"0"},"jnews_post_split":{"enable_post_split":"0","post_split":[{"template":"1","tag":"h2","numbering":"asc","mode":"normal","first":"0","enable_toc":"0","toc_type":"normal"}]},"footnotes":""},"categories":[58],"tags":[44,45,3343,7961,274,3574],"class_list":["post-38949","post","type-post","status-publish","format-standard","has-post-thumbnail","hentry","category-argentina","tag-argentina","tag-noticias","tag-paro-de-colectivos","tag-reclamo-salarial","tag-transporte-publico","tag-uta"],"amp_enabled":true,"_links":{"self":[{"href":"https:\/\/esreviral.com\/index.php?rest_route=\/wp\/v2\/posts\/38949"}],"collection":[{"href":"https:\/\/esreviral.com\/index.php?rest_route=\/wp\/v2\/posts"}],"about":[{"href":"https:\/\/esreviral.com\/index.php?rest_route=\/wp\/v2\/types\/post"}],"author":[{"embeddable":true,"href":"https:\/\/esreviral.com\/index.php?rest_route=\/wp\/v2\/users\/3"}],"replies":[{"embeddable":true,"href":"https:\/\/esreviral.com\/index.php?rest_route=%2Fwp%2Fv2%2Fcomments&post=38949"}],"version-history":[{"count":0,"href":"https:\/\/esreviral.com\/index.php?rest_route=\/wp\/v2\/posts\/38949\/revisions"}],"wp:featuredmedia":[{"embeddable":true,"href":"https:\/\/esreviral.com\/index.php?rest_route=\/wp\/v2\/media\/38952"}],"wp:attachment":[{"href":"https:\/\/esreviral.com\/index.php?rest_route=%2Fwp%2Fv2%2Fmedia&parent=38949"}],"wp:term":[{"taxonomy":"category","embeddable":true,"href":"https:\/\/esreviral.com\/index.php?rest_route=%2Fwp%2Fv2%2Fcategories&post=38949"},{"taxonomy":"post_tag","embeddable":true,"href":"https:\/\/esreviral.com\/index.php?rest_route=%2Fwp%2Fv2%2Ftags&post=38949"}],"curies":[{"name":"wp","href":"https:\/\/api.w.org\/{rel}","templated":true}]}}