{"id":38942,"date":"2023-07-07T07:00:27","date_gmt":"2023-07-07T12:00:27","guid":{"rendered":"https:\/\/esreviral.com\/?p=38942"},"modified":"2023-07-07T07:00:28","modified_gmt":"2023-07-07T12:00:28","slug":"exgeneral-venezolano-confeso-haberle-entregado-armas-a-la-farc-por-orden-de-chavez","status":"publish","type":"post","link":"https:\/\/esreviral.com\/?p=38942","title":{"rendered":"Exgeneral venezolano confes\u00f3 haberle entregado armas a la FARC por orden de Ch\u00e1vez"},"content":{"rendered":"\n<p>El <strong>exgeneral venezolano Cl\u00edver Alcal\u00e1 <\/strong>admiti\u00f3 la semana pasada ante <strong>una corte en Nueva York<\/strong> que <strong>proporcion\u00f3 armamento pesado, incluyendo dos lanzagranadas, a Rodrigo Londo\u00f1o, tambi\u00e9n conocido como Timochenko y al\u00edas Iv\u00e1n M\u00e1rquez, antiguos miembros de la extinta guerrilla de las FARC-EP.<\/strong><\/p>\n\n\n\n<p>La revelaci\u00f3n se dio a conocer a trav\u00e9s de un trino del<strong> periodista Joshua Goodman <\/strong>de la Agencia AP, quien obtuvo la transcripci\u00f3n de una audiencia realizada el 30 de junio en la que <strong>Alcal\u00e1 se declar\u00f3 culpable de proveer apoyo material a las FARC<\/strong>, organizaci\u00f3n que en ese momento estaba designada como terrorista por Estados Unidos.<\/p>\n\n\n\n<p>Durante la audiencia, se le pregunt\u00f3 a Alcal\u00e1 si hab\u00eda entregado armas, incluyendo 20 granadas y dos lanzagranadas, a los l\u00edderes de las FARC. \u201cS\u00ed, se\u00f1or. Dos lanzagranadas 3.5\u2033, respondi\u00f3 el exgeneral. Luego se le pregunt\u00f3 si ambos lanzagranadas eran para Luciano Mar\u00edn (<strong>al\u00edas iv\u00e1n M\u00e1rquez<\/strong>), a lo que Alcal\u00e1 afirm\u00f3 que uno era para M\u00e1rquez y el otro para <strong>Timochenko<\/strong>.<\/p>\n\n\n\n<p>Londo\u00f1o se desmoviliz\u00f3 despu\u00e9s del acuerdo de paz de 2016 y actualmente es congresista por el partido Comunes. M\u00e1rquez, quien tambi\u00e9n abandon\u00f3 las armas, abandon\u00f3 el proceso de paz y se refugi\u00f3 en Venezuela, desde donde fund\u00f3 un nuevo grupo revolucionario.<\/p>\n\n\n\n<p><strong>Los hechos a los que Alcal\u00e1 se refiere ocurrieron a partir de 2006, cuando Hugo Ch\u00e1vez era presidente de Venezuela<\/strong>. Durante la audiencia, el exgeneral tambi\u00e9n admiti\u00f3 haber utilizado su poder para evitar el arresto de los l\u00edderes de las FARC y<strong> haberles brindado apoyo a sabiendas de que Estados Unidos los consideraba un grupo terrorista involucrado en el narcotr\u00e1fico.<\/strong><\/p>\n\n\n\n<p>Alcal\u00e1 se retir\u00f3 del Ej\u00e9rcito venezolano en 2013 y se convirti\u00f3 en un cr\u00edtico ac\u00e9rrimo del chavismo y del<strong> presidente Nicol\u00e1s Maduro.<\/strong> Sin embargo, en 2020 fue acusado, junto a Maduro y otros, de formar parte de<strong> una red de narcotraficantes que enviaba coca\u00edna a Estados Unidos<\/strong>.<\/p>\n\n\n\n<p>Ese mismo a\u00f1o, Alcal\u00e1 se entreg\u00f3 a la DEA en Colombia y desde entonces ha estado enfrentando el proceso judicial que finaliz\u00f3 la semana pasada. En su declaraci\u00f3n de culpabilidad,<strong>&nbsp;Alcal\u00e1 no admiti\u00f3 los cargos relacionados con el narcotr\u00e1fico,<\/strong>&nbsp;sino \u00fanicamente los relacionados con el apoyo a las FARC, alegando que lo hizo siguiendo las instrucciones de sus superiores.<\/p>\n\n\n\n<p>\u201cEl general Alcal\u00e1 acept\u00f3 un acuerdo de culpabilidad ampliamente negociado en el que se declar\u00f3 culpable de delitos menores no incluidos en la acusaci\u00f3n en su contra: brindar apoyo material a las FARC cuando era general venezolano.&nbsp;<strong>Esta resoluci\u00f3n no incluye ning\u00fan delito relacionado con narc\u00f3ticos\u201d, afirm\u00f3 en un comunicado el bufete de abogados que se encarg\u00f3 de su defensa.<\/strong><\/p>\n\n\n\n<p>Ahora, el acuerdo est\u00e1 en manos del juez, quien&nbsp;<strong>deber\u00e1 evaluarlo y determinar la sentencia correspondiente.<\/strong><\/p>\n\n\n\n<p><strong><mark style=\"background-color:rgba(0, 0, 0, 0)\" class=\"has-inline-color has-vivid-red-color\">Alerta por cartel de las disidencias de las Farc en el sur de Bogot\u00e1<\/mark><\/strong><\/p>\n\n\n\n<p>na tensa situaci\u00f3n est\u00e1 ocurriendo en la capital del pa\u00eds debido a una pancarta de un grupo narcoterrorista en pleno puente peatonal del sur de Bogot\u00e1, la comunidad est\u00e1 preocupada por la presunta presencia de la estructura criminal en la zona.<\/p>\n\n\n\n<p>Se trata de un cartel en homenaje a las disidencias de las Farc que fue colocado en el puente peatonal de la Av. Boyac\u00e1 con Calle 62 sur, localidad de Ciudad Bol\u00edvar, el cartel estar\u00eda celebrando la labor de una de las estructuras de la organizaci\u00f3n guerrillera.<\/p>\n\n\n\n<p>El mensaje del cartel alusivo al grupo narcoterrorista indicaba: \u201cFrente 53 de las Farc. Edison Roma\u00f1a. 59 a\u00f1os de lucha por la paz y los cambios\u201d.<\/p>\n\n\n\n<p>Las personas que transitaban por el puente peatonal cercano al Hospital Meissen tomaron registro f\u00edlmico de la pancarta extendida a plena luz del d\u00eda.<\/p>\n\n\n\n<p>En el lugar hicieron presencia agentes de la Polic\u00eda Metropolitana de Bogot\u00e1 y de la Secretar\u00eda de Seguridad, quienes&nbsp;<strong>retiraron el cartel y comenzaron la respectiva investigaci\u00f3n<\/strong>&nbsp;para establecer qui\u00e9nes extendieron la pancarta en las barandas del puente peatonal.<\/p>\n\n\n\n<p>Por su parte, los habitantes de la localidad de Ciudad Bol\u00edvar tienen miedo de que la estructura narcoguerrillera haga presencia en el territorio, tomando control de las econom\u00edas il\u00edcitas de los barrios cercanos y comenzando a reclutar menores de edad.<\/p>\n\n\n\n<p>De igual manera, en los perfiles que han subido las fotograf\u00edas y video de la pancarta han criticado contundentemente el desempe\u00f1o de la alcald\u00eda de Bogot\u00e1 y del Gobierno actual ya que aseguran que le estar\u00edan dando libertad de movimiento a las estructuras delincuenciales y terroristas.&nbsp;<strong>Las disidencias est\u00e9n teniendo presencia en el sur de Bogot\u00e1<\/strong>.<\/p>\n\n\n\n<p class=\"has-text-align-right\"><strong><em>Infobae.-<\/em><\/strong><\/p>\n","protected":false},"excerpt":{"rendered":"<p>El general venezolano retirado Cl\u00edver Alcal\u00e1 Cordones se entreg\u00f3 en Colombia a agentes de la DEA en marzo de 2020.<\/p>\n","protected":false},"author":3,"featured_media":38943,"comment_status":"open","ping_status":"closed","sticky":false,"template":"","format":"standard","meta":{"jnews-multi-image_gallery":[],"jnews_single_post":{"subtitle":"","format":"standard","video":"","gallery":"","source_name":"","source_url":"","via_name":"","via_url":"","override_template":"0","override":[{"template":"4","single_blog_custom":"","parallax":"1","fullscreen":"1","layout":"right-sidebar","sidebar":"default-sidebar","second_sidebar":"default-sidebar","sticky_sidebar":"1","share_position":"top","share_float_style":"share-monocrhome","show_share_counter":"1","show_view_counter":"1","show_featured":"1","show_post_meta":"1","show_post_author":"1","show_post_author_image":"1","show_post_date":"1","post_date_format":"default","post_date_format_custom":"Y\/m\/d","show_post_category":"1","show_post_reading_time":"1","post_reading_time_wpm":"300","show_zoom_button":"1","zoom_button_out_step":"2","zoom_button_in_step":"3","show_post_tag":"1","show_prev_next_post":"1","show_popup_post":"1","number_popup_post":"1","show_author_box":"1","show_post_related":"1","show_inline_post_related":"0"}],"override_image_size":"0","image_override":[{"single_post_thumbnail_size":"crop-500","single_post_gallery_size":"crop-500"}],"trending_post":"0","trending_post_position":"meta","trending_post_label":"Trending","sponsored_post":"0","sponsored_post_label":"Sponsored by","sponsored_post_name":"","sponsored_post_url":"","sponsored_post_logo_enable":"0","sponsored_post_logo":"","sponsored_post_desc":"","disable_ad":"0"},"jnews_primary_category":{"id":"","hide":""},"jnews_social_meta":{"fb_title":"","fb_description":"","fb_image":"","twitter_title":"","twitter_description":"","twitter_image":""},"jnews_review":[],"enable_review":"0","type":"percentage","name":"","summary":"","brand":"","sku":"","good":[{"good_text":""}],"bad":[{"bad_text":""}],"score_override":"","override_value":"","rating":[{"rating_text":"","rating_number":"10"}],"price":[{"shop":"","price":"","link":"","icon":""}],"jnews_override_counter":{"override_view_counter":"0","view_counter_number":"0","override_share_counter":"0","share_counter_number":"0","override_like_counter":"0","like_counter_number":"0","override_dislike_counter":"0","dislike_counter_number":"0"},"jnews_post_split":{"enable_post_split":"0","post_split":[{"template":"1","tag":"h2","numbering":"asc","mode":"normal","first":"0","enable_toc":"0","toc_type":"normal"}]},"footnotes":""},"categories":[59],"tags":[11132,11128,1006,11131,11130,45,11129,56],"class_list":["post-38942","post","type-post","status-publish","format-standard","has-post-thumbnail","hentry","category-politica","tag-armamento","tag-cliver-alcala","tag-hugo-chavez","tag-ivan-marquez","tag-material-a-las-farc","tag-noticias","tag-timochenko","tag-venezuela"],"amp_enabled":true,"_links":{"self":[{"href":"https:\/\/esreviral.com\/index.php?rest_route=\/wp\/v2\/posts\/38942"}],"collection":[{"href":"https:\/\/esreviral.com\/index.php?rest_route=\/wp\/v2\/posts"}],"about":[{"href":"https:\/\/esreviral.com\/index.php?rest_route=\/wp\/v2\/types\/post"}],"author":[{"embeddable":true,"href":"https:\/\/esreviral.com\/index.php?rest_route=\/wp\/v2\/users\/3"}],"replies":[{"embeddable":true,"href":"https:\/\/esreviral.com\/index.php?rest_route=%2Fwp%2Fv2%2Fcomments&post=38942"}],"version-history":[{"count":0,"href":"https:\/\/esreviral.com\/index.php?rest_route=\/wp\/v2\/posts\/38942\/revisions"}],"wp:featuredmedia":[{"embeddable":true,"href":"https:\/\/esreviral.com\/index.php?rest_route=\/wp\/v2\/media\/38943"}],"wp:attachment":[{"href":"https:\/\/esreviral.com\/index.php?rest_route=%2Fwp%2Fv2%2Fmedia&parent=38942"}],"wp:term":[{"taxonomy":"category","embeddable":true,"href":"https:\/\/esreviral.com\/index.php?rest_route=%2Fwp%2Fv2%2Fcategories&post=38942"},{"taxonomy":"post_tag","embeddable":true,"href":"https:\/\/esreviral.com\/index.php?rest_route=%2Fwp%2Fv2%2Ftags&post=38942"}],"curies":[{"name":"wp","href":"https:\/\/api.w.org\/{rel}","templated":true}]}}