{"id":38798,"date":"2023-07-04T15:12:23","date_gmt":"2023-07-04T20:12:23","guid":{"rendered":"https:\/\/esreviral.com\/?p=38798"},"modified":"2023-07-04T15:17:52","modified_gmt":"2023-07-04T20:17:52","slug":"alberto-fernandez-el-exilio-de-venezolanos-es-resultados-de-las-sanciones-economicas","status":"publish","type":"post","link":"https:\/\/esreviral.com\/?p=38798","title":{"rendered":"Alberto Fern\u00e1ndez: \u00abEl exilio de venezolanos es resultados de las sanciones econ\u00f3micas\u00bb"},"content":{"rendered":"\n<p><strong><em>CIS.-<\/em><\/strong> El presidente de Argentina, Alberto Fern\u00e1ndez culp\u00f3 a las sanciones econ\u00f3micas de presionar a los venezolanos y debido a eso inici\u00f3 el gran exilio que ha sufrido el pa\u00eds. <strong>\u00abLa cantidad de exiliados que Venezuela hoy tiene son el resultad de las sanciones econ\u00f3micas que Venezuela ha padecido\u00bb.<\/strong><\/p>\n\n\n\n<p>Estas declaraciones las hizo mientras traspasaba la presidencia pretempore del Mercosur a Brasil, en las manos del presidente Lula Da Silva. <\/p>\n\n\n\n<p><strong>\u00abDesde que asum\u00ed la presidencia Argentina dej\u00f3 el Grupo de Lima, por entender que no ser\u00eda la soluci\u00f3n al problema.<\/strong> Hemos sido parte del Grupo de Contacto para conseguir una salida hacia la democracia, cuando la ONU cuestion\u00f3 el tratamiento de DDHH, buscamos ese informe de Michelle Bachelet y trabajamos para que el alto mando de DDHH de la ONU trabajara en Caracas. Retomamos el di\u00e1logo a trav\u00e9s de una reuni\u00f3n con el presidente (Enmanuel) Macron y (Gustavo) Petro\u00bb.<\/p>\n\n\n\n<p>Tambi\u00e9n se refiri\u00f3 a la inhabilitaci\u00f3n de Mar\u00eda Corina Machado, <strong>\u00ablo tomamos en cuenta para que se lleve a la mesa de di\u00e1logo porque los problemas de Venezuela se resuelven entre ellos no con injerencia de otros pa\u00edses\u00bb.<\/strong><\/p>\n\n\n\n<p>Fern\u00e1ndez reiter\u00f3 que \u00ablos venezolanos padecen una situaci\u00f3n muy dif\u00edcil por esa sanci\u00f3n que han recibido\u00bb.<\/p>\n\n\n\n<p>Lea tambi\u00e9n: <a href=\"https:\/\/esreviral.com\/cumbre-de-mercosur-presidentes-de-uruguay-y-paraguay-denuncian-la-inhabilitacion-de-maria-corina-machado\/\">Cumbre de Mercosur: Presidentes de Uruguay y Paraguay denuncian la inhabilitaci\u00f3n de Mar\u00eda Corina Machado<\/a><\/p>\n\n\n\n<figure class=\"wp-block-embed is-type-video is-provider-youtube wp-block-embed-youtube wp-embed-aspect-16-9 wp-has-aspect-ratio\"><div class=\"wp-block-embed__wrapper\">\n<div class=\"jeg_video_container jeg_video_content\"><iframe title=\"Presidente argentino dice que el exilio venezolano se debe a las &quot;sanciones econ\u00f3micas&quot;\" width=\"500\" height=\"281\" src=\"https:\/\/www.youtube.com\/embed\/2MVNXSxqB5o?feature=oembed\" frameborder=\"0\" allow=\"accelerometer; autoplay; clipboard-write; encrypted-media; gyroscope; picture-in-picture; web-share\" referrerpolicy=\"strict-origin-when-cross-origin\" allowfullscreen><\/iframe><\/div>\n<\/div><\/figure>\n","protected":false},"excerpt":{"rendered":"<p>CIS.- El presidente de Argentina, Alberto Fern\u00e1ndez culp\u00f3 a las sanciones econ\u00f3micas de presionar a los venezolanos y debido a eso inici\u00f3 el gran exilio que ha sufrido el pa\u00eds. \u00abLa cantidad de exiliados que Venezuela hoy tiene son el resultad de las sanciones econ\u00f3micas que Venezuela ha padecido\u00bb. Estas declaraciones las hizo mientras traspasaba [&hellip;]<\/p>\n","protected":false},"author":2,"featured_media":38800,"comment_status":"open","ping_status":"closed","sticky":false,"template":"","format":"standard","meta":{"jnews-multi-image_gallery":[],"jnews_single_post":{"subtitle":"","format":"standard","video":"","gallery":"","source_name":"","source_url":"","via_name":"","via_url":"","override_template":"0","override":[{"template":"4","single_blog_custom":"","parallax":"1","fullscreen":"1","layout":"right-sidebar","sidebar":"default-sidebar","second_sidebar":"default-sidebar","sticky_sidebar":"1","share_position":"top","share_float_style":"share-monocrhome","show_share_counter":"1","show_view_counter":"1","show_featured":"1","show_post_meta":"1","show_post_author":"1","show_post_author_image":"1","show_post_date":"1","post_date_format":"default","post_date_format_custom":"Y\/m\/d","show_post_category":"1","show_post_reading_time":"1","post_reading_time_wpm":"300","show_zoom_button":"1","zoom_button_out_step":"2","zoom_button_in_step":"3","show_post_tag":"1","show_prev_next_post":"1","show_popup_post":"1","number_popup_post":"1","show_author_box":"1","show_post_related":"1","show_inline_post_related":"0"}],"override_image_size":"0","image_override":[{"single_post_thumbnail_size":"crop-500","single_post_gallery_size":"crop-500"}],"trending_post":"0","trending_post_position":"meta","trending_post_label":"Trending","sponsored_post":"0","sponsored_post_label":"Sponsored by","sponsored_post_name":"","sponsored_post_url":"","sponsored_post_logo_enable":"0","sponsored_post_logo":"","sponsored_post_desc":"","disable_ad":"0"},"jnews_primary_category":{"id":"","hide":""},"jnews_social_meta":{"fb_title":"","fb_description":"","fb_image":"","twitter_title":"","twitter_description":"","twitter_image":""},"jnews_review":[],"enable_review":"0","type":"percentage","name":"","summary":"","brand":"","sku":"","good":[{"good_text":""}],"bad":[{"bad_text":""}],"score_override":"","override_value":"","rating":[{"rating_text":"","rating_number":"10"}],"price":[{"shop":"","price":"","link":"","icon":""}],"jnews_override_counter":{"override_view_counter":"0","view_counter_number":"0","override_share_counter":"0","share_counter_number":"0","override_like_counter":"0","like_counter_number":"0","override_dislike_counter":"0","dislike_counter_number":"0"},"jnews_post_split":{"enable_post_split":"0","post_split":[{"template":"1","tag":"h2","numbering":"asc","mode":"normal","first":"0","enable_toc":"0","toc_type":"normal"}]},"footnotes":""},"categories":[58,59],"tags":[86,45,67],"class_list":["post-38798","post","type-post","status-publish","format-standard","has-post-thumbnail","hentry","category-argentina","category-politica","tag-alberto-fernandez","tag-noticias","tag-venezolanos-en-argentina"],"amp_enabled":true,"_links":{"self":[{"href":"https:\/\/esreviral.com\/index.php?rest_route=\/wp\/v2\/posts\/38798"}],"collection":[{"href":"https:\/\/esreviral.com\/index.php?rest_route=\/wp\/v2\/posts"}],"about":[{"href":"https:\/\/esreviral.com\/index.php?rest_route=\/wp\/v2\/types\/post"}],"author":[{"embeddable":true,"href":"https:\/\/esreviral.com\/index.php?rest_route=\/wp\/v2\/users\/2"}],"replies":[{"embeddable":true,"href":"https:\/\/esreviral.com\/index.php?rest_route=%2Fwp%2Fv2%2Fcomments&post=38798"}],"version-history":[{"count":0,"href":"https:\/\/esreviral.com\/index.php?rest_route=\/wp\/v2\/posts\/38798\/revisions"}],"wp:featuredmedia":[{"embeddable":true,"href":"https:\/\/esreviral.com\/index.php?rest_route=\/wp\/v2\/media\/38800"}],"wp:attachment":[{"href":"https:\/\/esreviral.com\/index.php?rest_route=%2Fwp%2Fv2%2Fmedia&parent=38798"}],"wp:term":[{"taxonomy":"category","embeddable":true,"href":"https:\/\/esreviral.com\/index.php?rest_route=%2Fwp%2Fv2%2Fcategories&post=38798"},{"taxonomy":"post_tag","embeddable":true,"href":"https:\/\/esreviral.com\/index.php?rest_route=%2Fwp%2Fv2%2Ftags&post=38798"}],"curies":[{"name":"wp","href":"https:\/\/api.w.org\/{rel}","templated":true}]}}