{"id":38765,"date":"2023-07-04T06:50:22","date_gmt":"2023-07-04T11:50:22","guid":{"rendered":"https:\/\/esreviral.com\/?p=38765"},"modified":"2023-07-04T06:50:23","modified_gmt":"2023-07-04T11:50:23","slug":"jey-mammon-inicio-acciones-legales-contra-angel-de-brito","status":"publish","type":"post","link":"https:\/\/esreviral.com\/?p=38765","title":{"rendered":"Jey Mammon inici\u00f3 acciones legales contra \u00c1ngel de Brito"},"content":{"rendered":"\n<p>El estudio de abogados que representa al humorista\u00a0<strong>Jey Mammon\u00a0<\/strong>en el caso donde\u00a0<strong>Lucas Benvenuto\u00a0<\/strong>lo denunci\u00f3 por abuso sexual, comunic\u00f3 que\u00a0han iniciado acciones legales\u00a0contra el denunciante y contra\u00a0<strong>\u00c1ngel<\/strong>\u00a0<strong>de Brito<\/strong>, por considerar que el conductor afect\u00f3 el derecho a la intimidad y la privacidad de\u00a0<strong>Juan Mart\u00edn Rago\u00a0<\/strong>(el nombre real de Jey) al hablar en televisi\u00f3n sobre el caso y caer en\u00a0<strong>calumnias\u00a0<\/strong>e\u00a0<strong>injurias\u00a0<\/strong>que \u201cafectaron su vida\u201d.<\/p>\n\n\n\n<p>Por medio de un comunicado el estudio sostiene que las nuevas acciones legales son \u201c<strong>contra los responsables de haberlo injuriado y calumniado en diversos medios<\/strong>\u00a0de comunicaci\u00f3n haci\u00e9ndose eco de una denuncia falsa e inveros\u00edmil que fue presentada en el a\u00f1o 2020 sin ning\u00fan sustento legal que la avale y que fue sobrese\u00edda por resoluci\u00f3n firme de la justicia\u201d.<\/p>\n\n\n\n<p>Sobre Lucas insiste en que \u201cno ha contestado a las intimaciones legales que se le cursaron a fin de brindarle la posibilidad de retractarse de los il\u00edcitos cometidos\u201d. Y en el caso de \u00c1ngel De Brito, \u201c<strong>se clausur\u00f3 sin acuerdo el proceso de mediaci\u00f3n extrajudicial<\/strong>\u201d y por eso se decidi\u00f3 avanzar con una<strong>\u00a0querella criminal.<\/strong><\/p>\n\n\n\n<figure class=\"wp-block-image size-large\"><img fetchpriority=\"high\" decoding=\"async\" width=\"1024\" height=\"576\" src=\"https:\/\/esreviral.com\/wp-content\/uploads\/2023\/07\/jey-mammon-lucasjpg-1024x576.webp\" alt=\"\" class=\"wp-image-38766\" srcset=\"https:\/\/esreviral.com\/wp-content\/uploads\/2023\/07\/jey-mammon-lucasjpg-1024x576.webp 1024w, https:\/\/esreviral.com\/wp-content\/uploads\/2023\/07\/jey-mammon-lucasjpg-300x169.webp 300w, https:\/\/esreviral.com\/wp-content\/uploads\/2023\/07\/jey-mammon-lucasjpg-768x432.webp 768w, https:\/\/esreviral.com\/wp-content\/uploads\/2023\/07\/jey-mammon-lucasjpg-750x422.webp 750w, https:\/\/esreviral.com\/wp-content\/uploads\/2023\/07\/jey-mammon-lucasjpg-1140x641.webp 1140w, https:\/\/esreviral.com\/wp-content\/uploads\/2023\/07\/jey-mammon-lucasjpg.webp 1200w\" sizes=\"(max-width: 1024px) 100vw, 1024px\" \/><\/figure>\n\n\n\n<p><\/p>\n\n\n\n<p>Como consecuencia, la defensa de Jey Mammon entiende que se vieron afectados el \u201cderecho a la\u00a0<strong>intimidad<\/strong>, a la\u00a0<strong>privacidad<\/strong>, a la\u00a0<strong>presunci\u00f3n de inocencia<\/strong>, a gozar de una vida libre de injerencias arbitrarias en su\u00a0<strong>honra\u00a0<\/strong>y\u00a0<strong>reputaci\u00f3n<\/strong>, el derecho a la libertad de trabajo, a la dignidad del ser humano y a la no discriminaci\u00f3n\u201d.<\/p>\n\n\n\n<p>En di\u00e1logo con\u00a0el medio informativo de<em> La Naci\u00f3n<\/em>,\u00a0<strong>Javier Ba\u00f1os<\/strong>, el abogado que se sum\u00f3 al caso en abril, profundiz\u00f3 sobre los detalles de la querella presentada contra De Brito: \u201cFue el \u00fanico que no quiso llegar a un acuerdo en las audiencias prejudiciales&#8230;\u00a0<strong>Esto va encaminado a un juicio oral y p\u00fablico.<\/strong>\u00a0Lo vamos a citar a ver si se retracta. Hay un mont\u00f3n de testigos que declararon frente a escribanos\u201d.<\/p>\n\n\n\n<p>\u201c<strong>Iniciamos la instancia prejudicial contra un mont\u00f3n de personas, pero en el 99% de los casos estamos en una etapa de una soluci\u00f3n alternativa&nbsp;<\/strong>al conflicto directamente penal, o civil, porque estamos llegando a acuerdos\u201d, a\u00f1adi\u00f3 Ba\u00f1os y sigui\u00f3: \u201cInformaron datos y detalles sobre los cuales hay una prohibici\u00f3n de informar. Porque si no se genera calumnia, no te pod\u00e9s defender,<strong>&nbsp;te imputan lo peor que te pueden imputar y no ten\u00e9s manera de defenderte<\/strong>\u201d.<\/p>\n\n\n\n<p>De la misma forma, consider\u00f3 que la denuncia es \u201c<strong>una absoluta mentira<\/strong>\u201d, y explic\u00f3 que hay audios, capturas de pantallas y testigos que ya declararon. \u201cNo nos escudamos. Estamos presentando la querella, pese a que se ventilen las denuncias de nuevo.<strong>&nbsp;Lo que quiere Jey es que se sepa lo que pas\u00f3.<\/strong>&nbsp;La relaci\u00f3n empez\u00f3 a los 17 y termin\u00f3 a los 24 a\u00f1os de Lucas&#8230; pasaron ocho a\u00f1os\u201d.<\/p>\n\n\n\n<p><strong><mark style=\"background-color:rgba(0, 0, 0, 0)\" class=\"has-inline-color has-vivid-red-color\">El caso de la denuncia contra Jey Mammon<\/mark><\/strong><\/p>\n\n\n\n<p>En Marzo, Jey Mammon qued\u00f3 en el ojo de la tormenta luego de que\u00a0saliera a la luz que en 2020 un joven lo denunci\u00f3 por abuso sexual, hecho presuntamente ocurrido cuando la v\u00edctima era menor.\u00a0<strong>\u201c\u00c9l ten\u00eda 32 a\u00f1os, yo 14\u2033,<\/strong>\u00a0dijo Lucas Benvenuto, el denunciante, en el programa\u00a0<em>A la tarde\u00a0<\/em>(Am\u00e9rica). El conductor no solo hizo un comunicado al respecto, sino un video donde asegur\u00f3:<strong>\u00a0\u201cNo viol\u00e9 a nadie\u201d.<\/strong><\/p>\n\n\n\n<p>En aquella oportunidad\u00a0el joven dijo que hace un a\u00f1o y medio hab\u00eda hecho la denuncia. \u201cMe lleva tiempo poder hablar y denunciar. Esta persona est\u00e1 conduciendo actualmente un programa en Telefe\u201d, dijo. Si bien no dio el nombre y el apellido del hombre se\u00f1alado, s\u00ed aport\u00f3 pistas que llevaron a entender que se trataba de Jey Mammon. \u201cEs conductor y es m\u00fasico. Cuando salimos \u00e9l ten\u00eda 32 a\u00f1os, y yo 14. Sal\u00ed con \u00e9l desde los 14 hasta los 16, 17 a\u00f1os. Mi mam\u00e1 estaba al tanto, lo conoci\u00f3 y yo me iba de mi casa a su casa y mi mam\u00e1 llamaba para preguntar si hab\u00eda llegado. A ese nivel de morbosidad&#8230;\u201d, asegur\u00f3 Benvenuto. Luego, en redes sociales, dijo con todas las letras que se refer\u00eda a \u00e9l.<\/p>\n\n\n\n<figure class=\"wp-block-video\"><video controls src=\"https:\/\/lanacionar-prod.video.arc-cdn.net\/wp-lanacionar\/20230508\/645958cbf2b18b5e2f27662a\/t_205571683989411abcadb9205d7fe471_name_jey_mammon_rompio_el_silencio_en_1572d894940818e7597d7d0ebeec84ea2fa1c363c36f83d74a3f90d4a6733db8\/file_1280x720-2000-v3_1.mp4\"><\/video><\/figure>\n\n\n\n<p><\/p>\n\n\n\n<p>Una vez difundidas estas acusaciones, el conductor decidi\u00f3 publicar un comunicado\u00a0donde asegur\u00f3 que sufri\u00f3 \u201cconductas extorsivas de parte de quien promovi\u00f3 una denuncia que la justicia sobresey\u00f3 y cerr\u00f3\u201d.<\/p>\n\n\n\n<p>Seg\u00fan una resoluci\u00f3n a la que accedi\u00f3&nbsp;<em><strong>T\u00e9lam<\/strong><\/em>,&nbsp;<strong>Benvenuto denunci\u00f3 a Mammon en diciembre de 2020<\/strong>, pero la causa se cerr\u00f3 en marzo de 2021 y el acusado fue sobrese\u00eddo porque el juez de instrucci\u00f3n Walter Candela y el fiscal Patricio Lugones consideraron que el hecho hab\u00eda prescripto.<\/p>\n\n\n\n<p>\u201cLos hechos relatados por el nombrado encuadrar\u00edan en el delito de abuso sexual agravado por haber sido cometido con acceso carnal, previsto y reprimido por el art\u00edculo 119, p\u00e1rrafo 3\u00b0 del C\u00f3digo Penal, que estipula una pena de 6 a 15 a\u00f1os de prisi\u00f3n; hechos que habr\u00edan tenido lugar durante el a\u00f1o 2006\u2033, indic\u00f3 el fallo, citando a la fiscal\u00eda. Agreg\u00f3 que \u201cseg\u00fan la normativa aplicable en ese entonces, el plazo de prescripci\u00f3n operaba despu\u00e9s de transcurrido el m\u00e1ximum de duraci\u00f3n de la pena se\u00f1alada para el delito, si se tratarse de hechos reprimidos con reclusi\u00f3n o prisi\u00f3n, no pudiendo en ning\u00fan caso, el t\u00e9rmino de la prescripci\u00f3n, exceder de doce a\u00f1os, ni bajar de dos a\u00f1os\u201d.<\/p>\n\n\n\n<p class=\"has-text-align-right\"><em><strong>LA NACION<\/strong>.-<\/em><\/p>\n","protected":false},"excerpt":{"rendered":"<p>As\u00ed lo comunic\u00f3 el abogado del humorista, quien relat\u00f3 que al conductor se le agotaron todas las instancias previas de negociaci\u00f3n extrajudicial<\/p>\n","protected":false},"author":3,"featured_media":38767,"comment_status":"open","ping_status":"closed","sticky":false,"template":"","format":"standard","meta":{"jnews-multi-image_gallery":[],"jnews_single_post":{"subtitle":"","format":"standard","video":"","gallery":"","source_name":"","source_url":"","via_name":"","via_url":"","override_template":"0","override":[{"template":"4","single_blog_custom":"","parallax":"1","fullscreen":"1","layout":"right-sidebar","sidebar":"default-sidebar","second_sidebar":"default-sidebar","sticky_sidebar":"1","share_position":"top","share_float_style":"share-monocrhome","show_share_counter":"1","show_view_counter":"1","show_featured":"1","show_post_meta":"1","show_post_author":"1","show_post_author_image":"1","show_post_date":"1","post_date_format":"default","post_date_format_custom":"Y\/m\/d","show_post_category":"1","show_post_reading_time":"1","post_reading_time_wpm":"300","show_zoom_button":"1","zoom_button_out_step":"2","zoom_button_in_step":"3","show_post_tag":"1","show_prev_next_post":"1","show_popup_post":"1","number_popup_post":"1","show_author_box":"1","show_post_related":"1","show_inline_post_related":"0"}],"override_image_size":"0","image_override":[{"single_post_thumbnail_size":"crop-500","single_post_gallery_size":"crop-500"}],"trending_post":"0","trending_post_position":"meta","trending_post_label":"Trending","sponsored_post":"0","sponsored_post_label":"Sponsored by","sponsored_post_name":"","sponsored_post_url":"","sponsored_post_logo_enable":"0","sponsored_post_logo":"","sponsored_post_desc":"","disable_ad":"0"},"jnews_primary_category":{"id":"","hide":""},"jnews_social_meta":{"fb_title":"","fb_description":"","fb_image":"","twitter_title":"","twitter_description":"","twitter_image":""},"jnews_review":[],"enable_review":"0","type":"percentage","name":"","summary":"","brand":"","sku":"","good":[{"good_text":""}],"bad":[{"bad_text":""}],"score_override":"","override_value":"","rating":[{"rating_text":"","rating_number":"10"}],"price":[{"shop":"","price":"","link":"","icon":""}],"jnews_override_counter":{"override_view_counter":"0","view_counter_number":"0","override_share_counter":"0","share_counter_number":"0","override_like_counter":"0","like_counter_number":"0","override_dislike_counter":"0","dislike_counter_number":"0"},"jnews_post_split":{"enable_post_split":"0","post_split":[{"template":"1","tag":"h2","numbering":"asc","mode":"normal","first":"0","enable_toc":"0","toc_type":"normal"}]},"footnotes":""},"categories":[50],"tags":[4073,11043,44,11044,8369,45],"class_list":["post-38765","post","type-post","status-publish","format-standard","has-post-thumbnail","hentry","category-entretenimiento","tag-acciones-legales","tag-angel-de-brito","tag-argentina","tag-calumnias-e-injurias","tag-jey-mammon-2","tag-noticias"],"amp_enabled":true,"_links":{"self":[{"href":"https:\/\/esreviral.com\/index.php?rest_route=\/wp\/v2\/posts\/38765"}],"collection":[{"href":"https:\/\/esreviral.com\/index.php?rest_route=\/wp\/v2\/posts"}],"about":[{"href":"https:\/\/esreviral.com\/index.php?rest_route=\/wp\/v2\/types\/post"}],"author":[{"embeddable":true,"href":"https:\/\/esreviral.com\/index.php?rest_route=\/wp\/v2\/users\/3"}],"replies":[{"embeddable":true,"href":"https:\/\/esreviral.com\/index.php?rest_route=%2Fwp%2Fv2%2Fcomments&post=38765"}],"version-history":[{"count":0,"href":"https:\/\/esreviral.com\/index.php?rest_route=\/wp\/v2\/posts\/38765\/revisions"}],"wp:featuredmedia":[{"embeddable":true,"href":"https:\/\/esreviral.com\/index.php?rest_route=\/wp\/v2\/media\/38767"}],"wp:attachment":[{"href":"https:\/\/esreviral.com\/index.php?rest_route=%2Fwp%2Fv2%2Fmedia&parent=38765"}],"wp:term":[{"taxonomy":"category","embeddable":true,"href":"https:\/\/esreviral.com\/index.php?rest_route=%2Fwp%2Fv2%2Fcategories&post=38765"},{"taxonomy":"post_tag","embeddable":true,"href":"https:\/\/esreviral.com\/index.php?rest_route=%2Fwp%2Fv2%2Ftags&post=38765"}],"curies":[{"name":"wp","href":"https:\/\/api.w.org\/{rel}","templated":true}]}}