{"id":38761,"date":"2023-07-04T06:41:41","date_gmt":"2023-07-04T11:41:41","guid":{"rendered":"https:\/\/esreviral.com\/?p=38761"},"modified":"2023-07-04T06:41:42","modified_gmt":"2023-07-04T11:41:42","slug":"un-adolescente-fue-atropellado-por-un-colectivo-en-nueva-pompeya","status":"publish","type":"post","link":"https:\/\/esreviral.com\/?p=38761","title":{"rendered":"Un adolescente fue atropellado por un colectivo en Nueva Pompeya"},"content":{"rendered":"\n<p><strong>Un adolescente de alrededor de 15 a\u00f1os fue atropellado esta ma\u00f1ana por un interno de la l\u00ednea de colectivo 28<\/strong>\u00a0en el barrio porte\u00f1o de\u00a0<strong>Nueva Pompeya<\/strong>. Cuando acudieron los bomberos y efectivos policiales, el menor de edad se hallaba debajo del <strong>autob\u00fas<\/strong>.\u00a0<strong>Estaba inconsciente, pero respiraba<\/strong>. Tras ello la v\u00edctima fue trasladada al Hospital Penna con\u00a0<strong>politraumatismos, especialmente en la cabeza<\/strong>.<\/p>\n\n\n\n<p>Fuentes de la investigaci\u00f3n indicaron al medio informativo de <em>La Naci\u00f3n<\/em> \u00a0que el accidente tuvo lugar\u00a0<strong>en el cruce de las avenidas Rabanal con Del Barco Centenera<\/strong>, donde hay una v\u00eda de Metrob\u00fas, alrededor de las 6:30am. Si bien no se inform\u00f3 c\u00f3mo fue el incidente, las im\u00e1genes mostraban que\u00a0<strong>el lado derecho del parabrisas delantero del colectivo<\/strong>, interno 107,<strong>\u00a0estaba astillado, como si hubiera sufrido un golpe<\/strong>.<\/p>\n\n\n\n<p><\/p>\n\n\n<div class=\"wp-block-image\">\n<figure class=\"aligncenter size-full\"><img fetchpriority=\"high\" decoding=\"async\" width=\"879\" height=\"588\" src=\"https:\/\/esreviral.com\/wp-content\/uploads\/2023\/07\/AnyConv.com__un-adolescente-fue-atropellado-por-un-colectivo-OCSEPYZNVJGAZF4MQRY76L3EEI.webp\" alt=\"\" class=\"wp-image-38762\" srcset=\"https:\/\/esreviral.com\/wp-content\/uploads\/2023\/07\/AnyConv.com__un-adolescente-fue-atropellado-por-un-colectivo-OCSEPYZNVJGAZF4MQRY76L3EEI.webp 879w, https:\/\/esreviral.com\/wp-content\/uploads\/2023\/07\/AnyConv.com__un-adolescente-fue-atropellado-por-un-colectivo-OCSEPYZNVJGAZF4MQRY76L3EEI-300x201.webp 300w, https:\/\/esreviral.com\/wp-content\/uploads\/2023\/07\/AnyConv.com__un-adolescente-fue-atropellado-por-un-colectivo-OCSEPYZNVJGAZF4MQRY76L3EEI-768x514.webp 768w, https:\/\/esreviral.com\/wp-content\/uploads\/2023\/07\/AnyConv.com__un-adolescente-fue-atropellado-por-un-colectivo-OCSEPYZNVJGAZF4MQRY76L3EEI-750x502.webp 750w\" sizes=\"(max-width: 879px) 100vw, 879px\" \/><\/figure><\/div>\n\n\n<p><\/p>\n\n\n\n<p>Por lo ocurrido, personal de la Comisar\u00eda Vecinal 4 B se acerc\u00f3 al lugar del accidente y convoc\u00f3 al SAME.&nbsp;<strong>Bomberos de la Ciudad de la Estaci\u00f3n 2 de Parque Patricios sacaron al adolescente de abajo del rodado&nbsp;<\/strong>y una ambulancia lo traslad\u00f3 al Hospital Penna con diagn\u00f3stico de politraumatismo.<\/p>\n\n\n\n<p>En la investigaci\u00f3n interviene la Fiscal\u00eda en lo Penal, Contravencional y de Faltas 40, a cargo del doctor Biglino, secretar\u00eda de la doctora Kuchemeister. Desde el momento del accidente, la calzada se encontraba parcialmente restringida mientras se realizaban las pericias ordenadas por la Justicia.<\/p>\n\n\n\n<p class=\"has-text-align-right\"><em><strong>LA NACION<\/strong>.-<\/em><\/p>\n","protected":false},"excerpt":{"rendered":"<p>Tras el impacto bomberos y efectivos policiales acudieron al cruce de las avenidas Rabanal y Del Barco Centenera; el menor de edad se hallaba debajo del colectivo<\/p>\n","protected":false},"author":3,"featured_media":38763,"comment_status":"open","ping_status":"closed","sticky":false,"template":"","format":"standard","meta":{"jnews-multi-image_gallery":[],"jnews_single_post":{"subtitle":"","format":"standard","video":"","gallery":"","source_name":"","source_url":"","via_name":"","via_url":"","override_template":"0","override":[{"template":"4","single_blog_custom":"","parallax":"1","fullscreen":"1","layout":"right-sidebar","sidebar":"default-sidebar","second_sidebar":"default-sidebar","sticky_sidebar":"1","share_position":"top","share_float_style":"share-monocrhome","show_share_counter":"1","show_view_counter":"1","show_featured":"1","show_post_meta":"1","show_post_author":"1","show_post_author_image":"1","show_post_date":"1","post_date_format":"default","post_date_format_custom":"Y\/m\/d","show_post_category":"1","show_post_reading_time":"1","post_reading_time_wpm":"300","show_zoom_button":"1","zoom_button_out_step":"2","zoom_button_in_step":"3","show_post_tag":"1","show_prev_next_post":"1","show_popup_post":"1","number_popup_post":"1","show_author_box":"1","show_post_related":"1","show_inline_post_related":"0"}],"override_image_size":"0","image_override":[{"single_post_thumbnail_size":"crop-500","single_post_gallery_size":"crop-500"}],"trending_post":"0","trending_post_position":"meta","trending_post_label":"Trending","sponsored_post":"0","sponsored_post_label":"Sponsored by","sponsored_post_name":"","sponsored_post_url":"","sponsored_post_logo_enable":"0","sponsored_post_logo":"","sponsored_post_desc":"","disable_ad":"0"},"jnews_primary_category":{"id":"","hide":""},"jnews_social_meta":{"fb_title":"","fb_description":"","fb_image":"","twitter_title":"","twitter_description":"","twitter_image":""},"jnews_review":[],"enable_review":"0","type":"percentage","name":"","summary":"","brand":"","sku":"","good":[{"good_text":""}],"bad":[{"bad_text":""}],"score_override":"","override_value":"","rating":[{"rating_text":"","rating_number":"10"}],"price":[{"shop":"","price":"","link":"","icon":""}],"jnews_override_counter":{"override_view_counter":"0","view_counter_number":"0","override_share_counter":"0","share_counter_number":"0","override_like_counter":"0","like_counter_number":"0","override_dislike_counter":"0","dislike_counter_number":"0"},"jnews_post_split":{"enable_post_split":"0","post_split":[{"template":"1","tag":"h2","numbering":"asc","mode":"normal","first":"0","enable_toc":"0","toc_type":"normal"}]},"footnotes":""},"categories":[58,64],"tags":[2543,11041,44,9320,11042,45,7686,2847],"class_list":["post-38761","post","type-post","status-publish","format-standard","has-post-thumbnail","hentry","category-argentina","category-sucesos","tag-accidente-de-transito","tag-adolescente-fue-atropellado","tag-argentina","tag-bomberos-de-la-ciudad","tag-linea-de-colectivo-28","tag-noticias","tag-nueva-pompeya","tag-same"],"amp_enabled":true,"_links":{"self":[{"href":"https:\/\/esreviral.com\/index.php?rest_route=\/wp\/v2\/posts\/38761"}],"collection":[{"href":"https:\/\/esreviral.com\/index.php?rest_route=\/wp\/v2\/posts"}],"about":[{"href":"https:\/\/esreviral.com\/index.php?rest_route=\/wp\/v2\/types\/post"}],"author":[{"embeddable":true,"href":"https:\/\/esreviral.com\/index.php?rest_route=\/wp\/v2\/users\/3"}],"replies":[{"embeddable":true,"href":"https:\/\/esreviral.com\/index.php?rest_route=%2Fwp%2Fv2%2Fcomments&post=38761"}],"version-history":[{"count":0,"href":"https:\/\/esreviral.com\/index.php?rest_route=\/wp\/v2\/posts\/38761\/revisions"}],"wp:featuredmedia":[{"embeddable":true,"href":"https:\/\/esreviral.com\/index.php?rest_route=\/wp\/v2\/media\/38763"}],"wp:attachment":[{"href":"https:\/\/esreviral.com\/index.php?rest_route=%2Fwp%2Fv2%2Fmedia&parent=38761"}],"wp:term":[{"taxonomy":"category","embeddable":true,"href":"https:\/\/esreviral.com\/index.php?rest_route=%2Fwp%2Fv2%2Fcategories&post=38761"},{"taxonomy":"post_tag","embeddable":true,"href":"https:\/\/esreviral.com\/index.php?rest_route=%2Fwp%2Fv2%2Ftags&post=38761"}],"curies":[{"name":"wp","href":"https:\/\/api.w.org\/{rel}","templated":true}]}}