{"id":38756,"date":"2023-07-04T06:25:18","date_gmt":"2023-07-04T11:25:18","guid":{"rendered":"https:\/\/esreviral.com\/?p=38756"},"modified":"2023-07-04T06:25:19","modified_gmt":"2023-07-04T11:25:19","slug":"una-mujer-y-su-hija-murieron-tras-ser-atropelladas-por-una-camioneta","status":"publish","type":"post","link":"https:\/\/esreviral.com\/?p=38756","title":{"rendered":"Una mujer y su hija murieron tras ser atropelladas por una camioneta"},"content":{"rendered":"\n<p><strong>Una mujer de 37 a\u00f1os y su hija de 9 a\u00f1os de edad murieron<\/strong>\u00a0en la tarde de este lunes luego de\u00a0ser\u00a0<strong>atropelladas por una camioneta<\/strong>\u00a0en el departamento mendocino de\u00a0<strong>San Mart\u00edn<\/strong>, unos 40 kil\u00f3metros al este de la ciudad de\u00a0<strong>Mendoza<\/strong>.<\/p>\n\n\n\n<p>El tr\u00e1gico accidente de tr\u00e1nsito ocurri\u00f3 pasadas las 18, cuando las v\u00edctimas&nbsp;<strong>circulaban en una bicicleta<\/strong>&nbsp;por Lateral Norte de la ruta 7, a la altura del barrio El Nevado. All\u00ed fue donde recibieron el impacto de un&nbsp;Jeep Gladiator 1000.<\/p>\n\n\n\n<p>La mujer, identificada por la polic\u00eda como&nbsp;<strong>Zulma Virginia Milla<\/strong>, hab\u00eda ido a buscar a la escuela \u00cdtalo Acerbis a su hija&nbsp;<strong>Luz Elena Milla Leyes<\/strong>&nbsp;y, cuando regresaban, fueron atropelladas a unos pocos metros de establecimiento educativo por un veh\u00edculo que manejaba&nbsp;<strong>Domingo Marino Soto Bizaguirre, un jubilado de 72 a\u00f1os.<\/strong><\/p>\n\n\n\n<p>Personal del Servicio de Emergencias Coordinado lleg\u00f3 al lugar y constat\u00f3 la muerte de las v\u00edctimas.\u00a0<\/p>\n\n\n\n<figure class=\"wp-block-image size-full\"><img fetchpriority=\"high\" decoding=\"async\" width=\"720\" height=\"405\" src=\"https:\/\/esreviral.com\/wp-content\/uploads\/2023\/07\/C9fhufjJP_720x0__1.webp\" alt=\"\" class=\"wp-image-38757\" srcset=\"https:\/\/esreviral.com\/wp-content\/uploads\/2023\/07\/C9fhufjJP_720x0__1.webp 720w, https:\/\/esreviral.com\/wp-content\/uploads\/2023\/07\/C9fhufjJP_720x0__1-300x169.webp 300w\" sizes=\"(max-width: 720px) 100vw, 720px\" \/><\/figure>\n\n\n\n<p><\/p>\n\n\n\n<p>Las pruebas indican que&nbsp;<strong>no hubo ninguna maniobra evasiva para intentar esquivarlas<\/strong>. Seg\u00fan testimonios tomados por medios de comunicaci\u00f3n locales, el hombre que manejaba la camioneta posiblemente no las vio, al ser encandilado por el sol. Sin embargo, personas que ven\u00edan detr\u00e1s de la camioneta afirmaron que los rayos solares ya no molestaban&nbsp;a esa hora y que hab\u00eda buena visibilidad.&nbsp;<\/p>\n\n\n\n<p>\u00abEs un hecho tr\u00e1gico.&nbsp;<strong>Tenemos dos testigos<\/strong>, que est\u00e1n declarando y dieron datos interesantes. Por ejemplo, un joven en una moto, que ven\u00eda en el mismo sentido que la camioneta, explic\u00f3 que el hombre ning\u00fan momento intent\u00f3 esquivar la bicicleta y que a esa hora el sol no encandilaba\u00bb, indic\u00f3 el&nbsp;fiscal Oscar S\u00edvori.<\/p>\n\n\n\n<p>Por su parte, el conductor del veh\u00edculo fue trasladado a la Comisar\u00eda 12\u00b0 para afrontar los tr\u00e1mites correspondientes. Luego fue derivado a un hospital para que le hagan las pruebas de sangre, para determinar si estaba bajo el consumo de alcohol o alguna sustancia ilegal. Se espera que la Justicia defina su situaci\u00f3n procesal.<\/p>\n\n\n\n<p><strong><mark style=\"background-color:rgba(0, 0, 0, 0)\" class=\"has-inline-color has-vivid-red-color\">Tragedia en C\u00f3rdoba: muri\u00f3 un joven de 19 a\u00f1os por un choque frontal<\/mark><\/strong><\/p>\n\n\n\n<p>Un joven de 19 a\u00f1os\u00a0muri\u00f3 este s\u00e1bado al chocar de frente con su auto contra un cami\u00f3n que transportaba gas\u00a0en\u00a0<strong>C\u00f3rdoba<\/strong>, en el kil\u00f3metro 642 de la Ruta Nacional 35, jurisdicci\u00f3n de Vicu\u00f1a Mackenna.<\/p>\n\n\n\n<p>Seg\u00fan relata\u00a0<em>Cadena 3<\/em>, el hombre conduc\u00eda su veh\u00edculo Chevrolet Meriva y, por causas que a\u00fan se investigan, impact\u00f3 con el rodado. Como consecuencia, adem\u00e1s de la v\u00edctima fatal y los da\u00f1os materiales ocasionados, la zona presenta importantes demoras para la circulaci\u00f3n de otros veh\u00edculos.<\/p>\n\n\n\n<figure class=\"wp-block-image size-full\"><img decoding=\"async\" width=\"720\" height=\"452\" src=\"https:\/\/esreviral.com\/wp-content\/uploads\/2023\/07\/rziPp-D4N_720x0__1.webp\" alt=\"\" class=\"wp-image-38758\" srcset=\"https:\/\/esreviral.com\/wp-content\/uploads\/2023\/07\/rziPp-D4N_720x0__1.webp 720w, https:\/\/esreviral.com\/wp-content\/uploads\/2023\/07\/rziPp-D4N_720x0__1-300x188.webp 300w\" sizes=\"(max-width: 720px) 100vw, 720px\" \/><\/figure>\n\n\n\n<p><\/p>\n\n\n\n<p>\u00abEl cami\u00f3n se dirig\u00eda en el sentido norte-sur y choc\u00f3 de frente contra el auto Chevrolet, que circulaba en el sentido sur-norte\u00bb, indic\u00f3 la jefa de Bomberos de esa localidad, al sur de R\u00edo Cuarto.<\/p>\n\n\n\n<p>De acuerdo a las im\u00e1genes difundidas, el cami\u00f3n termin\u00f3 volcado sobre el asfalto con claras muestras de destrucci\u00f3n, mientras que el Meriva, de color gris claro, se ubica m\u00e1s all\u00e1 de la banquina con serios da\u00f1os en su frente.<\/p>\n\n\n\n<p class=\"has-text-align-right\"><strong><em>Clarin.-<\/em><\/strong><\/p>\n","protected":false},"excerpt":{"rendered":"<p>Las v\u00edctimas volv\u00edan de la escuela en bicicleta cuando fueron embestidas desde atr\u00e1s por el veh\u00edculo que conduc\u00eda un jubilado de 72 a\u00f1os.<\/p>\n","protected":false},"author":3,"featured_media":38759,"comment_status":"open","ping_status":"closed","sticky":false,"template":"","format":"standard","meta":{"jnews-multi-image_gallery":[],"jnews_single_post":{"subtitle":"","format":"standard","video":"","gallery":"","source_name":"","source_url":"","via_name":"","via_url":"","override_template":"0","override":[{"template":"4","single_blog_custom":"","parallax":"1","fullscreen":"1","layout":"right-sidebar","sidebar":"default-sidebar","second_sidebar":"default-sidebar","sticky_sidebar":"1","share_position":"top","share_float_style":"share-monocrhome","show_share_counter":"1","show_view_counter":"1","show_featured":"1","show_post_meta":"1","show_post_author":"1","show_post_author_image":"1","show_post_date":"1","post_date_format":"default","post_date_format_custom":"Y\/m\/d","show_post_category":"1","show_post_reading_time":"1","post_reading_time_wpm":"300","show_zoom_button":"1","zoom_button_out_step":"2","zoom_button_in_step":"3","show_post_tag":"1","show_prev_next_post":"1","show_popup_post":"1","number_popup_post":"1","show_author_box":"1","show_post_related":"1","show_inline_post_related":"0"}],"override_image_size":"0","image_override":[{"single_post_thumbnail_size":"crop-500","single_post_gallery_size":"crop-500"}],"trending_post":"0","trending_post_position":"meta","trending_post_label":"Trending","sponsored_post":"0","sponsored_post_label":"Sponsored by","sponsored_post_name":"","sponsored_post_url":"","sponsored_post_logo_enable":"0","sponsored_post_logo":"","sponsored_post_desc":"","disable_ad":"0"},"jnews_primary_category":{"id":"","hide":""},"jnews_social_meta":{"fb_title":"","fb_description":"","fb_image":"","twitter_title":"","twitter_description":"","twitter_image":""},"jnews_review":[],"enable_review":"0","type":"percentage","name":"","summary":"","brand":"","sku":"","good":[{"good_text":""}],"bad":[{"bad_text":""}],"score_override":"","override_value":"","rating":[{"rating_text":"","rating_number":"10"}],"price":[{"shop":"","price":"","link":"","icon":""}],"jnews_override_counter":{"override_view_counter":"0","view_counter_number":"0","override_share_counter":"0","share_counter_number":"0","override_like_counter":"0","like_counter_number":"0","override_dislike_counter":"0","dislike_counter_number":"0"},"jnews_post_split":{"enable_post_split":"0","post_split":[{"template":"1","tag":"h2","numbering":"asc","mode":"normal","first":"0","enable_toc":"0","toc_type":"normal"}]},"footnotes":""},"categories":[58,64],"tags":[3651,44,1018,45,6542],"class_list":["post-38756","post","type-post","status-publish","format-standard","has-post-thumbnail","hentry","category-argentina","category-sucesos","tag-accidentes-de-transito","tag-argentina","tag-mendoza","tag-noticias","tag-tragedia-en-mendoza"],"amp_enabled":true,"_links":{"self":[{"href":"https:\/\/esreviral.com\/index.php?rest_route=\/wp\/v2\/posts\/38756"}],"collection":[{"href":"https:\/\/esreviral.com\/index.php?rest_route=\/wp\/v2\/posts"}],"about":[{"href":"https:\/\/esreviral.com\/index.php?rest_route=\/wp\/v2\/types\/post"}],"author":[{"embeddable":true,"href":"https:\/\/esreviral.com\/index.php?rest_route=\/wp\/v2\/users\/3"}],"replies":[{"embeddable":true,"href":"https:\/\/esreviral.com\/index.php?rest_route=%2Fwp%2Fv2%2Fcomments&post=38756"}],"version-history":[{"count":0,"href":"https:\/\/esreviral.com\/index.php?rest_route=\/wp\/v2\/posts\/38756\/revisions"}],"wp:featuredmedia":[{"embeddable":true,"href":"https:\/\/esreviral.com\/index.php?rest_route=\/wp\/v2\/media\/38759"}],"wp:attachment":[{"href":"https:\/\/esreviral.com\/index.php?rest_route=%2Fwp%2Fv2%2Fmedia&parent=38756"}],"wp:term":[{"taxonomy":"category","embeddable":true,"href":"https:\/\/esreviral.com\/index.php?rest_route=%2Fwp%2Fv2%2Fcategories&post=38756"},{"taxonomy":"post_tag","embeddable":true,"href":"https:\/\/esreviral.com\/index.php?rest_route=%2Fwp%2Fv2%2Ftags&post=38756"}],"curies":[{"name":"wp","href":"https:\/\/api.w.org\/{rel}","templated":true}]}}