{"id":38639,"date":"2023-07-01T10:12:58","date_gmt":"2023-07-01T15:12:58","guid":{"rendered":"https:\/\/esreviral.com\/?p=38639"},"modified":"2023-07-01T10:12:59","modified_gmt":"2023-07-01T15:12:59","slug":"estas-son-las-nuevas-autoridades-de-la-ucv","status":"publish","type":"post","link":"https:\/\/esreviral.com\/?p=38639","title":{"rendered":"Estas son las nuevas autoridades de la UCV"},"content":{"rendered":"\n<p>Casi 15 a\u00f1os pas\u00f3 la Universidad Central de Venezuela sin realizar elecciones, y este viernes fueron escogidas las nuevas autoridades acad\u00e9micas.&nbsp;<\/p>\n\n\n\n<p><strong> V\u00edctor Rago Albujas<\/strong>, se convierte en el\u00a0<strong>rector electo de la Universidad Central de Venezuela -UCV-.<\/strong><\/p>\n\n\n\n<p><strong>Rago Albujas es Antrop\u00f3logo egresado de la UCV, doctor en Ling\u00fc\u00edstica en la Sorbonne-Par\u00eds IV,<\/strong>&nbsp;investigador en temas de lengua y cultura del Llano y premio \u00abFrancisco de Venanzi\u00bb (2015-2016).<\/p>\n\n\n\n<p>A trav\u00e9s de la cuenta en Twitter\u00a0<strong>@VivaLaUCV\u00a0<\/strong>se supo que\u00a0<strong>Mar\u00eda F\u00e1tima Garc\u00e9s\u00a0<\/strong>ser\u00e1 la vicerrectora acad\u00e9mica<strong>; Jos\u00e9 Balbino Le\u00f3n\u00a0<\/strong>el vicerrector administrativo\u00a0<strong>y Corina Aristimu\u00f1o\u00a0<\/strong>la secretaria de la UCV.<\/p>\n\n\n\n<p>La&nbsp;<strong>vicerrectora acad\u00e9mica, Mar\u00eda F\u00e1tima Garc\u00e9s&nbsp;<\/strong>es bioanalista con PhD en Bioqu\u00edmica, pionera en estudios de obesidad y s\u00edndrome metab\u00f3lico en ni\u00f1os y adultos y adem\u00e1s de trabajar con el trastorno del espectro autista -TEA- en ni\u00f1os.<\/p>\n\n\n\n<p>El&nbsp;<strong>vicerrector administrativo, Jos\u00e9 Balbino Le\u00f3n,<\/strong>&nbsp;es Doctor en Ciencias de los Materiales, profesor universitario y Coordinador General de la Secretar\u00eda UCVE.<\/p>\n\n\n\n<p>Y la&nbsp;<strong>nueva secretaria Corina Aristimu\u00f1o Romero<\/strong>&nbsp;es Doctora en Odont\u00f3loga y profesora en la C\u00e1tedra Odontolog\u00eda Sanitaria con Maestr\u00eda en pr\u00e1ctica social y salud y Especialista en An\u00e1lisis de datos en Ciencias Sociales.<\/p>\n\n\n\n<p>Se espera que la Comisi\u00f3n Electoral de la UCV presente el bolet\u00edn definitivo el pr\u00f3ximo lunes.&nbsp;<\/p>\n\n\n\n<p class=\"has-text-align-right\"><strong><em>Uni\u00f3n Radio.-<\/em><\/strong><\/p>\n","protected":false},"excerpt":{"rendered":"<p>Casi 15 a\u00f1os pas\u00f3 la Universidad Central de Venezuela sin realizar elecciones, y este viernes fueron escogidas las nuevas autoridades acad\u00e9micas.&nbsp; V\u00edctor Rago Albujas, se convierte en el\u00a0rector electo de la Universidad Central de Venezuela -UCV-. Rago Albujas es Antrop\u00f3logo egresado de la UCV, doctor en Ling\u00fc\u00edstica en la Sorbonne-Par\u00eds IV,&nbsp;investigador en temas de lengua [&hellip;]<\/p>\n","protected":false},"author":2,"featured_media":38640,"comment_status":"open","ping_status":"closed","sticky":false,"template":"","format":"standard","meta":{"jnews-multi-image_gallery":[],"jnews_single_post":{"subtitle":"","format":"standard","video":"","gallery":"","source_name":"","source_url":"","via_name":"","via_url":"","override_template":"0","override":[{"template":"4","single_blog_custom":"","parallax":"1","fullscreen":"1","layout":"right-sidebar","sidebar":"default-sidebar","second_sidebar":"default-sidebar","sticky_sidebar":"1","share_position":"top","share_float_style":"share-monocrhome","show_share_counter":"1","show_view_counter":"1","show_featured":"1","show_post_meta":"1","show_post_author":"1","show_post_author_image":"1","show_post_date":"1","post_date_format":"default","post_date_format_custom":"Y\/m\/d","show_post_category":"1","show_post_reading_time":"1","post_reading_time_wpm":"300","show_zoom_button":"1","zoom_button_out_step":"2","zoom_button_in_step":"3","show_post_tag":"1","show_prev_next_post":"1","show_popup_post":"1","number_popup_post":"1","show_author_box":"1","show_post_related":"1","show_inline_post_related":"0"}],"override_image_size":"0","image_override":[{"single_post_thumbnail_size":"crop-500","single_post_gallery_size":"crop-500"}],"trending_post":"0","trending_post_position":"meta","trending_post_label":"Trending","sponsored_post":"0","sponsored_post_label":"Sponsored by","sponsored_post_name":"","sponsored_post_url":"","sponsored_post_logo_enable":"0","sponsored_post_logo":"","sponsored_post_desc":"","disable_ad":"0"},"jnews_primary_category":{"id":"","hide":""},"jnews_social_meta":{"fb_title":"","fb_description":"","fb_image":"","twitter_title":"","twitter_description":"","twitter_image":""},"jnews_review":[],"enable_review":"0","type":"percentage","name":"","summary":"","brand":"","sku":"","good":[{"good_text":""}],"bad":[{"bad_text":""}],"score_override":"","override_value":"","rating":[{"rating_text":"","rating_number":"10"}],"price":[{"shop":"","price":"","link":"","icon":""}],"jnews_override_counter":{"override_view_counter":"0","view_counter_number":"0","override_share_counter":"0","share_counter_number":"0","override_like_counter":"0","like_counter_number":"0","override_dislike_counter":"0","dislike_counter_number":"0"},"jnews_post_split":{"enable_post_split":"0","post_split":[{"template":"1","tag":"h2","numbering":"asc","mode":"normal","first":"0","enable_toc":"0","toc_type":"normal"}]},"footnotes":""},"categories":[66],"tags":[45,284,56],"class_list":["post-38639","post","type-post","status-publish","format-standard","has-post-thumbnail","hentry","category-venezuela","tag-noticias","tag-ucv","tag-venezuela"],"amp_enabled":true,"_links":{"self":[{"href":"https:\/\/esreviral.com\/index.php?rest_route=\/wp\/v2\/posts\/38639"}],"collection":[{"href":"https:\/\/esreviral.com\/index.php?rest_route=\/wp\/v2\/posts"}],"about":[{"href":"https:\/\/esreviral.com\/index.php?rest_route=\/wp\/v2\/types\/post"}],"author":[{"embeddable":true,"href":"https:\/\/esreviral.com\/index.php?rest_route=\/wp\/v2\/users\/2"}],"replies":[{"embeddable":true,"href":"https:\/\/esreviral.com\/index.php?rest_route=%2Fwp%2Fv2%2Fcomments&post=38639"}],"version-history":[{"count":0,"href":"https:\/\/esreviral.com\/index.php?rest_route=\/wp\/v2\/posts\/38639\/revisions"}],"wp:featuredmedia":[{"embeddable":true,"href":"https:\/\/esreviral.com\/index.php?rest_route=\/wp\/v2\/media\/38640"}],"wp:attachment":[{"href":"https:\/\/esreviral.com\/index.php?rest_route=%2Fwp%2Fv2%2Fmedia&parent=38639"}],"wp:term":[{"taxonomy":"category","embeddable":true,"href":"https:\/\/esreviral.com\/index.php?rest_route=%2Fwp%2Fv2%2Fcategories&post=38639"},{"taxonomy":"post_tag","embeddable":true,"href":"https:\/\/esreviral.com\/index.php?rest_route=%2Fwp%2Fv2%2Ftags&post=38639"}],"curies":[{"name":"wp","href":"https:\/\/api.w.org\/{rel}","templated":true}]}}