{"id":38630,"date":"2023-06-30T17:22:11","date_gmt":"2023-06-30T22:22:11","guid":{"rendered":"https:\/\/esreviral.com\/?p=38630"},"modified":"2023-06-30T17:23:37","modified_gmt":"2023-06-30T22:23:37","slug":"no-hay-vuelta-atras-maria-corina-machado-encabezo-una-concentracion-en-barinas-tras-el-anuncio-de-la-inhabililtacion","status":"publish","type":"post","link":"https:\/\/esreviral.com\/?p=38630","title":{"rendered":"\u00abNo hay vuelta atr\u00e1s\u00bb, Mar\u00eda Corina Machado encabez\u00f3 una concentraci\u00f3n en Barinas tras el anuncio de la inhabilitaci\u00f3n"},"content":{"rendered":"\n<p><strong><em>CIS.-<\/em><\/strong> <strong>\u00abNo hay vuelta atr\u00e1s\u00bb,<\/strong> afirm\u00f3 la precandidata presidencial por la oposici\u00f3n venezolana, Mar\u00eda Corina Machado, tras conocerse que la contralor\u00eda la hab\u00eda inhabilitado para ejercer cargos p\u00fablicos. Estas declaraciones las realiz\u00f3 desde Barinas, tierra natal de Hugo Ch\u00e1vez, donde encabez\u00f3 una gran concentraci\u00f3n a la que asistieron miles de venezolanos. <\/p>\n\n\n\n<p><strong>\u00abNo tenemos que preocuparnos por lo que ellos vayan a hacer. Aqu\u00ed tenemos que ocuparnos de lo que nosotros tenemos que hacer de cara al 22 de octubre. Porque ahora s\u00ed se lo buscaron. \u00a1Se lo buscaron! Estos tipos por lo visto no me conocen y no nos conocen, si creen que van a estar amenazando, amedrentando y paralizando a un pueblo que ha llegado hasta aqu\u00ed. Es demasiado tarde. \u00a1Ya es demasiado tarde! \u00a1Venezuela despert\u00f3 y esto no tiene vuelta atr\u00e1s!<\/strong>\u00ab.<\/p>\n\n\n\n<p>Y es que, la l\u00edder opositora, se mantiene firme y segura con su candidatura y ha dicho tambi\u00e9n en sus redes sociales que <strong>el 22 de octubre el pueblo va a demostrar \u00abestas inhabilitaciones no valen nada\u00bb<\/strong>. <\/p>\n\n\n\n<p>Delsa Solorzano, Henrique Capriles, Carlos Prosperi, Roberto Enr\u00edquez, entre otros, precandidatos, se pronunciaron a favor de Machado. <\/p>\n\n\n\n<p>Lea tambi\u00e9n: <\/p>\n\n\n\n<p><\/p>\n","protected":false},"excerpt":{"rendered":"<p>CIS.- \u00abNo hay vuelta atr\u00e1s\u00bb, afirm\u00f3 la precandidata presidencial por la oposici\u00f3n venezolana, Mar\u00eda Corina Machado, tras conocerse que la contralor\u00eda la hab\u00eda inhabilitado para ejercer cargos p\u00fablicos. Estas declaraciones las realiz\u00f3 desde Barinas, tierra natal de Hugo Ch\u00e1vez, donde encabez\u00f3 una gran concentraci\u00f3n a la que asistieron miles de venezolanos. \u00abNo tenemos que preocuparnos [&hellip;]<\/p>\n","protected":false},"author":2,"featured_media":38631,"comment_status":"open","ping_status":"closed","sticky":false,"template":"","format":"standard","meta":{"jnews-multi-image_gallery":[],"jnews_single_post":{"subtitle":"","format":"standard","video":"","gallery":"","source_name":"","source_url":"","via_name":"","via_url":"","override_template":"0","override":[{"template":"4","single_blog_custom":"","parallax":"1","fullscreen":"1","layout":"right-sidebar","sidebar":"default-sidebar","second_sidebar":"default-sidebar","sticky_sidebar":"1","share_position":"top","share_float_style":"share-monocrhome","show_share_counter":"1","show_view_counter":"1","show_featured":"1","show_post_meta":"1","show_post_author":"1","show_post_author_image":"1","show_post_date":"1","post_date_format":"default","post_date_format_custom":"Y\/m\/d","show_post_category":"1","show_post_reading_time":"1","post_reading_time_wpm":"300","show_zoom_button":"1","zoom_button_out_step":"2","zoom_button_in_step":"3","show_post_tag":"1","show_prev_next_post":"1","show_popup_post":"1","number_popup_post":"1","show_author_box":"1","show_post_related":"1","show_inline_post_related":"0"}],"override_image_size":"0","image_override":[{"single_post_thumbnail_size":"crop-500","single_post_gallery_size":"crop-500"}],"trending_post":"0","trending_post_position":"meta","trending_post_label":"Trending","sponsored_post":"0","sponsored_post_label":"Sponsored by","sponsored_post_name":"","sponsored_post_url":"","sponsored_post_logo_enable":"0","sponsored_post_logo":"","sponsored_post_desc":"","disable_ad":"0"},"jnews_primary_category":{"id":"","hide":""},"jnews_social_meta":{"fb_title":"","fb_description":"","fb_image":"","twitter_title":"","twitter_description":"","twitter_image":""},"jnews_review":[],"enable_review":"0","type":"percentage","name":"","summary":"","brand":"","sku":"","good":[{"good_text":""}],"bad":[{"bad_text":""}],"score_override":"","override_value":"","rating":[{"rating_text":"","rating_number":"10"}],"price":[{"shop":"","price":"","link":"","icon":""}],"jnews_override_counter":{"override_view_counter":"0","view_counter_number":"0","override_share_counter":"0","share_counter_number":"0","override_like_counter":"0","like_counter_number":"0","override_dislike_counter":"0","dislike_counter_number":"0"},"jnews_post_split":{"enable_post_split":"0","post_split":[{"template":"1","tag":"h2","numbering":"asc","mode":"normal","first":"0","enable_toc":"0","toc_type":"normal"}]},"footnotes":""},"categories":[59,66],"tags":[3265,45,56],"class_list":["post-38630","post","type-post","status-publish","format-standard","has-post-thumbnail","hentry","category-politica","category-venezuela","tag-maria-corina-machado-2","tag-noticias","tag-venezuela"],"amp_enabled":true,"_links":{"self":[{"href":"https:\/\/esreviral.com\/index.php?rest_route=\/wp\/v2\/posts\/38630"}],"collection":[{"href":"https:\/\/esreviral.com\/index.php?rest_route=\/wp\/v2\/posts"}],"about":[{"href":"https:\/\/esreviral.com\/index.php?rest_route=\/wp\/v2\/types\/post"}],"author":[{"embeddable":true,"href":"https:\/\/esreviral.com\/index.php?rest_route=\/wp\/v2\/users\/2"}],"replies":[{"embeddable":true,"href":"https:\/\/esreviral.com\/index.php?rest_route=%2Fwp%2Fv2%2Fcomments&post=38630"}],"version-history":[{"count":0,"href":"https:\/\/esreviral.com\/index.php?rest_route=\/wp\/v2\/posts\/38630\/revisions"}],"wp:featuredmedia":[{"embeddable":true,"href":"https:\/\/esreviral.com\/index.php?rest_route=\/wp\/v2\/media\/38631"}],"wp:attachment":[{"href":"https:\/\/esreviral.com\/index.php?rest_route=%2Fwp%2Fv2%2Fmedia&parent=38630"}],"wp:term":[{"taxonomy":"category","embeddable":true,"href":"https:\/\/esreviral.com\/index.php?rest_route=%2Fwp%2Fv2%2Fcategories&post=38630"},{"taxonomy":"post_tag","embeddable":true,"href":"https:\/\/esreviral.com\/index.php?rest_route=%2Fwp%2Fv2%2Ftags&post=38630"}],"curies":[{"name":"wp","href":"https:\/\/api.w.org\/{rel}","templated":true}]}}