{"id":38625,"date":"2023-06-30T17:04:17","date_gmt":"2023-06-30T22:04:17","guid":{"rendered":"https:\/\/esreviral.com\/?p=38625"},"modified":"2023-06-30T17:10:03","modified_gmt":"2023-06-30T22:10:03","slug":"patricia-bullrich-se-pronuncia-tras-la-inhabilitacion-de-machado-son-una-muestra-de-todo-lo-que-es-capaz-el-regimen-dictatorial-de-maduro","status":"publish","type":"post","link":"https:\/\/esreviral.com\/?p=38625","title":{"rendered":"Patricia Bullrich, se pronuncia tras la inhabilitaci\u00f3n de Machado: \u00abson una muestra de todo lo que es capaz el r\u00e9gimen dictatorial de Maduro\u00bb"},"content":{"rendered":"\n<p><strong><em>CIS.- <\/em><\/strong>La precandidata presidencial argentina del PRO, Patricia Bullrich, se pronunci\u00f3 en su cuenta de twitter, sobre <a href=\"https:\/\/esreviral.com\/el-madurismo-inhabilita-a-maria-corina-machado-a-meses-de-las-elecciones-primarias\/\">la inhabilitaci\u00f3n de la precandidata presidencial venezolana, Mar\u00eda Corina Machado<\/a>, <strong>\u00abesta vergonzosa e infundada inhabilitaci\u00f3n, como la que sufrieron tantos otros dirigentes venezolanos de la oposici\u00f3n, son una muestra de todo lo que es capaz el r\u00e9gimen dictatorial de Maduro\u00bb.<\/strong><\/p>\n\n\n\n<p>Bullrich, afirm\u00f3 que de ganar la presidencia, <strong>\u00abvamos a tener una pol\u00edtica internacional alineada con las democracias\u00bb.<\/strong><\/p>\n\n\n\n<p>Coment\u00f3 que minutos antes de que se conociera la inhabilitaci\u00f3n , estuvo en el XVI Foro Atl\u00e1ntico de la <a href=\"https:\/\/twitter.com\/FundacionFIL\">@FundacionFIL<\/a>, conversando sobre las posibilidades de la democracia en Venezuela al que asisti\u00f3 Machado. <\/p>\n\n\n\n<figure class=\"wp-block-embed is-type-rich is-provider-twitter wp-block-embed-twitter\"><div class=\"wp-block-embed__wrapper\">\n<blockquote class=\"twitter-tweet\" data-width=\"500\" data-dnt=\"true\"><p lang=\"es\" dir=\"ltr\">Hoy, minutos antes de que la proscribieran, estuve participando de forma remota con Mar\u00eda Corina Machado en el XVI Foro Atl\u00e1ntico de la <a href=\"https:\/\/twitter.com\/FundacionFIL?ref_src=twsrc%5Etfw\">@FundacionFIL<\/a>, conversando sobre las posibilidades de la democracia en Venezuela.<br>Esta vergonzosa e infundada inhabilitaci\u00f3n, como la que\u2026 <a href=\"https:\/\/t.co\/Oxb039LnT6\">pic.twitter.com\/Oxb039LnT6<\/a><\/p>&mdash; Patricia Bullrich (@PatoBullrich) <a href=\"https:\/\/twitter.com\/PatoBullrich\/status\/1674887196497649665?ref_src=twsrc%5Etfw\">June 30, 2023<\/a><\/blockquote><script async src=\"https:\/\/platform.twitter.com\/widgets.js\" charset=\"utf-8\"><\/script>\n<\/div><\/figure>\n\n\n\n<p><strong><mark style=\"background-color:rgba(0, 0, 0, 0)\" class=\"has-inline-color has-vivid-red-color\">A ti te habilita el pueblo<\/mark><\/strong><\/p>\n\n\n\n<p>Otro que se pronunci\u00f3 entre los pol\u00edticos argentinos fue el diputado nacional, Ricardo L\u00f3pez Murphi, quien le envi\u00f3 un abrazo a Machado y le coment\u00f3 que a ella la habilitaba el pueblo de Venezuela. <\/p>\n\n\n\n<p>\u00abEstamos contigo en la lucha por la libertad hasta el final\u00bb, le escribi\u00f3.<\/p>\n\n\n\n<figure class=\"wp-block-embed is-type-rich is-provider-twitter wp-block-embed-twitter\"><div class=\"wp-block-embed__wrapper\">\n<blockquote class=\"twitter-tweet\" data-width=\"500\" data-dnt=\"true\"><p lang=\"es\" dir=\"ltr\">Un abrazo desde el fondo de mi alma para <a href=\"https:\/\/twitter.com\/MariaCorinaYA?ref_src=twsrc%5Etfw\">@MariaCorinaYA<\/a>. Estamos contigo en la lucha por la libertad hasta el final. A ti te habilita el pueblo de Venezuela. Fuerza!<\/p>&mdash; Ricardo L\u00f3pez Murphy (@rlopezmurphy) <a href=\"https:\/\/twitter.com\/rlopezmurphy\/status\/1674875052590809088?ref_src=twsrc%5Etfw\">June 30, 2023<\/a><\/blockquote><script async src=\"https:\/\/platform.twitter.com\/widgets.js\" charset=\"utf-8\"><\/script>\n<\/div><\/figure>\n","protected":false},"excerpt":{"rendered":"<p>CIS.- La precandidata presidencial argentina del PRO, Patricia Bullrich, se pronunci\u00f3 en su cuenta de twitter, sobre la inhabilitaci\u00f3n de la precandidata presidencial venezolana, Mar\u00eda Corina Machado, \u00abesta vergonzosa e infundada inhabilitaci\u00f3n, como la que sufrieron tantos otros dirigentes venezolanos de la oposici\u00f3n, son una muestra de todo lo que es capaz el r\u00e9gimen dictatorial [&hellip;]<\/p>\n","protected":false},"author":2,"featured_media":38626,"comment_status":"open","ping_status":"closed","sticky":false,"template":"","format":"standard","meta":{"jnews-multi-image_gallery":[],"jnews_single_post":{"subtitle":"","format":"standard","video":"","gallery":"","source_name":"","source_url":"","via_name":"","via_url":"","override_template":"0","override":[{"template":"4","single_blog_custom":"","parallax":"1","fullscreen":"1","layout":"right-sidebar","sidebar":"default-sidebar","second_sidebar":"default-sidebar","sticky_sidebar":"1","share_position":"top","share_float_style":"share-monocrhome","show_share_counter":"1","show_view_counter":"1","show_featured":"1","show_post_meta":"1","show_post_author":"1","show_post_author_image":"1","show_post_date":"1","post_date_format":"default","post_date_format_custom":"Y\/m\/d","show_post_category":"1","show_post_reading_time":"1","post_reading_time_wpm":"300","show_zoom_button":"1","zoom_button_out_step":"2","zoom_button_in_step":"3","show_post_tag":"1","show_prev_next_post":"1","show_popup_post":"1","number_popup_post":"1","show_author_box":"1","show_post_related":"1","show_inline_post_related":"0"}],"override_image_size":"0","image_override":[{"single_post_thumbnail_size":"crop-500","single_post_gallery_size":"crop-500"}],"trending_post":"0","trending_post_position":"meta","trending_post_label":"Trending","sponsored_post":"0","sponsored_post_label":"Sponsored by","sponsored_post_name":"","sponsored_post_url":"","sponsored_post_logo_enable":"0","sponsored_post_logo":"","sponsored_post_desc":"","disable_ad":"0"},"jnews_primary_category":{"id":"","hide":""},"jnews_social_meta":{"fb_title":"","fb_description":"","fb_image":"","twitter_title":"","twitter_description":"","twitter_image":""},"jnews_review":[],"enable_review":"0","type":"percentage","name":"","summary":"","brand":"","sku":"","good":[{"good_text":""}],"bad":[{"bad_text":""}],"score_override":"","override_value":"","rating":[{"rating_text":"","rating_number":"10"}],"price":[{"shop":"","price":"","link":"","icon":""}],"jnews_override_counter":{"override_view_counter":"0","view_counter_number":"0","override_share_counter":"0","share_counter_number":"0","override_like_counter":"0","like_counter_number":"0","override_dislike_counter":"0","dislike_counter_number":"0"},"jnews_post_split":{"enable_post_split":"0","post_split":[{"template":"1","tag":"h2","numbering":"asc","mode":"normal","first":"0","enable_toc":"0","toc_type":"normal"}]},"footnotes":""},"categories":[58,59],"tags":[44,45,391,67],"class_list":["post-38625","post","type-post","status-publish","format-standard","has-post-thumbnail","hentry","category-argentina","category-politica","tag-argentina","tag-noticias","tag-patricia-bullrich","tag-venezolanos-en-argentina"],"amp_enabled":true,"_links":{"self":[{"href":"https:\/\/esreviral.com\/index.php?rest_route=\/wp\/v2\/posts\/38625"}],"collection":[{"href":"https:\/\/esreviral.com\/index.php?rest_route=\/wp\/v2\/posts"}],"about":[{"href":"https:\/\/esreviral.com\/index.php?rest_route=\/wp\/v2\/types\/post"}],"author":[{"embeddable":true,"href":"https:\/\/esreviral.com\/index.php?rest_route=\/wp\/v2\/users\/2"}],"replies":[{"embeddable":true,"href":"https:\/\/esreviral.com\/index.php?rest_route=%2Fwp%2Fv2%2Fcomments&post=38625"}],"version-history":[{"count":0,"href":"https:\/\/esreviral.com\/index.php?rest_route=\/wp\/v2\/posts\/38625\/revisions"}],"wp:featuredmedia":[{"embeddable":true,"href":"https:\/\/esreviral.com\/index.php?rest_route=\/wp\/v2\/media\/38626"}],"wp:attachment":[{"href":"https:\/\/esreviral.com\/index.php?rest_route=%2Fwp%2Fv2%2Fmedia&parent=38625"}],"wp:term":[{"taxonomy":"category","embeddable":true,"href":"https:\/\/esreviral.com\/index.php?rest_route=%2Fwp%2Fv2%2Fcategories&post=38625"},{"taxonomy":"post_tag","embeddable":true,"href":"https:\/\/esreviral.com\/index.php?rest_route=%2Fwp%2Fv2%2Ftags&post=38625"}],"curies":[{"name":"wp","href":"https:\/\/api.w.org\/{rel}","templated":true}]}}