{"id":38622,"date":"2023-06-30T16:56:53","date_gmt":"2023-06-30T21:56:53","guid":{"rendered":"https:\/\/esreviral.com\/?p=38622"},"modified":"2023-06-30T16:56:54","modified_gmt":"2023-06-30T21:56:54","slug":"exministro-chavista-sobre-inhabilitacion-de-machado-el-madurismo-no-gana-jamas","status":"publish","type":"post","link":"https:\/\/esreviral.com\/?p=38622","title":{"rendered":"Exministro chavista sobre inhabilitaci\u00f3n de Machado: \u00abel madurismo no gana jam\u00e1s\u00bb"},"content":{"rendered":"\n<p>Andr\u00e9s Izarra, exministro de Turismo durante el gobierno de Hugo Ch\u00e1vez pero detractor de Nicol\u00e1s Maduro, fij\u00f3 posici\u00f3n este viernes respecto a las maniobras del gobierno para impedir la candidatura presidencial de Mar\u00eda Corina Machado.<\/p>\n\n\n\n<p>Tras d\u00edas de acciones dirigidas a inhabilitar a Machado para el ejercicio de cargos p\u00fablicos, este viernes, 30 de junio Jos\u00e9 Brito, involucrado en la Operaci\u00f3n Alacr\u00e1n, inform\u00f3 que la Contralor\u00eda General de la Rep\u00fablica confirm\u00f3 que la abanderada de Vente Venezuela est\u00e1 inhabilitada por 15 a\u00f1os, que cuentan desde 2015.<\/p>\n\n\n\n<h2 class=\"wp-block-heading\"><strong><mark style=\"background-color:rgba(0, 0, 0, 0)\" class=\"has-inline-color has-vivid-red-color\">Izarra sobre Mar\u00eda Corina Machado<\/mark><\/strong><\/h2>\n\n\n\n<p>Izarra consider\u00f3 que con las acciones que el gobierno ha empleado en contra de Machado, se est\u00e1 construyendo una imagen heroica de la dirigente, a quien el exfuncionario no menciona por su nombre sino que se refiere a ella como <strong>\u00abla candidata\u00bb.<\/strong><\/p>\n\n\n\n<p><strong>\u00abCu\u00e1nto ayuda el madurismo a construirle una narrativa \u00e9pica a la candidata. En cada alcabala, cada cami\u00f3n de sonido, cada preso que detienen, ayuda a construir su imagen heroica. Se creen malosos pero son brutazos\u00bb<\/strong>, dijo Izarra en Twitter.<\/p>\n\n\n\n<p>El exministro se\u00f1al\u00f3 asimismo que el poder de convocatoria que ha demostrado Machado en el \u00faltimo mes tiene aturdido al madurismo.<\/p>\n\n\n\n<p>Lea tambi\u00e9n: <\/p>\n\n\n\n<figure class=\"wp-block-embed is-type-rich is-provider-twitter wp-block-embed-twitter\"><div class=\"wp-block-embed__wrapper\">\n<blockquote class=\"twitter-tweet\" data-width=\"500\" data-dnt=\"true\"><p lang=\"es\" dir=\"ltr\">Hagan la maniobra que hagan, en elecciones aut\u00e9nticas, el madurismo no gana jam\u00e1s. <br><br>No basta ser la minor\u00eda mejor organizada para enfrentar el nivel de rechazo que el pa\u00eds les profesa.<\/p>&mdash; Andr\u00e9s Izarra (@AgIzarra) <a href=\"https:\/\/twitter.com\/AgIzarra\/status\/1674800083735396352?ref_src=twsrc%5Etfw\">June 30, 2023<\/a><\/blockquote><script async src=\"https:\/\/platform.twitter.com\/widgets.js\" charset=\"utf-8\"><\/script>\n<\/div><\/figure>\n","protected":false},"excerpt":{"rendered":"<p>Andr\u00e9s Izarra, exministro de Turismo durante el gobierno de Hugo Ch\u00e1vez pero detractor de Nicol\u00e1s Maduro, fij\u00f3 posici\u00f3n este viernes respecto a las maniobras del gobierno para impedir la candidatura presidencial de Mar\u00eda Corina Machado. Tras d\u00edas de acciones dirigidas a inhabilitar a Machado para el ejercicio de cargos p\u00fablicos, este viernes, 30 de junio [&hellip;]<\/p>\n","protected":false},"author":2,"featured_media":38623,"comment_status":"open","ping_status":"closed","sticky":false,"template":"","format":"standard","meta":{"jnews-multi-image_gallery":[],"jnews_single_post":{"subtitle":"","format":"standard","video":"","gallery":"","source_name":"","source_url":"","via_name":"","via_url":"","override_template":"0","override":[{"template":"4","single_blog_custom":"","parallax":"1","fullscreen":"1","layout":"right-sidebar","sidebar":"default-sidebar","second_sidebar":"default-sidebar","sticky_sidebar":"1","share_position":"top","share_float_style":"share-monocrhome","show_share_counter":"1","show_view_counter":"1","show_featured":"1","show_post_meta":"1","show_post_author":"1","show_post_author_image":"1","show_post_date":"1","post_date_format":"default","post_date_format_custom":"Y\/m\/d","show_post_category":"1","show_post_reading_time":"1","post_reading_time_wpm":"300","show_zoom_button":"1","zoom_button_out_step":"2","zoom_button_in_step":"3","show_post_tag":"1","show_prev_next_post":"1","show_popup_post":"1","number_popup_post":"1","show_author_box":"1","show_post_related":"1","show_inline_post_related":"0"}],"override_image_size":"0","image_override":[{"single_post_thumbnail_size":"crop-500","single_post_gallery_size":"crop-500"}],"trending_post":"0","trending_post_position":"meta","trending_post_label":"Trending","sponsored_post":"0","sponsored_post_label":"Sponsored by","sponsored_post_name":"","sponsored_post_url":"","sponsored_post_logo_enable":"0","sponsored_post_logo":"","sponsored_post_desc":"","disable_ad":"0"},"jnews_primary_category":{"id":"","hide":""},"jnews_social_meta":{"fb_title":"","fb_description":"","fb_image":"","twitter_title":"","twitter_description":"","twitter_image":""},"jnews_review":[],"enable_review":"0","type":"percentage","name":"","summary":"","brand":"","sku":"","good":[{"good_text":""}],"bad":[{"bad_text":""}],"score_override":"","override_value":"","rating":[{"rating_text":"","rating_number":"10"}],"price":[{"shop":"","price":"","link":"","icon":""}],"jnews_override_counter":{"override_view_counter":"0","view_counter_number":"0","override_share_counter":"0","share_counter_number":"0","override_like_counter":"0","like_counter_number":"0","override_dislike_counter":"0","dislike_counter_number":"0"},"jnews_post_split":{"enable_post_split":"0","post_split":[{"template":"1","tag":"h2","numbering":"asc","mode":"normal","first":"0","enable_toc":"0","toc_type":"normal"}]},"footnotes":""},"categories":[59,66],"tags":[8079,3265,45,56],"class_list":["post-38622","post","type-post","status-publish","format-standard","has-post-thumbnail","hentry","category-politica","category-venezuela","tag-andres-izarra","tag-maria-corina-machado-2","tag-noticias","tag-venezuela"],"amp_enabled":true,"_links":{"self":[{"href":"https:\/\/esreviral.com\/index.php?rest_route=\/wp\/v2\/posts\/38622"}],"collection":[{"href":"https:\/\/esreviral.com\/index.php?rest_route=\/wp\/v2\/posts"}],"about":[{"href":"https:\/\/esreviral.com\/index.php?rest_route=\/wp\/v2\/types\/post"}],"author":[{"embeddable":true,"href":"https:\/\/esreviral.com\/index.php?rest_route=\/wp\/v2\/users\/2"}],"replies":[{"embeddable":true,"href":"https:\/\/esreviral.com\/index.php?rest_route=%2Fwp%2Fv2%2Fcomments&post=38622"}],"version-history":[{"count":0,"href":"https:\/\/esreviral.com\/index.php?rest_route=\/wp\/v2\/posts\/38622\/revisions"}],"wp:featuredmedia":[{"embeddable":true,"href":"https:\/\/esreviral.com\/index.php?rest_route=\/wp\/v2\/media\/38623"}],"wp:attachment":[{"href":"https:\/\/esreviral.com\/index.php?rest_route=%2Fwp%2Fv2%2Fmedia&parent=38622"}],"wp:term":[{"taxonomy":"category","embeddable":true,"href":"https:\/\/esreviral.com\/index.php?rest_route=%2Fwp%2Fv2%2Fcategories&post=38622"},{"taxonomy":"post_tag","embeddable":true,"href":"https:\/\/esreviral.com\/index.php?rest_route=%2Fwp%2Fv2%2Ftags&post=38622"}],"curies":[{"name":"wp","href":"https:\/\/api.w.org\/{rel}","templated":true}]}}