{"id":38582,"date":"2023-06-30T07:53:37","date_gmt":"2023-06-30T12:53:37","guid":{"rendered":"https:\/\/esreviral.com\/?p=38582"},"modified":"2023-06-30T07:53:38","modified_gmt":"2023-06-30T12:53:38","slug":"policia-que-mato-a-adolescente-en-francia-pidio-perdon-a-la-familia","status":"publish","type":"post","link":"https:\/\/esreviral.com\/?p=38582","title":{"rendered":"Polic\u00eda que mat\u00f3 a adolescente en Francia pidi\u00f3 perd\u00f3n a la familia"},"content":{"rendered":"\n<p>El polic\u00eda que\u00a0<strong>mat\u00f3 el martes a un adolescente<\/strong>\u00a0durante un control de tr\u00e1nsito en un suburbio de Par\u00eds, lo cual desat\u00f3 disturbios en Francia, pidi\u00f3 \u00abperd\u00f3n\u00bb a la familia de la v\u00edctima, inform\u00f3 su abogado este jueves.<\/p>\n\n\n\n<p>\u00abLas primeras palabras que pronunci\u00f3 eran para pedir perd\u00f3n y las \u00faltimas palabras que pronunci\u00f3 eran para pedir perd\u00f3n a la familia\u00bb de la v\u00edctima, declar\u00f3 Laurent-Franck Li\u00e9nard en la cadena BFMTV.<\/p>\n\n\n\n<p>\u00abMi cliente est\u00e1 extremadamente conmocionado por la violencia de este video (\u2026), que vio por primera vez mientras estaba bajo custodia policial\u00bb, describi\u00f3 el abogado, refiri\u00e9ndose a la grabaci\u00f3n que muestra al agente disparar contra el joven de 17 a\u00f1os de edad.<\/p>\n\n\n\n<p>\u00abEst\u00e1 destrozado, no se levanta por la ma\u00f1ana para matar gente. No quiso matar\u00bb, a\u00f1adi\u00f3.<\/p>\n\n\n\n<p><strong><em><mark style=\"background-color:rgba(0, 0, 0, 0)\" class=\"has-inline-color has-vivid-red-color\">Lea Tambi\u00e9n: <\/mark><mark><\/mark><\/em><\/strong><\/p>\n\n\n\n<p><\/p>\n\n\n\n<p>La justicia decret\u00f3 este jueves prisi\u00f3n preventiva por homicidio voluntario para el polic\u00eda de 38 a\u00f1os de edad.<\/p>\n\n\n\n<p>El abogado anunci\u00f3 que recurrir\u00e1 el viernes el ingreso en prisi\u00f3n preventiva de su cliente.<\/p>\n\n\n\n<p>La muerte&nbsp;de Nahel en el suburbio parisino de Nanterre desencaden\u00f3 disturbios en varias ciudades de Francia y reabri\u00f3 el debate sobre la violencia policial.<\/p>\n\n\n\n<p>Las autoridades ordenaron el jueves el despliegue de 40.000 agentes en previsi\u00f3n de una tercera noche de disturbios.<\/p>\n\n\n\n<p><strong><em><mark style=\"background-color:rgba(0, 0, 0, 0)\" class=\"has-inline-color has-vivid-red-color\">Lea Tambi\u00e9n: <\/mark><\/em><\/strong><\/p>\n\n\n\n<p class=\"has-text-align-right\"><strong><em>ElNacional.-<\/em><\/strong><\/p>\n","protected":false},"excerpt":{"rendered":"<p>Mi cliente est\u00e1 extremadamente conmocionado por la violencia de este video, que vio por primera vez mientras estaba bajo custodia policial\u00bb, describi\u00f3 el abogado, refiri\u00e9ndose a la grabaci\u00f3n que muestra al agente disparar contra el joven de 17 a\u00f1os de edad<\/p>\n","protected":false},"author":3,"featured_media":38583,"comment_status":"open","ping_status":"closed","sticky":false,"template":"","format":"standard","meta":{"jnews-multi-image_gallery":[],"jnews_single_post":{"subtitle":"","format":"standard","video":"","gallery":"","source_name":"","source_url":"","via_name":"","via_url":"","override_template":"0","override":[{"template":"4","single_blog_custom":"","parallax":"1","fullscreen":"1","layout":"right-sidebar","sidebar":"default-sidebar","second_sidebar":"default-sidebar","sticky_sidebar":"1","share_position":"top","share_float_style":"share-monocrhome","show_share_counter":"1","show_view_counter":"1","show_featured":"1","show_post_meta":"1","show_post_author":"1","show_post_author_image":"1","show_post_date":"1","post_date_format":"default","post_date_format_custom":"Y\/m\/d","show_post_category":"1","show_post_reading_time":"1","post_reading_time_wpm":"300","show_zoom_button":"1","zoom_button_out_step":"2","zoom_button_in_step":"3","show_post_tag":"1","show_prev_next_post":"1","show_popup_post":"1","number_popup_post":"1","show_author_box":"1","show_post_related":"1","show_inline_post_related":"0"}],"override_image_size":"0","image_override":[{"single_post_thumbnail_size":"crop-500","single_post_gallery_size":"crop-500"}],"trending_post":"0","trending_post_position":"meta","trending_post_label":"Trending","sponsored_post":"0","sponsored_post_label":"Sponsored by","sponsored_post_name":"","sponsored_post_url":"","sponsored_post_logo_enable":"0","sponsored_post_logo":"","sponsored_post_desc":"","disable_ad":"0"},"jnews_primary_category":{"id":"","hide":""},"jnews_social_meta":{"fb_title":"","fb_description":"","fb_image":"","twitter_title":"","twitter_description":"","twitter_image":""},"jnews_review":[],"enable_review":"0","type":"percentage","name":"","summary":"","brand":"","sku":"","good":[{"good_text":""}],"bad":[{"bad_text":""}],"score_override":"","override_value":"","rating":[{"rating_text":"","rating_number":"10"}],"price":[{"shop":"","price":"","link":"","icon":""}],"jnews_override_counter":{"override_view_counter":"0","view_counter_number":"0","override_share_counter":"0","share_counter_number":"0","override_like_counter":"0","like_counter_number":"0","override_dislike_counter":"0","dislike_counter_number":"0"},"jnews_post_split":{"enable_post_split":"0","post_split":[{"template":"1","tag":"h2","numbering":"asc","mode":"normal","first":"0","enable_toc":"0","toc_type":"normal"}]},"footnotes":""},"categories":[88,64],"tags":[10976,87,10977,10978,45,4010],"class_list":["post-38582","post","type-post","status-publish","format-standard","has-post-thumbnail","hentry","category-internacionales","category-sucesos","tag-control-de-transito","tag-francia","tag-homicidio-voluntario","tag-mato-a-adolescente","tag-noticias","tag-prision-preventiva"],"amp_enabled":true,"_links":{"self":[{"href":"https:\/\/esreviral.com\/index.php?rest_route=\/wp\/v2\/posts\/38582"}],"collection":[{"href":"https:\/\/esreviral.com\/index.php?rest_route=\/wp\/v2\/posts"}],"about":[{"href":"https:\/\/esreviral.com\/index.php?rest_route=\/wp\/v2\/types\/post"}],"author":[{"embeddable":true,"href":"https:\/\/esreviral.com\/index.php?rest_route=\/wp\/v2\/users\/3"}],"replies":[{"embeddable":true,"href":"https:\/\/esreviral.com\/index.php?rest_route=%2Fwp%2Fv2%2Fcomments&post=38582"}],"version-history":[{"count":0,"href":"https:\/\/esreviral.com\/index.php?rest_route=\/wp\/v2\/posts\/38582\/revisions"}],"wp:featuredmedia":[{"embeddable":true,"href":"https:\/\/esreviral.com\/index.php?rest_route=\/wp\/v2\/media\/38583"}],"wp:attachment":[{"href":"https:\/\/esreviral.com\/index.php?rest_route=%2Fwp%2Fv2%2Fmedia&parent=38582"}],"wp:term":[{"taxonomy":"category","embeddable":true,"href":"https:\/\/esreviral.com\/index.php?rest_route=%2Fwp%2Fv2%2Fcategories&post=38582"},{"taxonomy":"post_tag","embeddable":true,"href":"https:\/\/esreviral.com\/index.php?rest_route=%2Fwp%2Fv2%2Ftags&post=38582"}],"curies":[{"name":"wp","href":"https:\/\/api.w.org\/{rel}","templated":true}]}}