{"id":38577,"date":"2023-06-30T07:48:53","date_gmt":"2023-06-30T12:48:53","guid":{"rendered":"https:\/\/esreviral.com\/?p=38577"},"modified":"2023-06-30T07:48:54","modified_gmt":"2023-06-30T12:48:54","slug":"al-menos-667-detenidos-en-la-tercera-noche-de-disturbios-en-francia","status":"publish","type":"post","link":"https:\/\/esreviral.com\/?p=38577","title":{"rendered":"Al menos 667 detenidos en la tercera noche de disturbios en Francia"},"content":{"rendered":"\n<p>Al menos 667 personas fueron detenidas en la noche del jueves al viernes en Francia, la tercera consecutiva de disturbios tras la muerte de un joven en Nanterre por un disparo de la polic\u00eda cuando trataba de huir de un control.<\/p>\n\n\n\n<p>El ministro del Interior, G\u00e9rald Darmanin, dio esa cifra en un mensaje en\u00a0Twitter\u00a0y la relacion\u00f3 con las instrucciones de \u00abfirmeza\u00bb que hab\u00eda dado.<\/p>\n\n\n\n<p>Darmanin, que hab\u00eda desplegado 40.000 agentes para tratar de evitar que se reprodujeran los altercados, destac\u00f3 que polic\u00edas, gendarmes y bomberos tuvieron que \u00abafrontar una violencia infrecuente\u00bb.<\/p>\n\n\n\n<p>Seg\u00fan su departamento, en los enfrentamientos con los j\u00f3venes que protagonizaron las protestas -buena parte de los detenidos tienen entre 14 y 18 a\u00f1os de edad- resultaron heridos 249 polic\u00edas y gendarmes, aunque ninguno de gravedad.<\/p>\n\n\n\n<p>Una vez m\u00e1s, el epicentro de las protestas ha sido la ciudad de Nanterre, en la periferia inmediata de Par\u00eds, donde fue incendiada una agencia bancaria y varios edificios p\u00fablicos como escuelas y un centro de impuestos sufrieron serios desperfectos.<\/p>\n\n\n\n<figure class=\"wp-block-image size-large\"><img fetchpriority=\"high\" decoding=\"async\" width=\"1024\" height=\"683\" src=\"https:\/\/esreviral.com\/wp-content\/uploads\/2023\/06\/AnyConv.com__2f58a97f3ffb08e03d9353fa8b7ebbc9b347b788w-1392x928-1-1024x683.webp\" alt=\"\" class=\"wp-image-38578\" srcset=\"https:\/\/esreviral.com\/wp-content\/uploads\/2023\/06\/AnyConv.com__2f58a97f3ffb08e03d9353fa8b7ebbc9b347b788w-1392x928-1-1024x683.webp 1024w, https:\/\/esreviral.com\/wp-content\/uploads\/2023\/06\/AnyConv.com__2f58a97f3ffb08e03d9353fa8b7ebbc9b347b788w-1392x928-1-300x200.webp 300w, https:\/\/esreviral.com\/wp-content\/uploads\/2023\/06\/AnyConv.com__2f58a97f3ffb08e03d9353fa8b7ebbc9b347b788w-1392x928-1-768x512.webp 768w, https:\/\/esreviral.com\/wp-content\/uploads\/2023\/06\/AnyConv.com__2f58a97f3ffb08e03d9353fa8b7ebbc9b347b788w-1392x928-1-750x500.webp 750w, https:\/\/esreviral.com\/wp-content\/uploads\/2023\/06\/AnyConv.com__2f58a97f3ffb08e03d9353fa8b7ebbc9b347b788w-1392x928-1-1140x760.webp 1140w, https:\/\/esreviral.com\/wp-content\/uploads\/2023\/06\/AnyConv.com__2f58a97f3ffb08e03d9353fa8b7ebbc9b347b788w-1392x928-1.webp 1392w\" sizes=\"(max-width: 1024px) 100vw, 1024px\" \/><\/figure>\n\n\n\n<p><\/p>\n\n\n\n<p>Tambi\u00e9n fueron pasto de las llamas 13 autobuses de la red metropolitana de Par\u00eds que estaban estacionados en un dep\u00f3sito de la ciudad de Aubervilliers, y fueron objeto de un ataque de varios individuos con c\u00f3cteles molotov.<\/p>\n\n\n\n<p>En reacci\u00f3n a la situaci\u00f3n de riesgo en el transporte p\u00fablico, el vicepresidente de la regi\u00f3n Ile-de-France, Fr\u00e9d\u00e9ric P\u00e9chenard, anunci\u00f3 en declaraciones a la emisora France Info que autobuses y tranv\u00edas dejar\u00e1n de circular hoy a partir de las 21.00 horas (19.00 GMT).<\/p>\n\n\n\n<p>Pero la ola de violencia no se limit\u00f3 a los barrios sensibles de la regi\u00f3n de Par\u00eds, sino que tambi\u00e9n alcanz\u00f3 a la capital, donde hubo saqueos de comercios en el barrio de Les Halles, en el centro, y muchas otras ciudades.<\/p>\n\n\n\n<p>En varias localidades de Ile-de-France, los alcaldes han decretado toques de queda que van a estar en vigor hasta el final de la semana.<\/p>\n\n\n\n<p>El jefe del Estado, Emmanuel Macron, debe presidir una c\u00e9lula de crisis que se celebrar\u00e1 a las 13.00 hora local (11.00 GMT) a su vuelta de Bruselas, donde est\u00e1 participando en el Consejo Europeo, inform\u00f3 el El\u00edseo.<\/p>\n\n\n\n<figure class=\"wp-block-image size-large\"><img decoding=\"async\" width=\"1024\" height=\"683\" src=\"https:\/\/esreviral.com\/wp-content\/uploads\/2023\/06\/AnyConv.com__f6a10bb941a1546ff209f5e5106352ecdb9218e8w-1392x928-1-1024x683.webp\" alt=\"\" class=\"wp-image-38579\" srcset=\"https:\/\/esreviral.com\/wp-content\/uploads\/2023\/06\/AnyConv.com__f6a10bb941a1546ff209f5e5106352ecdb9218e8w-1392x928-1-1024x683.webp 1024w, https:\/\/esreviral.com\/wp-content\/uploads\/2023\/06\/AnyConv.com__f6a10bb941a1546ff209f5e5106352ecdb9218e8w-1392x928-1-300x200.webp 300w, https:\/\/esreviral.com\/wp-content\/uploads\/2023\/06\/AnyConv.com__f6a10bb941a1546ff209f5e5106352ecdb9218e8w-1392x928-1-768x512.webp 768w, https:\/\/esreviral.com\/wp-content\/uploads\/2023\/06\/AnyConv.com__f6a10bb941a1546ff209f5e5106352ecdb9218e8w-1392x928-1-750x500.webp 750w, https:\/\/esreviral.com\/wp-content\/uploads\/2023\/06\/AnyConv.com__f6a10bb941a1546ff209f5e5106352ecdb9218e8w-1392x928-1-1140x760.webp 1140w, https:\/\/esreviral.com\/wp-content\/uploads\/2023\/06\/AnyConv.com__f6a10bb941a1546ff209f5e5106352ecdb9218e8w-1392x928-1.webp 1392w\" sizes=\"(max-width: 1024px) 100vw, 1024px\" \/><\/figure>\n\n\n\n<p><\/p>\n\n\n\n<p>Ayer ya presidi\u00f3 una a primera hora de la ma\u00f1ana en el Ministerio del Interior con varios miembros de su Gobierno, empezando por la primera ministra, \u00c9lisabeth Borne. Macron hab\u00eda denunciado entonces unos disturbios \u00abinjustificables\u00bb.<\/p>\n\n\n\n<p>Su ministro de Pol\u00edticas Urbanas y Vivienda, Olivier Klein, hizo \u00abun llamamiento a los padres\u00bb para que \u00abesta noche no haya ning\u00fan chico en la calle\u00bb y evitar as\u00ed que se reproduzcan de nuevo los altercados y enfrentamientos.<\/p>\n\n\n\n<p>Klein, antiguo socialista que fue entre 2011 y 2022, una de las ciudades m\u00e1s pobres de la periferia de Par\u00eds conocida por haber sido la protagonista de la ola de disturbios de 2005, asegur\u00f3 que \u00abhay una movilizaci\u00f3n del Gobierno para que esto acabe\u00bb y que su mensaje es que \u00abse ha entendido el enfado\u00bb pero que el estallido de violencia no arregla nada.<\/p>\n\n\n\n<p>El polic\u00eda autor del tiro mortal que acab\u00f3 con la vida el martes del joven Nahel en Nanterre, cuando trataba de escapar de un control con un coche que conduc\u00eda sin carn\u00e9 ha pasado su primera noche en la prisi\u00f3n de la Sant\u00e9 de Par\u00eds, imputado por homicidio voluntario y su abogado ha anunciado que tiene intenci\u00f3n de recurrir.<\/p>\n\n\n\n<p>En declaraciones a la emisora France Info, el letrado, Laurent-Franck Li\u00e9nard, insisti\u00f3 en que el brigadier pide perd\u00f3n a la familia de Nahel, pero tambi\u00e9n que \u00abestim\u00f3 que lo que hizo era necesario en el momento en que lo hizo\u00bb. Por eso va a solicitar que se levante la orden judicial que lo ha enviado a prisi\u00f3n.<\/p>\n\n\n\n<p><strong><em><mark style=\"background-color:rgba(0, 0, 0, 0)\" class=\"has-inline-color has-vivid-red-color\">Lea Tambi\u00e9n: <\/mark><\/em><\/strong><\/p>\n\n\n\n<p class=\"has-text-align-right\"><em><strong>ElNacional.-<\/strong><\/em><\/p>\n","protected":false},"excerpt":{"rendered":"<p>En los enfrentamientos con los j\u00f3venes que protagonizaron las protestas -buena parte de los detenidos tienen entre 14 y 18 a\u00f1os de edad- resultaron heridos 249 polic\u00edas y gendarmes, aunque ninguno de gravedad.<\/p>\n","protected":false},"author":3,"featured_media":38580,"comment_status":"open","ping_status":"closed","sticky":false,"template":"","format":"standard","meta":{"jnews-multi-image_gallery":[],"jnews_single_post":{"subtitle":"","format":"standard","video":"","gallery":"","source_name":"","source_url":"","via_name":"","via_url":"","override_template":"0","override":[{"template":"4","single_blog_custom":"","parallax":"1","fullscreen":"1","layout":"right-sidebar","sidebar":"default-sidebar","second_sidebar":"default-sidebar","sticky_sidebar":"1","share_position":"top","share_float_style":"share-monocrhome","show_share_counter":"1","show_view_counter":"1","show_featured":"1","show_post_meta":"1","show_post_author":"1","show_post_author_image":"1","show_post_date":"1","post_date_format":"default","post_date_format_custom":"Y\/m\/d","show_post_category":"1","show_post_reading_time":"1","post_reading_time_wpm":"300","show_zoom_button":"1","zoom_button_out_step":"2","zoom_button_in_step":"3","show_post_tag":"1","show_prev_next_post":"1","show_popup_post":"1","number_popup_post":"1","show_author_box":"1","show_post_related":"1","show_inline_post_related":"0"}],"override_image_size":"0","image_override":[{"single_post_thumbnail_size":"crop-500","single_post_gallery_size":"crop-500"}],"trending_post":"0","trending_post_position":"meta","trending_post_label":"Trending","sponsored_post":"0","sponsored_post_label":"Sponsored by","sponsored_post_name":"","sponsored_post_url":"","sponsored_post_logo_enable":"0","sponsored_post_logo":"","sponsored_post_desc":"","disable_ad":"0"},"jnews_primary_category":{"id":"","hide":""},"jnews_social_meta":{"fb_title":"","fb_description":"","fb_image":"","twitter_title":"","twitter_description":"","twitter_image":""},"jnews_review":[],"enable_review":"0","type":"percentage","name":"","summary":"","brand":"","sku":"","good":[{"good_text":""}],"bad":[{"bad_text":""}],"score_override":"","override_value":"","rating":[{"rating_text":"","rating_number":"10"}],"price":[{"shop":"","price":"","link":"","icon":""}],"jnews_override_counter":{"override_view_counter":"0","view_counter_number":"0","override_share_counter":"0","share_counter_number":"0","override_like_counter":"0","like_counter_number":"0","override_dislike_counter":"0","dislike_counter_number":"0"},"jnews_post_split":{"enable_post_split":"0","post_split":[{"template":"1","tag":"h2","numbering":"asc","mode":"normal","first":"0","enable_toc":"0","toc_type":"normal"}]},"footnotes":""},"categories":[88,64],"tags":[1958,5861,7979,87,45,1041],"class_list":["post-38577","post","type-post","status-publish","format-standard","has-post-thumbnail","hentry","category-internacionales","category-sucesos","tag-detenidos","tag-disturbios","tag-disturbios-en-paris","tag-francia","tag-noticias","tag-paris"],"amp_enabled":true,"_links":{"self":[{"href":"https:\/\/esreviral.com\/index.php?rest_route=\/wp\/v2\/posts\/38577"}],"collection":[{"href":"https:\/\/esreviral.com\/index.php?rest_route=\/wp\/v2\/posts"}],"about":[{"href":"https:\/\/esreviral.com\/index.php?rest_route=\/wp\/v2\/types\/post"}],"author":[{"embeddable":true,"href":"https:\/\/esreviral.com\/index.php?rest_route=\/wp\/v2\/users\/3"}],"replies":[{"embeddable":true,"href":"https:\/\/esreviral.com\/index.php?rest_route=%2Fwp%2Fv2%2Fcomments&post=38577"}],"version-history":[{"count":0,"href":"https:\/\/esreviral.com\/index.php?rest_route=\/wp\/v2\/posts\/38577\/revisions"}],"wp:featuredmedia":[{"embeddable":true,"href":"https:\/\/esreviral.com\/index.php?rest_route=\/wp\/v2\/media\/38580"}],"wp:attachment":[{"href":"https:\/\/esreviral.com\/index.php?rest_route=%2Fwp%2Fv2%2Fmedia&parent=38577"}],"wp:term":[{"taxonomy":"category","embeddable":true,"href":"https:\/\/esreviral.com\/index.php?rest_route=%2Fwp%2Fv2%2Fcategories&post=38577"},{"taxonomy":"post_tag","embeddable":true,"href":"https:\/\/esreviral.com\/index.php?rest_route=%2Fwp%2Fv2%2Ftags&post=38577"}],"curies":[{"name":"wp","href":"https:\/\/api.w.org\/{rel}","templated":true}]}}