{"id":38530,"date":"2023-06-29T09:51:31","date_gmt":"2023-06-29T14:51:31","guid":{"rendered":"https:\/\/esreviral.com\/?p=38530"},"modified":"2023-06-29T09:51:31","modified_gmt":"2023-06-29T14:51:31","slug":"delincuentes-golpearon-a-una-jubilada-en-lanus-y-le-robaron-dolares","status":"publish","type":"post","link":"https:\/\/esreviral.com\/?p=38530","title":{"rendered":"Delincuentes golpearon a una jubilada en Lan\u00fas y le robaron d\u00f3lares"},"content":{"rendered":"\n<p>Tras una exhaustiva investigaci\u00f3n, efectivos de la Polic\u00eda Bonaerense capturaron este lunes a\u00a0<strong>tres j\u00f3venes,<\/strong>\u00a0<strong>de entre 19 y 22 a\u00f1os de edad, involucrados en una violenta entradera a una mujer de 91 a\u00f1os<\/strong> de edad, ocurrida en la localidad de\u00a0<strong>Lan\u00fas Este<\/strong>, al sur de la provincia de Buenos Aires.<\/p>\n\n\n\n<p><strong>Los delincuentes eran buscados desde el pasado 15 de junio<\/strong>, cuando un llamado al 911 alert\u00f3 por un robo en una residencia ubicada en la calle Sarmiento, en la que actualmente habita la v\u00edctima.<\/p>\n\n\n\n<p>Seg\u00fan indicaron fuentes policiales al medio informativo de<em>\u00a0Infobae<\/em>, la v\u00edctima presentaba signos de violencia f\u00edsica al momento del robo, y hab\u00eda sido atacada por dos personas que,\u00a0<strong>haci\u00e9ndose pasar por delivery de comida, ingresaron a su hogar, la sometieron y le sustrajeron 2.000 d\u00f3lares.<\/strong><\/p>\n\n\n\n<p>Gracias a los registros f\u00edlmicos captados por las&nbsp;<strong>C\u00e1maras de Monitoreo del Municipio de Lan\u00fas&nbsp;<\/strong>y a los datos obtenidos a trav\u00e9s del equipo de Gabinete de An\u00e1lisis y Planificaci\u00f3n,&nbsp;<strong>se logr\u00f3 identificar a los sospechosos<\/strong>, as\u00ed como los veh\u00edculos utilizados para cometer el delito. Las grabaciones permitieron rastrear la ruta seguida por los delincuentes, quienes se desplazaban en motocicletas.<\/p>\n\n\n\n<p>En consecuencia, este lunes por la madrugada, oficiales del Grupo T\u00e1ctico Operativo (GTO) de la Comisar\u00eda 2\u00aa, en conjunto con miembros del Grupo de Apoyo Departamental (GAD) de Lan\u00fas, llevaron a cabo una serie de allanamientos en tres domicilios ubicados en la ciudad de Remedios de Escalada, en los que\u00a0<strong>fueron arrestados Federico R. (22), Valentina A. (21) y Joaqu\u00edn R. (19).<\/strong><\/p>\n\n\n\n<figure class=\"wp-block-image size-full\"><img fetchpriority=\"high\" decoding=\"async\" width=\"768\" height=\"432\" src=\"https:\/\/esreviral.com\/wp-content\/uploads\/2023\/06\/AnyConv.com__HU6CENXVZZHE7LQPSHTQG6HC3I.webp\" alt=\"\" class=\"wp-image-38531\" srcset=\"https:\/\/esreviral.com\/wp-content\/uploads\/2023\/06\/AnyConv.com__HU6CENXVZZHE7LQPSHTQG6HC3I.webp 768w, https:\/\/esreviral.com\/wp-content\/uploads\/2023\/06\/AnyConv.com__HU6CENXVZZHE7LQPSHTQG6HC3I-300x169.webp 300w, https:\/\/esreviral.com\/wp-content\/uploads\/2023\/06\/AnyConv.com__HU6CENXVZZHE7LQPSHTQG6HC3I-750x422.webp 750w\" sizes=\"(max-width: 768px) 100vw, 768px\" \/><\/figure>\n\n\n\n<p><\/p>\n\n\n\n<p>Durante el operativo, en el domicilio de la joven detenida,<strong>&nbsp;los efectivos secuestraron una pistola calibre 45 marca Ballester Molina y 12 proyectiles.<\/strong><\/p>\n\n\n\n<p>En tanto, en el domicilio del delincuente de 19 a\u00f1os, se encontr\u00f3 una pistola calibre 22 largo marca GMC y una moto marca Gilera Smash azul,&nbsp;<strong>la cual hab\u00eda sido utilizada al momento de realizar la entradera en la casa de la v\u00edctima.<\/strong><\/p>\n\n\n\n<p>A su vez, los agentes asistieron al domicilio de un cuarto sospechoso, quien no se encontraba presente durante el allanamiento y que, ahora,&nbsp;<strong>permanece con orden de detenci\u00f3n.<\/strong><\/p>\n\n\n\n<p>La causa est\u00e1 a cargo del fiscal\u00a0<strong>Mariano Leguiza<\/strong>, de la Unidad Funcional de Instrucci\u00f3n N\u00ba5 del departamento judicial de Avellaneda-Lan\u00fas.<\/p>\n\n\n\n<p class=\"has-text-align-right\"><strong><em>Infobae.-<\/em><\/strong><\/p>\n","protected":false},"excerpt":{"rendered":"<p>Los tres sospechosos fueron arrestados este lunes por la madrugada gracias a las c\u00e1maras municipales. Durante los allanamientos se secuestraron dos pistolas, una moto y 12 proyectiles<\/p>\n","protected":false},"author":3,"featured_media":38532,"comment_status":"open","ping_status":"closed","sticky":false,"template":"","format":"standard","meta":{"jnews-multi-image_gallery":[],"jnews_single_post":{"subtitle":"","format":"standard","video":"","gallery":"","source_name":"","source_url":"","via_name":"","via_url":"","override_template":"0","override":[{"template":"4","single_blog_custom":"","parallax":"1","fullscreen":"1","layout":"right-sidebar","sidebar":"default-sidebar","second_sidebar":"default-sidebar","sticky_sidebar":"1","share_position":"top","share_float_style":"share-monocrhome","show_share_counter":"1","show_view_counter":"1","show_featured":"1","show_post_meta":"1","show_post_author":"1","show_post_author_image":"1","show_post_date":"1","post_date_format":"default","post_date_format_custom":"Y\/m\/d","show_post_category":"1","show_post_reading_time":"1","post_reading_time_wpm":"300","show_zoom_button":"1","zoom_button_out_step":"2","zoom_button_in_step":"3","show_post_tag":"1","show_prev_next_post":"1","show_popup_post":"1","number_popup_post":"1","show_author_box":"1","show_post_related":"1","show_inline_post_related":"0"}],"override_image_size":"0","image_override":[{"single_post_thumbnail_size":"crop-500","single_post_gallery_size":"crop-500"}],"trending_post":"0","trending_post_position":"meta","trending_post_label":"Trending","sponsored_post":"0","sponsored_post_label":"Sponsored by","sponsored_post_name":"","sponsored_post_url":"","sponsored_post_logo_enable":"0","sponsored_post_logo":"","sponsored_post_desc":"","disable_ad":"0"},"jnews_primary_category":{"id":"","hide":""},"jnews_social_meta":{"fb_title":"","fb_description":"","fb_image":"","twitter_title":"","twitter_description":"","twitter_image":""},"jnews_review":[],"enable_review":"0","type":"percentage","name":"","summary":"","brand":"","sku":"","good":[{"good_text":""}],"bad":[{"bad_text":""}],"score_override":"","override_value":"","rating":[{"rating_text":"","rating_number":"10"}],"price":[{"shop":"","price":"","link":"","icon":""}],"jnews_override_counter":{"override_view_counter":"0","view_counter_number":"0","override_share_counter":"0","share_counter_number":"0","override_like_counter":"0","like_counter_number":"0","override_dislike_counter":"0","dislike_counter_number":"0"},"jnews_post_split":{"enable_post_split":"0","post_split":[{"template":"1","tag":"h2","numbering":"asc","mode":"normal","first":"0","enable_toc":"0","toc_type":"normal"}]},"footnotes":""},"categories":[58,64],"tags":[44,3142,45,6234,130],"class_list":["post-38530","post","type-post","status-publish","format-standard","has-post-thumbnail","hentry","category-argentina","category-sucesos","tag-argentina","tag-lanus-2","tag-noticias","tag-policia-bonaerense-3","tag-robo"],"amp_enabled":true,"_links":{"self":[{"href":"https:\/\/esreviral.com\/index.php?rest_route=\/wp\/v2\/posts\/38530"}],"collection":[{"href":"https:\/\/esreviral.com\/index.php?rest_route=\/wp\/v2\/posts"}],"about":[{"href":"https:\/\/esreviral.com\/index.php?rest_route=\/wp\/v2\/types\/post"}],"author":[{"embeddable":true,"href":"https:\/\/esreviral.com\/index.php?rest_route=\/wp\/v2\/users\/3"}],"replies":[{"embeddable":true,"href":"https:\/\/esreviral.com\/index.php?rest_route=%2Fwp%2Fv2%2Fcomments&post=38530"}],"version-history":[{"count":0,"href":"https:\/\/esreviral.com\/index.php?rest_route=\/wp\/v2\/posts\/38530\/revisions"}],"wp:featuredmedia":[{"embeddable":true,"href":"https:\/\/esreviral.com\/index.php?rest_route=\/wp\/v2\/media\/38532"}],"wp:attachment":[{"href":"https:\/\/esreviral.com\/index.php?rest_route=%2Fwp%2Fv2%2Fmedia&parent=38530"}],"wp:term":[{"taxonomy":"category","embeddable":true,"href":"https:\/\/esreviral.com\/index.php?rest_route=%2Fwp%2Fv2%2Fcategories&post=38530"},{"taxonomy":"post_tag","embeddable":true,"href":"https:\/\/esreviral.com\/index.php?rest_route=%2Fwp%2Fv2%2Ftags&post=38530"}],"curies":[{"name":"wp","href":"https:\/\/api.w.org\/{rel}","templated":true}]}}