{"id":38520,"date":"2023-06-29T08:39:33","date_gmt":"2023-06-29T13:39:33","guid":{"rendered":"https:\/\/esreviral.com\/?p=38520"},"modified":"2023-06-29T09:21:19","modified_gmt":"2023-06-29T14:21:19","slug":"paro-de-colectivos-agredieron-a-un-chofer-y-rige-una-nueva-medida-de-fuerza","status":"publish","type":"post","link":"https:\/\/esreviral.com\/?p=38520","title":{"rendered":"Paro de colectivos: agredieron a un chofer y rige una nueva medida de fuerza"},"content":{"rendered":"\n<p>La&nbsp;<strong>l\u00ednea 70<\/strong>, que une el barrio porte\u00f1o de Retiro con Valent\u00edn Alsina -partido bonaerense de Lan\u00fas- se encuentra de paro luego de que&nbsp;<strong>dos delincuentes agredieran a un chofer durante un robo en Barracas.<\/strong><\/p>\n\n\n\n<p>El hecho ocurri\u00f3 en la intersecci\u00f3n de Iriarte y Zavaleta, cuando dos ladrones subieron al interno y comenzaron a golpear al conductor a culatazos.\u00a0<strong>La v\u00edctima sufri\u00f3 heridas en la cabeza<\/strong>\u00a0y sus compa\u00f1eros decidieron iniciar una medida de fuerza en reclamo de mayor seguridad.<\/p>\n\n\n\n<p>El chofer, que sufri\u00f3 el robo de su billetera y su tel\u00e9fono,\u00a0<strong>no fue la \u00fanica v\u00edctima del ataque:<\/strong>\u00a0los delincuentes tambi\u00e9n golpearon a los pasajeros y les quitaron sus celulares. Testigos contaron que, antes de bajar del veh\u00edculo,\u00a0<strong>los ladrones efectuaron dos disparos al aire.<\/strong><\/p>\n\n\n\n<p>El paro en la l\u00ednea perteneciente a Transportes 270 S.A. es por tiempo indeterminado y todav\u00eda no se sabe cu\u00e1ndo se reanudar\u00e1 el servicio.<\/p>\n\n\n\n<figure class=\"wp-block-image size-large\"><img fetchpriority=\"high\" decoding=\"async\" width=\"1024\" height=\"573\" src=\"https:\/\/esreviral.com\/wp-content\/uploads\/2023\/06\/AnyConv.com__EOZO62MSNVCMJB6CSIPZUNRARU-1024x573.webp\" alt=\"\" class=\"wp-image-38521\" srcset=\"https:\/\/esreviral.com\/wp-content\/uploads\/2023\/06\/AnyConv.com__EOZO62MSNVCMJB6CSIPZUNRARU-1024x573.webp 1024w, https:\/\/esreviral.com\/wp-content\/uploads\/2023\/06\/AnyConv.com__EOZO62MSNVCMJB6CSIPZUNRARU-300x168.webp 300w, https:\/\/esreviral.com\/wp-content\/uploads\/2023\/06\/AnyConv.com__EOZO62MSNVCMJB6CSIPZUNRARU-768x430.webp 768w, https:\/\/esreviral.com\/wp-content\/uploads\/2023\/06\/AnyConv.com__EOZO62MSNVCMJB6CSIPZUNRARU-750x420.webp 750w, https:\/\/esreviral.com\/wp-content\/uploads\/2023\/06\/AnyConv.com__EOZO62MSNVCMJB6CSIPZUNRARU-1140x638.webp 1140w, https:\/\/esreviral.com\/wp-content\/uploads\/2023\/06\/AnyConv.com__EOZO62MSNVCMJB6CSIPZUNRARU.webp 1440w\" sizes=\"(max-width: 1024px) 100vw, 1024px\" \/><\/figure>\n\n\n\n<p><\/p>\n\n\n\n<p><strong><mark style=\"background-color:rgba(0, 0, 0, 0)\" class=\"has-inline-color has-vivid-red-color\">El crimen del colectivero Daniel Barrientos<\/mark><\/strong><\/p>\n\n\n\n<p>A principios de abril, el crimen de\u00a0<strong>Daniel Barrientos<\/strong>,\u00a0el colectivero que fue asesinado en Virrey del Pino,\u00a0provoc\u00f3 una gran conmoci\u00f3n en la sociedad y en una protesta de choferes fue agredido Sergio Berni, ministro de seguridad bonaerense. Pese al impacto que caus\u00f3 aquel episodio, siguen sucedi\u00e9ndose los robos en colectivos.<\/p>\n\n\n\n<p>Por el asesinato del conductor, dos j\u00f3venes permanecen detenidos mientras la causa contin\u00faa en investigaci\u00f3n. Se trata de&nbsp;<strong>Edgardo Mart\u00edn Mu\u00f1oz<\/strong>, de 21 a\u00f1os, y<strong>&nbsp;un menor de 15 cuya identidad no fue revelada.<\/strong><\/p>\n\n\n\n<p><mark style=\"background-color:rgba(0, 0, 0, 0)\" class=\"has-inline-color has-vivid-red-color\"><em><strong>Lee tambi\u00e9n:\u00a0<\/strong><\/em><\/mark><\/p>\n\n\n\n<p>Los presuntos asesinos de Barrientos<strong>&nbsp;fueron capturados luego de 14 allanamientos<\/strong>&nbsp;en las localidades de Ciudad Evita, Virrey del Pino y Gonz\u00e1lez Cat\u00e1n -todas de La Matanza- y cuarenta d\u00edas de investigaci\u00f3n. La DDI de La Matanza de la Polic\u00eda Bonaerense fue quien los detuvo a unas pocas cuadras del Cat\u00e1n Shopping, en la colectora de la ruta 3, entre<strong>&nbsp;Andonaegui y Almagro.<\/strong><\/p>\n\n\n\n<p>El caso ya hab\u00eda tenido dos personas detenidas, investigadas por el fiscal Gast\u00f3n Dupl\u00e1a, que luego fueron liberadas. Poco tiempo despu\u00e9s Dupla\u00e1 dej\u00f3 el expediente del que se hizo cargo el fiscal Adri\u00e1n Arribas y el secretario Facundo Macarrone.<\/p>\n\n\n\n<p class=\"has-text-align-right\"><em>TN.-<\/em><\/p>\n","protected":false},"excerpt":{"rendered":"<p>Ocurri\u00f3 en Barracas. Hubo un tiroteo dentro de la unidad de la empresa perteneciente a Transportes 270 S.A.<\/p>\n","protected":false},"author":3,"featured_media":34999,"comment_status":"open","ping_status":"closed","sticky":false,"template":"","format":"standard","meta":{"jnews-multi-image_gallery":[],"jnews_single_post":{"subtitle":"","format":"standard","video":"","gallery":"","source_name":"","source_url":"","via_name":"","via_url":"","override_template":"0","override":[{"template":"4","single_blog_custom":"","parallax":"1","fullscreen":"1","layout":"right-sidebar","sidebar":"default-sidebar","second_sidebar":"default-sidebar","sticky_sidebar":"1","share_position":"top","share_float_style":"share-monocrhome","show_share_counter":"1","show_view_counter":"1","show_featured":"1","show_post_meta":"1","show_post_author":"1","show_post_author_image":"1","show_post_date":"1","post_date_format":"default","post_date_format_custom":"Y\/m\/d","show_post_category":"1","show_post_reading_time":"1","post_reading_time_wpm":"300","show_zoom_button":"1","zoom_button_out_step":"2","zoom_button_in_step":"3","show_post_tag":"1","show_prev_next_post":"1","show_popup_post":"1","number_popup_post":"1","show_author_box":"1","show_post_related":"1","show_inline_post_related":"0"}],"override_image_size":"0","image_override":[{"single_post_thumbnail_size":"crop-500","single_post_gallery_size":"crop-500"}],"trending_post":"0","trending_post_position":"meta","trending_post_label":"Trending","sponsored_post":"0","sponsored_post_label":"Sponsored by","sponsored_post_name":"","sponsored_post_url":"","sponsored_post_logo_enable":"0","sponsored_post_logo":"","sponsored_post_desc":"","disable_ad":"0"},"jnews_primary_category":{"id":"","hide":""},"jnews_social_meta":{"fb_title":"","fb_description":"","fb_image":"","twitter_title":"","twitter_description":"","twitter_image":""},"jnews_review":[],"enable_review":"0","type":"percentage","name":"","summary":"","brand":"","sku":"","good":[{"good_text":""}],"bad":[{"bad_text":""}],"score_override":"","override_value":"","rating":[{"rating_text":"","rating_number":"10"}],"price":[{"shop":"","price":"","link":"","icon":""}],"jnews_override_counter":{"override_view_counter":"0","view_counter_number":"0","override_share_counter":"0","share_counter_number":"0","override_like_counter":"0","like_counter_number":"0","override_dislike_counter":"0","dislike_counter_number":"0"},"jnews_post_split":{"enable_post_split":"0","post_split":[{"template":"1","tag":"h2","numbering":"asc","mode":"normal","first":"0","enable_toc":"0","toc_type":"normal"}]},"footnotes":""},"categories":[58],"tags":[44,10952,3142,10951,45,3343,3487,274],"class_list":["post-38520","post","type-post","status-publish","format-standard","has-post-thumbnail","hentry","category-argentina","tag-argentina","tag-barrio-porteno-de-retiro","tag-lanus-2","tag-linea-70","tag-noticias","tag-paro-de-colectivos","tag-retiro","tag-transporte-publico"],"amp_enabled":true,"_links":{"self":[{"href":"https:\/\/esreviral.com\/index.php?rest_route=\/wp\/v2\/posts\/38520"}],"collection":[{"href":"https:\/\/esreviral.com\/index.php?rest_route=\/wp\/v2\/posts"}],"about":[{"href":"https:\/\/esreviral.com\/index.php?rest_route=\/wp\/v2\/types\/post"}],"author":[{"embeddable":true,"href":"https:\/\/esreviral.com\/index.php?rest_route=\/wp\/v2\/users\/3"}],"replies":[{"embeddable":true,"href":"https:\/\/esreviral.com\/index.php?rest_route=%2Fwp%2Fv2%2Fcomments&post=38520"}],"version-history":[{"count":0,"href":"https:\/\/esreviral.com\/index.php?rest_route=\/wp\/v2\/posts\/38520\/revisions"}],"wp:featuredmedia":[{"embeddable":true,"href":"https:\/\/esreviral.com\/index.php?rest_route=\/wp\/v2\/media\/34999"}],"wp:attachment":[{"href":"https:\/\/esreviral.com\/index.php?rest_route=%2Fwp%2Fv2%2Fmedia&parent=38520"}],"wp:term":[{"taxonomy":"category","embeddable":true,"href":"https:\/\/esreviral.com\/index.php?rest_route=%2Fwp%2Fv2%2Fcategories&post=38520"},{"taxonomy":"post_tag","embeddable":true,"href":"https:\/\/esreviral.com\/index.php?rest_route=%2Fwp%2Fv2%2Ftags&post=38520"}],"curies":[{"name":"wp","href":"https:\/\/api.w.org\/{rel}","templated":true}]}}