{"id":38403,"date":"2023-06-27T08:43:55","date_gmt":"2023-06-27T13:43:55","guid":{"rendered":"https:\/\/esreviral.com\/?p=38403"},"modified":"2023-06-27T08:43:56","modified_gmt":"2023-06-27T13:43:56","slug":"tres-colectivos-chocaron-en-cadena-y-cuatro-personas-resultaron-heridas","status":"publish","type":"post","link":"https:\/\/esreviral.com\/?p=38403","title":{"rendered":"Tres colectivos chocaron en cadena y cuatro personas resultaron heridas"},"content":{"rendered":"\n<p>En una&nbsp;<strong>ma\u00f1ana con varios accidentes en la ciudad de Buenos Aires<\/strong>, con al menos&nbsp;<strong>cuatro incidentes viales<\/strong>&nbsp;distribuidos en distintos barrios porte\u00f1os,<strong>&nbsp;tres colectivos chocaron en cadena en el Metrob\u00fas que corre a lo largo de un tramo de la avenida Santa Fe<\/strong>. Debido al hecho,&nbsp;<strong>cuatro personas debieron ser atendidas por el SAME<\/strong>. No fue la \u00fanica vez que debieron intervenir los m\u00e9dicos. Por la madrugada, veh\u00edculos colisionaron en&nbsp;<strong>Almagro<\/strong>&nbsp;y dos v\u00edctimas debieron ser hospitalizadas. M\u00e1s tarde, en&nbsp;<strong>San Telmo,&nbsp;<\/strong>un auto choc\u00f3 contra un cami\u00f3n de bomberos y en&nbsp;<strong>Caballito<\/strong>&nbsp;una mujer fue atropellada por un \u00f3mnibus.<\/p>\n\n\n\n<p>Alrededor de las 9,\u00a0<strong>tres colectivos de las l\u00edneas 60, 12 y 15 protagonizaron un choque en cadena\u00a0<\/strong>en el Metrob\u00fas de la avenida Santa Fe a la\u00a0<strong>altura del cruce con Fitz Roy<\/strong>, en\u00a0<strong>Palermo<\/strong>. De acuerdo a las primeras informaciones, cuatro pasajeros, que viajaban en las distintas unidades, debieron ser atendidos por el personal de la salud.<\/p>\n\n\n\n<figure class=\"wp-block-video\"><video controls src=\"https:\/\/lanacionar-prod.video.arc-cdn.net\/wp-lanacionar\/20230627\/649ada85faf76e634bed1deb\/t_396ed0e838964d8a9d42b2cb7a7977eb_name_SnapTwitter_erPnkTQumn3mLOOm\/file_1280x720-2000-v3_1.mp4\"><\/video><\/figure>\n\n\n\n<p>El primer incidente vial del d\u00eda tuvo lugar en la madrugada en el&nbsp;<strong>cruce de avenida La Plata con Rosario<\/strong>&nbsp;y uno de los rodados, una camioneta Ford EcoSports, volc\u00f3 a ra\u00edz de la fuerza del impacto contra un Citr\u00f6en C-Elysee.&nbsp;<strong>Dos de los ocupantes de uno de los veh\u00edculos debieron ser trasladados a hospitales tras sufrir politraumatismos<\/strong>. Los conductores, en tanto, fueron sometidos a controles cl\u00ednicos en el lugar.<\/p>\n\n\n\n<p>Fuentes de la Polic\u00eda de la Ciudad informaron al medio informativo de <em>La Naci\u00f3n<\/em>\u00a0que personal de la Comisar\u00eda Vecinal 5 B y ambulancias del SAME concurrieron al lugar. El hecho habr\u00eda ocurrido alrededor de las 2. En esa esquina, que de d\u00eda suele ser muy transitada, colisionaron el Citr\u00f6en, en el que viajaba solo el conductor, y la Ford EcoSports, en el que se trasladaban tres personas.<\/p>\n\n\n\n<p><\/p>\n\n\n\n<figure class=\"wp-block-image size-full\"><img fetchpriority=\"high\" decoding=\"async\" width=\"879\" height=\"588\" src=\"https:\/\/esreviral.com\/wp-content\/uploads\/2023\/06\/AnyConv.com__choque-en-avenida-la-plata-y-rosario-en-el-barrio-Q6EYPO7OMVBSZPROGVOFDJ6WBI.webp\" alt=\"\" class=\"wp-image-38404\" srcset=\"https:\/\/esreviral.com\/wp-content\/uploads\/2023\/06\/AnyConv.com__choque-en-avenida-la-plata-y-rosario-en-el-barrio-Q6EYPO7OMVBSZPROGVOFDJ6WBI.webp 879w, https:\/\/esreviral.com\/wp-content\/uploads\/2023\/06\/AnyConv.com__choque-en-avenida-la-plata-y-rosario-en-el-barrio-Q6EYPO7OMVBSZPROGVOFDJ6WBI-300x201.webp 300w, https:\/\/esreviral.com\/wp-content\/uploads\/2023\/06\/AnyConv.com__choque-en-avenida-la-plata-y-rosario-en-el-barrio-Q6EYPO7OMVBSZPROGVOFDJ6WBI-768x514.webp 768w, https:\/\/esreviral.com\/wp-content\/uploads\/2023\/06\/AnyConv.com__choque-en-avenida-la-plata-y-rosario-en-el-barrio-Q6EYPO7OMVBSZPROGVOFDJ6WBI-750x502.webp 750w\" sizes=\"(max-width: 879px) 100vw, 879px\" \/><\/figure>\n\n\n\n<p><\/p>\n\n\n\n<p>La EcoSports, que transitaba por la avenida La Plata, volc\u00f3 y qued\u00f3 de costado, pero los ocupantes pudieron salir por sus propios medios, agregaron los voceros. Los dos acompa\u00f1antes de ese rodado fueron trasladados a los hospitales Durand y Ramos Mej\u00eda, con politraumatismos, en tanto que ambos automovilistas fueron controlados cl\u00ednicamente. Pasadas las 7, las calles de la zona continuaban cortadas al tr\u00e1nsito para facilitar las tareas de los agentes policiales y los peritajes.<\/p>\n\n\n\n<figure class=\"wp-block-image size-full\"><img decoding=\"async\" width=\"879\" height=\"588\" src=\"https:\/\/esreviral.com\/wp-content\/uploads\/2023\/06\/AnyConv.com__choque-en-avenida-la-plata-y-MSJBDIXUIJEP7AYJ6K37JUGOZA-1.webp\" alt=\"\" class=\"wp-image-38405\" srcset=\"https:\/\/esreviral.com\/wp-content\/uploads\/2023\/06\/AnyConv.com__choque-en-avenida-la-plata-y-MSJBDIXUIJEP7AYJ6K37JUGOZA-1.webp 879w, https:\/\/esreviral.com\/wp-content\/uploads\/2023\/06\/AnyConv.com__choque-en-avenida-la-plata-y-MSJBDIXUIJEP7AYJ6K37JUGOZA-1-300x201.webp 300w, https:\/\/esreviral.com\/wp-content\/uploads\/2023\/06\/AnyConv.com__choque-en-avenida-la-plata-y-MSJBDIXUIJEP7AYJ6K37JUGOZA-1-768x514.webp 768w, https:\/\/esreviral.com\/wp-content\/uploads\/2023\/06\/AnyConv.com__choque-en-avenida-la-plata-y-MSJBDIXUIJEP7AYJ6K37JUGOZA-1-750x502.webp 750w\" sizes=\"(max-width: 879px) 100vw, 879px\" \/><\/figure>\n\n\n\n<p><\/p>\n\n\n\n<p>Por otra parte, en&nbsp;<strong>Brasil y Paseo Col\u00f3n<\/strong>&nbsp;ocurri\u00f3 esta ma\u00f1ana -alrededor de las 7.30- un segundo siniestro vial en el marco del cual&nbsp;<strong>un auto choc\u00f3 contra un cami\u00f3n de bomberos<\/strong>. Seg\u00fan las primeras informaciones, la autobomba se dirig\u00eda a apagar un incendio en el barrio porte\u00f1o de Puerto Madero por la primera avenida, en tanto que el rodado particular se desplazaba por Paseo Col\u00f3n cuando impact\u00f3 contra el cami\u00f3n en circunstancias que se investigan.<\/p>\n\n\n\n<p>Como consecuencia de la colisi\u00f3n, la parte frontal del auto, modelo Fiat Palio, qued\u00f3 destrozada, en tanto que su&nbsp;<strong>conductor debi\u00f3 ser trasladado de urgencia al Hospital General de Agudos Dr. Cosme Argerich<\/strong>. Por otra parte, se inform\u00f3 que los cinco agentes que viajaban en el cami\u00f3n de bomberos no sufrieron lesiones de gravedad.<\/p>\n\n\n\n<p>Pasadas las 8, ambos veh\u00edculos siniestrados continuaban en la escena a la espera de la realizaci\u00f3n de las pericias correspondientes y de su posterior remoci\u00f3n, lo que generaba&nbsp;<strong>importantes complicaciones para circular en la zona<\/strong>.<\/p>\n\n\n\n<p><strong><mark style=\"background-color:rgba(0, 0, 0, 0)\" class=\"has-inline-color has-vivid-red-color\">Accidente en Caballito: una peat\u00f3n herida<\/mark><\/strong><\/p>\n\n\n\n<p>En una ma\u00f1ana sumamente accidentada en el centro porte\u00f1o,\u00a0<strong>una mujer fue atropellada por un interno de la l\u00ednea de colectivos 84 en la esquina de avenida Jos\u00e9 Mar\u00eda Moreno y Guayaquil<\/strong>, en el barrio de\u00a0<strong>Caballito<\/strong>. Debido al incidente,\u00a0<strong>la v\u00edctima debi\u00f3 ser hospitalizada<\/strong>. Tras un llamado de alerta al 911, personal de la Comisar\u00eda Vecinal 6 B de la Polic\u00eda de la Ciudad se traslad\u00f3 hasta el lugar.<\/p>\n\n\n\n<figure class=\"wp-block-image size-full\"><img decoding=\"async\" width=\"879\" height=\"588\" src=\"https:\/\/esreviral.com\/wp-content\/uploads\/2023\/06\/AnyConv.com__un-colectivo-de-la-linea-86-atropello-a-una-mujer-2LOVF25ZHVGWHO232D2J4URYM4.webp\" alt=\"\" class=\"wp-image-38406\" srcset=\"https:\/\/esreviral.com\/wp-content\/uploads\/2023\/06\/AnyConv.com__un-colectivo-de-la-linea-86-atropello-a-una-mujer-2LOVF25ZHVGWHO232D2J4URYM4.webp 879w, https:\/\/esreviral.com\/wp-content\/uploads\/2023\/06\/AnyConv.com__un-colectivo-de-la-linea-86-atropello-a-una-mujer-2LOVF25ZHVGWHO232D2J4URYM4-300x201.webp 300w, https:\/\/esreviral.com\/wp-content\/uploads\/2023\/06\/AnyConv.com__un-colectivo-de-la-linea-86-atropello-a-una-mujer-2LOVF25ZHVGWHO232D2J4URYM4-768x514.webp 768w, https:\/\/esreviral.com\/wp-content\/uploads\/2023\/06\/AnyConv.com__un-colectivo-de-la-linea-86-atropello-a-una-mujer-2LOVF25ZHVGWHO232D2J4URYM4-750x502.webp 750w\" sizes=\"(max-width: 879px) 100vw, 879px\" \/><\/figure>\n\n\n\n<p><\/p>\n\n\n\n<p>Dentro del \u00f3mnibus, en tanto, seis pasajeros debieron ser atendidos por personal m\u00e9dico del SAME tras sufrir distintos golpes por la frenada brusca que debi\u00f3 hacer el colectivo al arrollar a la v\u00edctima. Las v\u00edctimas fueron trasladadas a los hospitales Durand y Ramos Mej\u00eda. Interviene en la investigaci\u00f3n la Fiscal\u00eda de Flagrancia del \u00c1rea Oeste.<\/p>\n\n\n\n<p class=\"has-text-align-right\"><em><strong>LA NACION<\/strong>.-<\/em><\/p>\n","protected":false},"excerpt":{"rendered":"<p>Se trat\u00f3 del cuarto incidente vial ocurrido en lo que va de esta ma\u00f1ana en distintos barrios porte\u00f1os; entre todos los hechos debieron ser atendidas al menos 14 v\u00edctimas<\/p>\n","protected":false},"author":3,"featured_media":38407,"comment_status":"open","ping_status":"closed","sticky":false,"template":"","format":"standard","meta":{"jnews-multi-image_gallery":[],"jnews_single_post":{"subtitle":"","format":"standard","video":"","gallery":"","source_name":"","source_url":"","via_name":"","via_url":"","override_template":"0","override":[{"template":"4","single_blog_custom":"","parallax":"1","fullscreen":"1","layout":"right-sidebar","sidebar":"default-sidebar","second_sidebar":"default-sidebar","sticky_sidebar":"1","share_position":"top","share_float_style":"share-monocrhome","show_share_counter":"1","show_view_counter":"1","show_featured":"1","show_post_meta":"1","show_post_author":"1","show_post_author_image":"1","show_post_date":"1","post_date_format":"default","post_date_format_custom":"Y\/m\/d","show_post_category":"1","show_post_reading_time":"1","post_reading_time_wpm":"300","show_zoom_button":"1","zoom_button_out_step":"2","zoom_button_in_step":"3","show_post_tag":"1","show_prev_next_post":"1","show_popup_post":"1","number_popup_post":"1","show_author_box":"1","show_post_related":"1","show_inline_post_related":"0"}],"override_image_size":"0","image_override":[{"single_post_thumbnail_size":"crop-500","single_post_gallery_size":"crop-500"}],"trending_post":"0","trending_post_position":"meta","trending_post_label":"Trending","sponsored_post":"0","sponsored_post_label":"Sponsored by","sponsored_post_name":"","sponsored_post_url":"","sponsored_post_logo_enable":"0","sponsored_post_logo":"","sponsored_post_desc":"","disable_ad":"0"},"jnews_primary_category":{"id":"","hide":""},"jnews_social_meta":{"fb_title":"","fb_description":"","fb_image":"","twitter_title":"","twitter_description":"","twitter_image":""},"jnews_review":[],"enable_review":"0","type":"percentage","name":"","summary":"","brand":"","sku":"","good":[{"good_text":""}],"bad":[{"bad_text":""}],"score_override":"","override_value":"","rating":[{"rating_text":"","rating_number":"10"}],"price":[{"shop":"","price":"","link":"","icon":""}],"jnews_override_counter":{"override_view_counter":"0","view_counter_number":"0","override_share_counter":"0","share_counter_number":"0","override_like_counter":"0","like_counter_number":"0","override_dislike_counter":"0","dislike_counter_number":"0"},"jnews_post_split":{"enable_post_split":"0","post_split":[{"template":"1","tag":"h2","numbering":"asc","mode":"normal","first":"0","enable_toc":"0","toc_type":"normal"}]},"footnotes":""},"categories":[58,64],"tags":[2543,6000,44,10852,1516,894,2143,10850,10849,45,784,3715,10851],"class_list":["post-38403","post","type-post","status-publish","format-standard","has-post-thumbnail","hentry","category-argentina","category-sucesos","tag-accidente-de-transito","tag-almagro","tag-argentina","tag-avenida-santa-fe","tag-caballito","tag-ciudad-de-buenos-aires","tag-colectivos","tag-colectivos-chocaron","tag-metrobus-de-santa-fe","tag-noticias","tag-palermo","tag-personas-heridas","tag-personas-resultaron-heridas"],"_links":{"self":[{"href":"https:\/\/esreviral.com\/index.php?rest_route=\/wp\/v2\/posts\/38403","targetHints":{"allow":["GET"]}}],"collection":[{"href":"https:\/\/esreviral.com\/index.php?rest_route=\/wp\/v2\/posts"}],"about":[{"href":"https:\/\/esreviral.com\/index.php?rest_route=\/wp\/v2\/types\/post"}],"author":[{"embeddable":true,"href":"https:\/\/esreviral.com\/index.php?rest_route=\/wp\/v2\/users\/3"}],"replies":[{"embeddable":true,"href":"https:\/\/esreviral.com\/index.php?rest_route=%2Fwp%2Fv2%2Fcomments&post=38403"}],"version-history":[{"count":0,"href":"https:\/\/esreviral.com\/index.php?rest_route=\/wp\/v2\/posts\/38403\/revisions"}],"wp:featuredmedia":[{"embeddable":true,"href":"https:\/\/esreviral.com\/index.php?rest_route=\/wp\/v2\/media\/38407"}],"wp:attachment":[{"href":"https:\/\/esreviral.com\/index.php?rest_route=%2Fwp%2Fv2%2Fmedia&parent=38403"}],"wp:term":[{"taxonomy":"category","embeddable":true,"href":"https:\/\/esreviral.com\/index.php?rest_route=%2Fwp%2Fv2%2Fcategories&post=38403"},{"taxonomy":"post_tag","embeddable":true,"href":"https:\/\/esreviral.com\/index.php?rest_route=%2Fwp%2Fv2%2Ftags&post=38403"}],"curies":[{"name":"wp","href":"https:\/\/api.w.org\/{rel}","templated":true}]}}