{"id":3836,"date":"2021-02-01T20:33:52","date_gmt":"2021-02-01T23:33:52","guid":{"rendered":"http:\/\/esreviral.com\/?p=3836"},"modified":"2021-02-01T20:33:52","modified_gmt":"2021-02-01T23:33:52","slug":"denunciaron-y-pidieron-la-destitucion-de-la-jueza-zucconi","status":"publish","type":"post","link":"https:\/\/esreviral.com\/?p=3836","title":{"rendered":"Denunciaron y pidieron la destituci\u00f3n de la Jueza Zucconi"},"content":{"rendered":"\n<p>Diego Mar\u00edas y Pablo G. Tonelli, en car\u00e1cter de Consejeros del Consejo de la Magistratura de la Naci\u00f3n, denunciaron a la jueza Karina Zucconi por su \u00abmal desempe\u00f1o\u00bb. Ambos presentaron unos escritos en los que dan las razones por las cuales tomaron esta decisi\u00f3n. <\/p>\n\n\n\n<p>Pero adem\u00e1s, en ambos documentos se lee la exigencia de destituir a la jueza que lleva el caso de la venezolana que habr\u00eda sido violada y por lo cual, a pesar de las pruebas presentadas por la fiscal\u00eda, dej\u00f3 en libertad condicional al acusado, Irineo Garz\u00f3n. <\/p>\n","protected":false},"excerpt":{"rendered":"<p>Diego Mar\u00edas y Pablo G. Tonelli, en car\u00e1cter de Consejeros del Consejo de la Magistratura de la Naci\u00f3n, denunciaron a la jueza Karina Zucconi por su \u00abmal desempe\u00f1o\u00bb. Ambos presentaron unos escritos en los que dan las razones por las cuales tomaron esta decisi\u00f3n. Pero adem\u00e1s, en ambos documentos se lee la exigencia de destituir [&hellip;]<\/p>\n","protected":false},"author":2,"featured_media":3837,"comment_status":"open","ping_status":"open","sticky":false,"template":"","format":"standard","meta":{"jnews-multi-image_gallery":[],"jnews_single_post":[],"jnews_primary_category":[],"jnews_social_meta":[],"jnews_review":[],"enable_review":"","type":"","name":"","summary":"","brand":"","sku":"","good":[],"bad":[],"score_override":"","override_value":"","rating":[],"price":[],"jnews_override_counter":[],"jnews_post_split":[],"footnotes":""},"categories":[58],"tags":[526,123,45],"class_list":["post-3836","post","type-post","status-publish","format-standard","has-post-thumbnail","hentry","category-argentina","tag-garzon","tag-informacion","tag-noticias"],"amp_enabled":true,"_links":{"self":[{"href":"https:\/\/esreviral.com\/index.php?rest_route=\/wp\/v2\/posts\/3836"}],"collection":[{"href":"https:\/\/esreviral.com\/index.php?rest_route=\/wp\/v2\/posts"}],"about":[{"href":"https:\/\/esreviral.com\/index.php?rest_route=\/wp\/v2\/types\/post"}],"author":[{"embeddable":true,"href":"https:\/\/esreviral.com\/index.php?rest_route=\/wp\/v2\/users\/2"}],"replies":[{"embeddable":true,"href":"https:\/\/esreviral.com\/index.php?rest_route=%2Fwp%2Fv2%2Fcomments&post=3836"}],"version-history":[{"count":0,"href":"https:\/\/esreviral.com\/index.php?rest_route=\/wp\/v2\/posts\/3836\/revisions"}],"wp:featuredmedia":[{"embeddable":true,"href":"https:\/\/esreviral.com\/index.php?rest_route=\/"}],"wp:attachment":[{"href":"https:\/\/esreviral.com\/index.php?rest_route=%2Fwp%2Fv2%2Fmedia&parent=3836"}],"wp:term":[{"taxonomy":"category","embeddable":true,"href":"https:\/\/esreviral.com\/index.php?rest_route=%2Fwp%2Fv2%2Fcategories&post=3836"},{"taxonomy":"post_tag","embeddable":true,"href":"https:\/\/esreviral.com\/index.php?rest_route=%2Fwp%2Fv2%2Ftags&post=3836"}],"curies":[{"name":"wp","href":"https:\/\/api.w.org\/{rel}","templated":true}]}}