{"id":38352,"date":"2023-06-26T15:09:29","date_gmt":"2023-06-26T20:09:29","guid":{"rendered":"https:\/\/esreviral.com\/?p=38352"},"modified":"2023-06-26T15:09:30","modified_gmt":"2023-06-26T20:09:30","slug":"una-mujer-trans-se-consagra-como-miss-international-queen-2023-en-el-mes-del-orgullo","status":"publish","type":"post","link":"https:\/\/esreviral.com\/?p=38352","title":{"rendered":"Una mujer trans se consagra como Miss International Queen 2023 en el Mes del Orgullo"},"content":{"rendered":"\n<p>La holandesa<strong>&nbsp;Solange Dekker<\/strong>&nbsp;gan\u00f3 este s\u00e1bado la corona de&nbsp;<strong>Miss Internacional Queen 2023<\/strong>&nbsp;en el concurso de belleza trans celebrado en la ciudad tailandesa de Pattaya.<\/p>\n\n\n\n<p>La singapurense<strong>\u00a0Qatrisha Zairyah Kamsir\u00a0<\/strong>qued\u00f3 segunda, mientras la estadounidense Melony Munro termin\u00f3 en tercera posici\u00f3n en la gala que tuvo lugar en el teatro Tiffany de la tur\u00edstica urbe costera y que fue retransmitida en directo por Internet.<\/p>\n\n\n\n<figure class=\"wp-block-image size-large\"><img fetchpriority=\"high\" decoding=\"async\" width=\"1024\" height=\"706\" src=\"https:\/\/esreviral.com\/wp-content\/uploads\/2023\/06\/AnyConv.com__NRVDEF2UZRC6RAQTIBHBWTAUIA-1024x706.webp\" alt=\"\" class=\"wp-image-38353\" srcset=\"https:\/\/esreviral.com\/wp-content\/uploads\/2023\/06\/AnyConv.com__NRVDEF2UZRC6RAQTIBHBWTAUIA-1024x706.webp 1024w, https:\/\/esreviral.com\/wp-content\/uploads\/2023\/06\/AnyConv.com__NRVDEF2UZRC6RAQTIBHBWTAUIA-300x207.webp 300w, https:\/\/esreviral.com\/wp-content\/uploads\/2023\/06\/AnyConv.com__NRVDEF2UZRC6RAQTIBHBWTAUIA-768x530.webp 768w, https:\/\/esreviral.com\/wp-content\/uploads\/2023\/06\/AnyConv.com__NRVDEF2UZRC6RAQTIBHBWTAUIA-750x517.webp 750w, https:\/\/esreviral.com\/wp-content\/uploads\/2023\/06\/AnyConv.com__NRVDEF2UZRC6RAQTIBHBWTAUIA-1140x786.webp 1140w, https:\/\/esreviral.com\/wp-content\/uploads\/2023\/06\/AnyConv.com__NRVDEF2UZRC6RAQTIBHBWTAUIA.webp 1440w\" sizes=\"(max-width: 1024px) 100vw, 1024px\" \/><\/figure>\n\n\n\n<p><\/p>\n\n\n\n<p>El resto de finalistas fueron la representante de M\u00e9xico Ivanna Cazares, la tailandesa Arisara Kankla, y la filipina Lars Pacheco.<\/p>\n\n\n\n<p>Este a\u00f1o el certamen cont\u00f3 con la participaci\u00f3n de\u00a0<strong>22 candidatas<\/strong>\u00a0de pa\u00edses como Brasil, Colombia, Ecuador, Nicaragua, Per\u00fa, Puerto Rico, Espa\u00f1a y Venezuela, entre otros.<\/p>\n\n\n<div class=\"wp-block-image\">\n<figure class=\"aligncenter size-large\"><img decoding=\"async\" width=\"683\" height=\"1024\" src=\"https:\/\/esreviral.com\/wp-content\/uploads\/2023\/06\/AnyConv.com__JYS4VHWTZNADRD2KNUVUWQJROA-683x1024.webp\" alt=\"\" class=\"wp-image-38354\" srcset=\"https:\/\/esreviral.com\/wp-content\/uploads\/2023\/06\/AnyConv.com__JYS4VHWTZNADRD2KNUVUWQJROA-683x1024.webp 683w, https:\/\/esreviral.com\/wp-content\/uploads\/2023\/06\/AnyConv.com__JYS4VHWTZNADRD2KNUVUWQJROA-200x300.webp 200w, https:\/\/esreviral.com\/wp-content\/uploads\/2023\/06\/AnyConv.com__JYS4VHWTZNADRD2KNUVUWQJROA-768x1152.webp 768w, https:\/\/esreviral.com\/wp-content\/uploads\/2023\/06\/AnyConv.com__JYS4VHWTZNADRD2KNUVUWQJROA-1024x1536.webp 1024w, https:\/\/esreviral.com\/wp-content\/uploads\/2023\/06\/AnyConv.com__JYS4VHWTZNADRD2KNUVUWQJROA-1365x2048.webp 1365w, https:\/\/esreviral.com\/wp-content\/uploads\/2023\/06\/AnyConv.com__JYS4VHWTZNADRD2KNUVUWQJROA-750x1125.webp 750w, https:\/\/esreviral.com\/wp-content\/uploads\/2023\/06\/AnyConv.com__JYS4VHWTZNADRD2KNUVUWQJROA-1140x1710.webp 1140w, https:\/\/esreviral.com\/wp-content\/uploads\/2023\/06\/AnyConv.com__JYS4VHWTZNADRD2KNUVUWQJROA.webp 1440w\" sizes=\"(max-width: 683px) 100vw, 683px\" \/><\/figure><\/div>\n\n\n<p><\/p>\n\n\n\n<p>El primer premio incluye&nbsp;<strong>12.700 d\u00f3lares<\/strong>&nbsp;(o 11.700 euros) y una serie de regalos, mientras que el resto de galardones, entre ellos los de Miss Fotog\u00e9nica y Miss Traje Nacional, oscilan entre 20.000 y 100.000 bat (570 d\u00f3lares o 520 euros y 2.800 d\u00f3lares o 2.600 euros).<\/p>\n\n\n\n<p>La Compa\u00f1\u00eda de Espect\u00e1culos Tiffany ha organizado este certamen internacional desde 2004 con el objetivo de promover los derechos de este colectivo. Desde 1984, tambi\u00e9n celebra\u00a0<strong>Miss Tiffany para elegir a la mujer trans m\u00e1s bella de Tailandia<\/strong>.<\/p>\n\n\n\n<figure class=\"wp-block-image size-large\"><img decoding=\"async\" width=\"1024\" height=\"715\" src=\"https:\/\/esreviral.com\/wp-content\/uploads\/2023\/06\/AnyConv.com__HJRF44AO65BEJKUP2AVLZXE2FA-1024x715.webp\" alt=\"\" class=\"wp-image-38355\" srcset=\"https:\/\/esreviral.com\/wp-content\/uploads\/2023\/06\/AnyConv.com__HJRF44AO65BEJKUP2AVLZXE2FA-1024x715.webp 1024w, https:\/\/esreviral.com\/wp-content\/uploads\/2023\/06\/AnyConv.com__HJRF44AO65BEJKUP2AVLZXE2FA-300x209.webp 300w, https:\/\/esreviral.com\/wp-content\/uploads\/2023\/06\/AnyConv.com__HJRF44AO65BEJKUP2AVLZXE2FA-768x536.webp 768w, https:\/\/esreviral.com\/wp-content\/uploads\/2023\/06\/AnyConv.com__HJRF44AO65BEJKUP2AVLZXE2FA-750x523.webp 750w, https:\/\/esreviral.com\/wp-content\/uploads\/2023\/06\/AnyConv.com__HJRF44AO65BEJKUP2AVLZXE2FA-1140x796.webp 1140w, https:\/\/esreviral.com\/wp-content\/uploads\/2023\/06\/AnyConv.com__HJRF44AO65BEJKUP2AVLZXE2FA.webp 1440w\" sizes=\"(max-width: 1024px) 100vw, 1024px\" \/><\/figure>\n\n\n\n<p><\/p>\n\n\n\n<p>En Tailandia, la comunidad trans siguen siendo discriminada por las leyes y no cuentan con derechos como el cambio de nombre y sexo en los documentos de identidad.<\/p>\n\n\n\n<p><strong><mark style=\"background-color:rgba(0, 0, 0, 0)\" class=\"has-inline-color has-vivid-red-color\">Desfile LGBT de Nueva York a San Francisco<\/mark><\/strong><\/p>\n\n\n\n<p>Este finde tambi\u00e9n miles de personas bailaron al ritmo de la m\u00fasica de discoteca en las calles de la ciudad de Nueva York mientras les llov\u00edan burbujas y confeti, y otros juerguistas desde Toronto hasta San Francisco vitorearon en el punto culminante del&nbsp;<strong>Mes del Orgullo LGBTQ+<\/strong>.<\/p>\n\n\n\n<p>La bulliciosa multitud neoyorquina camin\u00f3 y bail\u00f3 por la Quinta Avenida hasta Greenwich Village, aclamando y ondeando banderas con los colores del arco\u00edris para conmemorar la revuelta de Stonewall de 1969, en la que una redada policial en un bar gay desencaden\u00f3\u00a0<strong>d\u00edas de protestas y puso en marcha el movimiento moderno por los derechos de la comunidad LGBTQ+.<\/strong><\/p>\n\n\n\n<figure class=\"wp-block-image size-large\"><img loading=\"lazy\" decoding=\"async\" width=\"1024\" height=\"683\" src=\"https:\/\/esreviral.com\/wp-content\/uploads\/2023\/06\/AnyConv.com__QYTSPFRXHHC5YBW6K423C5FKWU-1024x683.webp\" alt=\"\" class=\"wp-image-38357\" srcset=\"https:\/\/esreviral.com\/wp-content\/uploads\/2023\/06\/AnyConv.com__QYTSPFRXHHC5YBW6K423C5FKWU-1024x683.webp 1024w, https:\/\/esreviral.com\/wp-content\/uploads\/2023\/06\/AnyConv.com__QYTSPFRXHHC5YBW6K423C5FKWU-300x200.webp 300w, https:\/\/esreviral.com\/wp-content\/uploads\/2023\/06\/AnyConv.com__QYTSPFRXHHC5YBW6K423C5FKWU-768x512.webp 768w, https:\/\/esreviral.com\/wp-content\/uploads\/2023\/06\/AnyConv.com__QYTSPFRXHHC5YBW6K423C5FKWU-750x500.webp 750w, https:\/\/esreviral.com\/wp-content\/uploads\/2023\/06\/AnyConv.com__QYTSPFRXHHC5YBW6K423C5FKWU-1140x760.webp 1140w, https:\/\/esreviral.com\/wp-content\/uploads\/2023\/06\/AnyConv.com__QYTSPFRXHHC5YBW6K423C5FKWU.webp 1440w\" sizes=\"(max-width: 1024px) 100vw, 1024px\" \/><\/figure>\n\n\n\n<p><\/p>\n\n\n\n<p>Los desfiles de Nueva York, Chicago y San Francisco son algunos de los actos que se llevaron a cabo este a\u00f1o, convocados por unas&nbsp;<strong>400 organizaciones activistas por el Orgullo en todo Estados Unidos<\/strong>, muchos de ellos centrados espec\u00edficamente en los derechos de las personas transg\u00e9nero.<\/p>\n\n\n\n<p>Por otra parte, el desfile de San Francisco, otra de las celebraciones LGBTQ+ m\u00e1s grandes y m\u00e1s conocidas de Estados Unidos, atrajo el domingo a la ciudad a decenas de miles de personas.<\/p>\n\n\n\n<p class=\"has-text-align-right\"><strong><em>TN.-<\/em><\/strong><\/p>\n","protected":false},"excerpt":{"rendered":"<p>Solange Dekker gan\u00f3 el concurso de belleza que se realiz\u00f3 en Tailandia: hubo 22 participantes.<\/p>\n","protected":false},"author":3,"featured_media":38359,"comment_status":"open","ping_status":"closed","sticky":false,"template":"","format":"standard","meta":{"jnews-multi-image_gallery":[],"jnews_single_post":{"subtitle":"","format":"standard","video":"","gallery":"","source_name":"","source_url":"","via_name":"","via_url":"","override_template":"0","override":[{"template":"4","single_blog_custom":"","parallax":"1","fullscreen":"1","layout":"right-sidebar","sidebar":"default-sidebar","second_sidebar":"default-sidebar","sticky_sidebar":"1","share_position":"top","share_float_style":"share-monocrhome","show_share_counter":"1","show_view_counter":"1","show_featured":"1","show_post_meta":"1","show_post_author":"1","show_post_author_image":"1","show_post_date":"1","post_date_format":"default","post_date_format_custom":"Y\/m\/d","show_post_category":"1","show_post_reading_time":"1","post_reading_time_wpm":"300","show_zoom_button":"1","zoom_button_out_step":"2","zoom_button_in_step":"3","show_post_tag":"1","show_prev_next_post":"1","show_popup_post":"1","number_popup_post":"1","show_author_box":"1","show_post_related":"1","show_inline_post_related":"0"}],"override_image_size":"0","image_override":[{"single_post_thumbnail_size":"crop-500","single_post_gallery_size":"crop-500"}],"trending_post":"0","trending_post_position":"meta","trending_post_label":"Trending","sponsored_post":"0","sponsored_post_label":"Sponsored by","sponsored_post_name":"","sponsored_post_url":"","sponsored_post_logo_enable":"0","sponsored_post_logo":"","sponsored_post_desc":"","disable_ad":"0"},"jnews_primary_category":{"id":"","hide":""},"jnews_social_meta":{"fb_title":"","fb_description":"","fb_image":"","twitter_title":"","twitter_description":"","twitter_image":""},"jnews_review":[],"enable_review":"0","type":"percentage","name":"","summary":"","brand":"","sku":"","good":[{"good_text":""}],"bad":[{"bad_text":""}],"score_override":"","override_value":"","rating":[{"rating_text":"","rating_number":"10"}],"price":[{"shop":"","price":"","link":"","icon":""}],"jnews_override_counter":{"override_view_counter":"0","view_counter_number":"0","override_share_counter":"0","share_counter_number":"0","override_like_counter":"0","like_counter_number":"0","override_dislike_counter":"0","dislike_counter_number":"0"},"jnews_post_split":{"enable_post_split":"0","post_split":[{"template":"1","tag":"h2","numbering":"asc","mode":"normal","first":"0","enable_toc":"0","toc_type":"normal"}]},"footnotes":""},"categories":[88],"tags":[10823,5166,2424,10822,10819,10821,10824,45,4831,10820],"class_list":["post-38352","post","type-post","status-publish","format-standard","has-post-thumbnail","hentry","category-internacionales","tag-comunidad-lgbtq","tag-concurso-de-belleza","tag-mes-del-orgullo","tag-mes-del-orgullo-lgbtq","tag-miss-international-queen","tag-miss-international-queen-2023","tag-mujer-trans","tag-noticias","tag-tailandia","tag-transexual"],"amp_enabled":true,"_links":{"self":[{"href":"https:\/\/esreviral.com\/index.php?rest_route=\/wp\/v2\/posts\/38352"}],"collection":[{"href":"https:\/\/esreviral.com\/index.php?rest_route=\/wp\/v2\/posts"}],"about":[{"href":"https:\/\/esreviral.com\/index.php?rest_route=\/wp\/v2\/types\/post"}],"author":[{"embeddable":true,"href":"https:\/\/esreviral.com\/index.php?rest_route=\/wp\/v2\/users\/3"}],"replies":[{"embeddable":true,"href":"https:\/\/esreviral.com\/index.php?rest_route=%2Fwp%2Fv2%2Fcomments&post=38352"}],"version-history":[{"count":0,"href":"https:\/\/esreviral.com\/index.php?rest_route=\/wp\/v2\/posts\/38352\/revisions"}],"wp:featuredmedia":[{"embeddable":true,"href":"https:\/\/esreviral.com\/index.php?rest_route=\/wp\/v2\/media\/38359"}],"wp:attachment":[{"href":"https:\/\/esreviral.com\/index.php?rest_route=%2Fwp%2Fv2%2Fmedia&parent=38352"}],"wp:term":[{"taxonomy":"category","embeddable":true,"href":"https:\/\/esreviral.com\/index.php?rest_route=%2Fwp%2Fv2%2Fcategories&post=38352"},{"taxonomy":"post_tag","embeddable":true,"href":"https:\/\/esreviral.com\/index.php?rest_route=%2Fwp%2Fv2%2Ftags&post=38352"}],"curies":[{"name":"wp","href":"https:\/\/api.w.org\/{rel}","templated":true}]}}