{"id":3833,"date":"2021-02-01T20:26:44","date_gmt":"2021-02-01T23:26:44","guid":{"rendered":"http:\/\/esreviral.com\/?p=3833"},"modified":"2021-02-01T20:26:44","modified_gmt":"2021-02-01T23:26:44","slug":"hasta-el-8-de-febrero-tiene-la-camara-del-crimen-en-para-revertir-la-decision-de-la-jueza","status":"publish","type":"post","link":"https:\/\/esreviral.com\/?p=3833","title":{"rendered":"Hasta el 8 de febrero tiene la c\u00e1mara del crimen en para revertir la decisi\u00f3n de la jueza"},"content":{"rendered":"\n<p>La C\u00e1mara del Cr\u00edmen, instancia superior a la jueza Karina Zucconi, tiene hasta el 8 de febrero para revertir la medida de libertad condicional al acusado de violar a una joven de 18 a\u00f1os de edad. <\/p>\n\n\n\n<p>La informaci\u00f3n fue confirmada por el doctor Pablo Baqu\u00e9, de la querella, quien tiene las esperanzas puestas en que se cambie esta decisi\u00f3n. <\/p>\n\n\n\n<p><\/p>\n","protected":false},"excerpt":{"rendered":"<p>La C\u00e1mara del Cr\u00edmen, instancia superior a la jueza Karina Zucconi, tiene hasta el 8 de febrero para revertir la medida de libertad condicional al acusado de violar a una joven de 18 a\u00f1os de edad. La informaci\u00f3n fue confirmada por el doctor Pablo Baqu\u00e9, de la querella, quien tiene las esperanzas puestas en que [&hellip;]<\/p>\n","protected":false},"author":2,"featured_media":3834,"comment_status":"open","ping_status":"open","sticky":false,"template":"","format":"standard","meta":{"jnews-multi-image_gallery":[],"jnews_single_post":[],"jnews_primary_category":[],"jnews_social_meta":[],"jnews_review":[],"enable_review":"","type":"","name":"","summary":"","brand":"","sku":"","good":[],"bad":[],"score_override":"","override_value":"","rating":[],"price":[],"jnews_override_counter":[],"jnews_post_split":[],"footnotes":""},"categories":[64],"tags":[526,528,45],"class_list":["post-3833","post","type-post","status-publish","format-standard","has-post-thumbnail","hentry","category-sucesos","tag-garzon","tag-garzon-violador","tag-noticias"],"amp_enabled":true,"_links":{"self":[{"href":"https:\/\/esreviral.com\/index.php?rest_route=\/wp\/v2\/posts\/3833"}],"collection":[{"href":"https:\/\/esreviral.com\/index.php?rest_route=\/wp\/v2\/posts"}],"about":[{"href":"https:\/\/esreviral.com\/index.php?rest_route=\/wp\/v2\/types\/post"}],"author":[{"embeddable":true,"href":"https:\/\/esreviral.com\/index.php?rest_route=\/wp\/v2\/users\/2"}],"replies":[{"embeddable":true,"href":"https:\/\/esreviral.com\/index.php?rest_route=%2Fwp%2Fv2%2Fcomments&post=3833"}],"version-history":[{"count":0,"href":"https:\/\/esreviral.com\/index.php?rest_route=\/wp\/v2\/posts\/3833\/revisions"}],"wp:featuredmedia":[{"embeddable":true,"href":"https:\/\/esreviral.com\/index.php?rest_route=\/"}],"wp:attachment":[{"href":"https:\/\/esreviral.com\/index.php?rest_route=%2Fwp%2Fv2%2Fmedia&parent=3833"}],"wp:term":[{"taxonomy":"category","embeddable":true,"href":"https:\/\/esreviral.com\/index.php?rest_route=%2Fwp%2Fv2%2Fcategories&post=3833"},{"taxonomy":"post_tag","embeddable":true,"href":"https:\/\/esreviral.com\/index.php?rest_route=%2Fwp%2Fv2%2Ftags&post=3833"}],"curies":[{"name":"wp","href":"https:\/\/api.w.org\/{rel}","templated":true}]}}