{"id":38235,"date":"2023-06-23T08:28:34","date_gmt":"2023-06-23T13:28:34","guid":{"rendered":"https:\/\/esreviral.com\/?p=38235"},"modified":"2023-06-23T08:28:35","modified_gmt":"2023-06-23T13:28:35","slug":"dia-clave-en-el-caso-de-cecilia-la-familia-se-presento-para-reconocer-las-pertenencias","status":"publish","type":"post","link":"https:\/\/esreviral.com\/?p=38235","title":{"rendered":"D\u00eda clave en el caso de Cecilia: la familia se present\u00f3 para reconocer las pertenencias"},"content":{"rendered":"\n<p>Hoy es un d\u00eda clave en la investigaci\u00f3n por la desaparici\u00f3n de\u00a0Cecilia Strzyzowski, ocurrida el 2 de junio, y su presunto asesinato.<\/p>\n\n\n\n<p><strong>Gloria Romero<\/strong>, su madre, y&nbsp;<strong>Mercedes Flores<\/strong>, su t\u00eda abuela, est\u00e1n citadas para reconocer las pertenencias que ser\u00edan de Cecilia y que fueron recolectadas por los fiscales en los diferentes rastrillajes y allanamientos. Los elementos incluyen restos de huesos y pertenencias, incluyendo una valija con ruedas negras, bijouterie y un dije en forma de cruz.<\/p>\n\n\n\n<p>Las muestras \u00f3seas deber\u00e1n ser analizadas en el laboratorio y la confirmaci\u00f3n de si pertenecen a Cecilia, o no, llevar\u00e1 unos d\u00edas. La valija, la bijouterie y el dije, en cambio, podr\u00edan ser reconocidos por las mujeres que integraban el c\u00edrculo \u00edntimo de Cecilia y ser\u00eda el primer rastro confirmado de la joven de 29 a\u00f1os.<\/p>\n\n\n<div class=\"wp-block-image\">\n<figure class=\"aligncenter size-full\"><img fetchpriority=\"high\" decoding=\"async\" width=\"879\" height=\"960\" src=\"https:\/\/esreviral.com\/wp-content\/uploads\/2023\/06\/OKTRF266IJDMHKZL3TCRAE6TWY.webp\" alt=\"\" class=\"wp-image-38236\" srcset=\"https:\/\/esreviral.com\/wp-content\/uploads\/2023\/06\/OKTRF266IJDMHKZL3TCRAE6TWY.webp 879w, https:\/\/esreviral.com\/wp-content\/uploads\/2023\/06\/OKTRF266IJDMHKZL3TCRAE6TWY-275x300.webp 275w, https:\/\/esreviral.com\/wp-content\/uploads\/2023\/06\/OKTRF266IJDMHKZL3TCRAE6TWY-768x839.webp 768w, https:\/\/esreviral.com\/wp-content\/uploads\/2023\/06\/OKTRF266IJDMHKZL3TCRAE6TWY-750x819.webp 750w\" sizes=\"(max-width: 879px) 100vw, 879px\" \/><\/figure>\n<\/div>\n\n\n<p><\/p>\n\n\n\n<p>Por el caso est\u00e1n presos C\u00e9sar Sena, de 19 a\u00f1os, el marido de Cecilia; Emerenciano Sena, su padre, y Marcela Acu\u00f1a, su madre. Emerenciano y Marcela son l\u00edderes piqueteros de esta provincia y tienen muy buenos v\u00ednculos con el gobernador\u00a0<strong>Jorge Capitanich<\/strong>. Tambi\u00e9n est\u00e1n en prisi\u00f3n cuatro colaboradores muy cercanos del clan Sena.<\/p>\n\n\n\n<p>Uno de ellos,&nbsp;<strong>Gustavo Obreg\u00f3n<\/strong>, es el \u00fanico que colabora con los fiscales&nbsp;<strong>Jorge C\u00e1ceres Olivera, Nelia Vel\u00e1zquez y Jorge G\u00f3mez<\/strong>, y brind\u00f3 informaci\u00f3n clave para el avance de la causa al aportar el dato de d\u00f3nde se habr\u00edan descartado los restos. El operativo con los datos de Obreg\u00f3n se llev\u00f3 a cabo el martes en el r\u00edo Tragadero, cerca del criadero de chanchos de los Sena.<\/p>\n\n\n\n<p>Buzos t\u00e1cticos de la polic\u00eda de Chaco\u00a0hallaron al mediod\u00eda\u00a0del martes huesos triturados y otros elementos de relevancia, como el\u00a0<strong>dije en forma de cruz\u00a0<\/strong>que podr\u00eda ser el que Cecilia llevaba siempre al cuello, incluyendo el d\u00eda de su desaparici\u00f3n. En un rastrillaje anterior en la chancher\u00eda de los Sena se hab\u00edan encontrado\u00a0<strong>restos de una fogata y huesos calcinados<\/strong>, que tambi\u00e9n ser\u00e1n analizados.<\/p>\n\n\n\n<p>La tragedia de Cecilia comenz\u00f3 el jueves 1 de junio a las 23, cuando se despidi\u00f3 de Mercedes Flores, la t\u00eda abuela con la que ella y C\u00e9sar compart\u00edan una humilde casa pintada de azul en el Barrio 500 Viviendas. Viv\u00edan all\u00ed porque a la mam\u00e1 de C\u00e9sar no le gustaba que Cecilia fuera su nuera y eso les imped\u00eda el acceso a las comodidades de la familia Sena.<\/p>\n\n\n\n<p>En una repisa del cuarto de la pareja hay una colecci\u00f3n de los libros que le\u00eda Cecilia. Muchos de ellos son sobre empoderamiento femenino, como Decididas, de Mar\u00eda Florencia Freijo, y Recupera tu poder, de Rut Nieve. En otro estante est\u00e1n los apuntes con los que C\u00e9sar estudiaba para maestro mayor de obras y algunas muestras de la relaci\u00f3n en apariencia amable que manten\u00eda la pareja. All\u00ed descansan un ramo de flores falsas, un globo con forma de coraz\u00f3n y una nota amorosa de C\u00e9sar a Cecilia. \u201cVamos por m\u00e1s aventuras\u201d, escribi\u00f3. El \u00fanico elemento discordante era el arma que \u00e9l dejaba sobre su mesa de luz.<\/p>\n\n\n\n<p>\u201cAbrazame fuerte y dame muchos besos\u201d, relata Mercedes que le dijo Cecilia la noche en que se despidi\u00f3. Le hab\u00eda dicho a su t\u00eda abuela que se iba con C\u00e9sar a vivir a Tierra del Fuego y eso la inquietaba. En esos d\u00edas, sigue Mercedes, su sobrina estaba temerosa por el vuelo en avi\u00f3n. \u201cSe va a caer y me voy a morir triturada\u201d, dice Mercedes que le dijo Cecilia.<\/p>\n\n\n\n<p>Tras decirle adi\u00f3s a Mercedes, la pareja pas\u00f3 por un local que manejaba Cecilia y luego durmieron en el hotel Ruta 99. A la ma\u00f1ana fueron a la casa de los Sena y all\u00ed se inici\u00f3 el principio del fin para Cecilia y el agujero negro que a\u00fan investigan los ficales.<\/p>\n\n\n\n<p>La teor\u00eda de los fiscales es que la habr\u00edan estrangulado -C\u00e9sar Sena es el principal sospechoso- y que sus restos habr\u00edan sido quemados, triturados y arrojados al r\u00edo en la chancher\u00eda de la familia Sena.<\/p>\n\n\n\n<p class=\"has-text-align-right\"><strong><em>LN.-<\/em><\/strong><\/p>\n","protected":false},"excerpt":{"rendered":"<p>De confirmarse que lo encontrado pertenec\u00eda a la joven desaparecida, se tratar\u00eda del primer rastro confirmado de ella<\/p>\n","protected":false},"author":3,"featured_media":38237,"comment_status":"open","ping_status":"closed","sticky":false,"template":"","format":"standard","meta":{"jnews-multi-image_gallery":[],"jnews_single_post":{"subtitle":"","format":"standard","video":"","gallery":"","source_name":"","source_url":"","via_name":"","via_url":"","override_template":"0","override":[{"template":"4","single_blog_custom":"","parallax":"1","fullscreen":"1","layout":"right-sidebar","sidebar":"default-sidebar","second_sidebar":"default-sidebar","sticky_sidebar":"1","share_position":"top","share_float_style":"share-monocrhome","show_share_counter":"1","show_view_counter":"1","show_featured":"1","show_post_meta":"1","show_post_author":"1","show_post_author_image":"1","show_post_date":"1","post_date_format":"default","post_date_format_custom":"Y\/m\/d","show_post_category":"1","show_post_reading_time":"1","post_reading_time_wpm":"300","show_zoom_button":"1","zoom_button_out_step":"2","zoom_button_in_step":"3","show_post_tag":"1","show_prev_next_post":"1","show_popup_post":"1","number_popup_post":"1","show_author_box":"1","show_post_related":"1","show_inline_post_related":"0"}],"override_image_size":"0","image_override":[{"single_post_thumbnail_size":"crop-500","single_post_gallery_size":"crop-500"}],"trending_post":"0","trending_post_position":"meta","trending_post_label":"Trending","sponsored_post":"0","sponsored_post_label":"Sponsored by","sponsored_post_name":"","sponsored_post_url":"","sponsored_post_logo_enable":"0","sponsored_post_logo":"","sponsored_post_desc":"","disable_ad":"0"},"jnews_primary_category":{"id":"","hide":""},"jnews_social_meta":{"fb_title":"","fb_description":"","fb_image":"","twitter_title":"","twitter_description":"","twitter_image":""},"jnews_review":[],"enable_review":"0","type":"percentage","name":"","summary":"","brand":"","sku":"","good":[{"good_text":""}],"bad":[{"bad_text":""}],"score_override":"","override_value":"","rating":[{"rating_text":"","rating_number":"10"}],"price":[{"shop":"","price":"","link":"","icon":""}],"jnews_override_counter":{"override_view_counter":"0","view_counter_number":"0","override_share_counter":"0","share_counter_number":"0","override_like_counter":"0","like_counter_number":"0","override_dislike_counter":"0","dislike_counter_number":"0"},"jnews_post_split":{"enable_post_split":"0","post_split":[{"template":"1","tag":"h2","numbering":"asc","mode":"normal","first":"0","enable_toc":"0","toc_type":"normal"}]},"footnotes":""},"categories":[58,64],"tags":[44,10767,10563,680,10611,45,10768],"class_list":["post-38235","post","type-post","status-publish","format-standard","has-post-thumbnail","hentry","category-argentina","category-sucesos","tag-argentina","tag-caso-de-cecilia","tag-cecilia-strzyzowski","tag-chaco","tag-desaparicion-de-cecilia-strzyzowski","tag-noticias","tag-pertenencias"],"_links":{"self":[{"href":"https:\/\/esreviral.com\/index.php?rest_route=\/wp\/v2\/posts\/38235","targetHints":{"allow":["GET"]}}],"collection":[{"href":"https:\/\/esreviral.com\/index.php?rest_route=\/wp\/v2\/posts"}],"about":[{"href":"https:\/\/esreviral.com\/index.php?rest_route=\/wp\/v2\/types\/post"}],"author":[{"embeddable":true,"href":"https:\/\/esreviral.com\/index.php?rest_route=\/wp\/v2\/users\/3"}],"replies":[{"embeddable":true,"href":"https:\/\/esreviral.com\/index.php?rest_route=%2Fwp%2Fv2%2Fcomments&post=38235"}],"version-history":[{"count":0,"href":"https:\/\/esreviral.com\/index.php?rest_route=\/wp\/v2\/posts\/38235\/revisions"}],"wp:featuredmedia":[{"embeddable":true,"href":"https:\/\/esreviral.com\/index.php?rest_route=\/wp\/v2\/media\/38237"}],"wp:attachment":[{"href":"https:\/\/esreviral.com\/index.php?rest_route=%2Fwp%2Fv2%2Fmedia&parent=38235"}],"wp:term":[{"taxonomy":"category","embeddable":true,"href":"https:\/\/esreviral.com\/index.php?rest_route=%2Fwp%2Fv2%2Fcategories&post=38235"},{"taxonomy":"post_tag","embeddable":true,"href":"https:\/\/esreviral.com\/index.php?rest_route=%2Fwp%2Fv2%2Ftags&post=38235"}],"curies":[{"name":"wp","href":"https:\/\/api.w.org\/{rel}","templated":true}]}}