{"id":38130,"date":"2023-06-22T07:13:22","date_gmt":"2023-06-22T12:13:22","guid":{"rendered":"https:\/\/esreviral.com\/?p=38130"},"modified":"2023-06-22T07:13:23","modified_gmt":"2023-06-22T12:13:23","slug":"hurto-y-abuso-sexual-son-algunos-de-los-antecedentes-de-los-detenidos-en-las-protestas-de-jujuy","status":"publish","type":"post","link":"https:\/\/esreviral.com\/?p=38130","title":{"rendered":"Hurto y abuso sexual, son algunos de los antecedentes de los detenidos en las protestas de Jujuy"},"content":{"rendered":"\n<p><strong><em>CIS.<\/em><\/strong>&#8211; Al igual que pas\u00f3 luego de los incidentes que se hab\u00edan<strong> producido el fin de semana<\/strong>, ahora se conocieron los<strong> antecedentes delictivos de muchos de los detenidos<\/strong>. Hay algunos que tienen un historial deportaci\u00f3n de armas, <strong>amenazas, violencia de g\u00e9nero, robo, hurto y hasta violaci\u00f3n y abuso sexual.<\/strong><\/p>\n\n\n\n<p>Entre los detenidos se encuentran <strong>Juan Jos\u00e9 Flores; Arnaldo Gabriel Miranda; Horacio Gabriel Mamani; Pablo Horacio Brandan; Gabriel Esteban Rivero; Jos\u00e9 Luciano Zalazar; Jos\u00e9 Mar\u00eda Arce; Gabriel Jonatan Sandes; Fr\u00edas Mauro Ricardo; Aldo Dario Ricardo; Jair Carlos Galian; Claudia Silvana Ayarde; y Olegario Pascual Salva, quienes cuentan con diferentes causas judiciales previas.<\/strong><\/p>\n\n\n\n<p><strong>Tambi\u00e9n, quedaron detenidos Nahuel Tom\u00e1s Herrera y Leonardo Sebasti\u00e1n Cruz, que presentan un listado de m\u00e1s de 10 antecedentes penales<\/strong><\/p>\n\n\n\n<p>Herrera cuenta con causas desde abril de 2017 a junio de 2023, por<strong> hurtos en banda;<\/strong> robo calificado; amenazas; resistencia a la autoridad y lesiones. En el caso de Cruz inici\u00f3 su carrera delictiva en 2009, con una causa por hurto simple. Adem\u00e1s tienen 22 antecedentes por infracciones a la Ley Nacional de Estupefacientes.<\/p>\n\n\n\n<p>Uno de los detenidos, <strong>Aldo Dar\u00edo Gareca tiene antecedentes en 2013 <\/strong>por abuso sexual. Fue condenado a cuatro a\u00f1os de prisi\u00f3n. Adem\u00e1s, tiene antecedentes de robo, hurto y atentado a la autoridad.<\/p>\n\n\n\n<p>Jos\u00e9 Luciano Zalazar tiene antecedentes por lesiones agravadas por el v\u00ednculo, amenazas y da\u00f1os. Arranc\u00f3 su prontuario en 2005 y tiene causas hasta 2017.<\/p>\n\n\n\n<p>Pablo Horacio Brandan, seg\u00fan los registros, tiene 11 antecedentes por delitos graves que van desde robo calificado, lesiones, da\u00f1os, exhibici\u00f3n obscena y hurto, entre otros.<\/p>\n\n\n\n<p>El martes, la <strong>violencia en Jujuy <\/strong>se desat\u00f3 cerca del mediod\u00eda cuando un grupo de violentos atac\u00f3 la sede de la Legislatura provincial, mientras en su interior se aprobaba y juraba la nueva Carta Magna local.<\/p>\n\n\n\n<p>Efectivos de infanter\u00eda de la polic\u00eda juje\u00f1a se enfrentaron con los manifestantes, arrojando balas de goma y gases lacrim\u00f3genos, respondiendo al lanzamiento de piedras, en un clima de tensi\u00f3n en las calles de la capital juje\u00f1a que se extendi\u00f3 por m\u00e1s de cuatro horas por diversas arterias.<\/p>\n\n\n\n<p>Los incidentes suced\u00edan mientras docentes, pueblos ind\u00edgenas, trabajadores estatales, organizaciones sociales y sindicales avanzaban por las calles de San Salvador de Jujuy con un \u00abbanderazo\u00bb, portando banderas argentinas.<\/p>\n\n\n\n<p>Grupos cuyo \u00fanico objetivo parec\u00eda ser sembrar violencia, intentaron incendiar la legislatura, volcaron autos para usarlos como barricadas, rompieron locales comerciales y edificios p\u00fablico, y saquearon varios veh\u00edculos que estaban estacionados en el centro de San Salvador.<\/p>\n","protected":false},"excerpt":{"rendered":"<p>Tras la jornada de violencia, seg\u00fan indicaron fuentes policiales, quedaron detenidos en total 44 hombres y 12 mujeres.<\/p>\n","protected":false},"author":3,"featured_media":38131,"comment_status":"open","ping_status":"closed","sticky":false,"template":"","format":"standard","meta":{"jnews-multi-image_gallery":[],"jnews_single_post":{"subtitle":"","format":"standard","video":"","gallery":"","source_name":"","source_url":"","via_name":"","via_url":"","override_template":"0","override":[{"template":"4","single_blog_custom":"","parallax":"1","fullscreen":"1","layout":"right-sidebar","sidebar":"default-sidebar","second_sidebar":"default-sidebar","sticky_sidebar":"1","share_position":"top","share_float_style":"share-monocrhome","show_share_counter":"1","show_view_counter":"1","show_featured":"1","show_post_meta":"1","show_post_author":"1","show_post_author_image":"1","show_post_date":"1","post_date_format":"default","post_date_format_custom":"Y\/m\/d","show_post_category":"1","show_post_reading_time":"1","post_reading_time_wpm":"300","show_zoom_button":"1","zoom_button_out_step":"2","zoom_button_in_step":"3","show_post_tag":"1","show_prev_next_post":"1","show_popup_post":"1","number_popup_post":"1","show_author_box":"1","show_post_related":"1","show_inline_post_related":"0"}],"override_image_size":"0","image_override":[{"single_post_thumbnail_size":"crop-500","single_post_gallery_size":"crop-500"}],"trending_post":"0","trending_post_position":"meta","trending_post_label":"Trending","sponsored_post":"0","sponsored_post_label":"Sponsored by","sponsored_post_name":"","sponsored_post_url":"","sponsored_post_logo_enable":"0","sponsored_post_logo":"","sponsored_post_desc":"","disable_ad":"0"},"jnews_primary_category":{"id":"","hide":""},"jnews_social_meta":{"fb_title":"","fb_description":"","fb_image":"","twitter_title":"","twitter_description":"","twitter_image":""},"jnews_review":[],"enable_review":"0","type":"percentage","name":"","summary":"","brand":"","sku":"","good":[{"good_text":""}],"bad":[{"bad_text":""}],"score_override":"","override_value":"","rating":[{"rating_text":"","rating_number":"10"}],"price":[{"shop":"","price":"","link":"","icon":""}],"jnews_override_counter":{"override_view_counter":"0","view_counter_number":"0","override_share_counter":"0","share_counter_number":"0","override_like_counter":"0","like_counter_number":"0","override_dislike_counter":"0","dislike_counter_number":"0"},"jnews_post_split":{"enable_post_split":"0","post_split":[{"template":"1","tag":"h2","numbering":"asc","mode":"normal","first":"0","enable_toc":"0","toc_type":"normal"}]},"footnotes":""},"categories":[58,64],"tags":[398,44,10704,1958,10703,629,4314,45,10702,10705],"class_list":["post-38130","post","type-post","status-publish","format-standard","has-post-thumbnail","hentry","category-argentina","category-sucesos","tag-abuso-sexual","tag-argentina","tag-causas-judiciales","tag-detenidos","tag-detenidos-en-las-protestas","tag-hurto","tag-jujuy","tag-noticias","tag-protestas-de-jujuy","tag-violencia-en-jujuy"],"_links":{"self":[{"href":"https:\/\/esreviral.com\/index.php?rest_route=\/wp\/v2\/posts\/38130","targetHints":{"allow":["GET"]}}],"collection":[{"href":"https:\/\/esreviral.com\/index.php?rest_route=\/wp\/v2\/posts"}],"about":[{"href":"https:\/\/esreviral.com\/index.php?rest_route=\/wp\/v2\/types\/post"}],"author":[{"embeddable":true,"href":"https:\/\/esreviral.com\/index.php?rest_route=\/wp\/v2\/users\/3"}],"replies":[{"embeddable":true,"href":"https:\/\/esreviral.com\/index.php?rest_route=%2Fwp%2Fv2%2Fcomments&post=38130"}],"version-history":[{"count":0,"href":"https:\/\/esreviral.com\/index.php?rest_route=\/wp\/v2\/posts\/38130\/revisions"}],"wp:featuredmedia":[{"embeddable":true,"href":"https:\/\/esreviral.com\/index.php?rest_route=\/wp\/v2\/media\/38131"}],"wp:attachment":[{"href":"https:\/\/esreviral.com\/index.php?rest_route=%2Fwp%2Fv2%2Fmedia&parent=38130"}],"wp:term":[{"taxonomy":"category","embeddable":true,"href":"https:\/\/esreviral.com\/index.php?rest_route=%2Fwp%2Fv2%2Fcategories&post=38130"},{"taxonomy":"post_tag","embeddable":true,"href":"https:\/\/esreviral.com\/index.php?rest_route=%2Fwp%2Fv2%2Ftags&post=38130"}],"curies":[{"name":"wp","href":"https:\/\/api.w.org\/{rel}","templated":true}]}}