{"id":38061,"date":"2023-06-21T10:07:17","date_gmt":"2023-06-21T15:07:17","guid":{"rendered":"https:\/\/esreviral.com\/?p=38061"},"modified":"2023-06-21T10:07:18","modified_gmt":"2023-06-21T15:07:18","slug":"encuentran-muerto-en-su-celda-al-exalumno-que-mato-a-dos-estudiantes-de-una-escuela-de-brasil","status":"publish","type":"post","link":"https:\/\/esreviral.com\/?p=38061","title":{"rendered":"Encuentran muerto en su celda al exalumno que mat\u00f3 a dos estudiantes de una escuela de Brasil"},"content":{"rendered":"\n<p>El exalumno que el lunes <strong>atac\u00f3 a tiros<\/strong> a una escuela p\u00fablica en el sur de Brasil y mat\u00f3 dos estudiantes fue\u00a0<strong>encontrado muerto en la celda en la que estaba detenido<\/strong>. Ahora, la polic\u00eda local investiga si se trat\u00f3 de un suicidio o si hubo alguna otra causa detr\u00e1s de su fallecimiento.\u00a0<\/p>\n\n\n\n<p>Seg\u00fan inform\u00f3 la Secretar\u00eda de Seguridad P\u00fablica del estado de Paran\u00e1, el cad\u00e1ver del homicida de 21 a\u00f1os de edad fue hallado este martes por la noche por los\u00a0<strong>guardias carcelarios<\/strong>\u00a0en la celda de la Casa de Custodia de la ciudad de Londrina en la que estaba recluido desde el momento en que fue detenido.<\/p>\n\n\n<div class=\"wp-block-image\">\n<figure class=\"aligncenter size-full\"><img fetchpriority=\"high\" decoding=\"async\" width=\"720\" height=\"480\" src=\"https:\/\/esreviral.com\/wp-content\/uploads\/2023\/06\/AnyConv.com__MGQKSmr5dz_720x0__1.webp\" alt=\"\" class=\"wp-image-38063\" srcset=\"https:\/\/esreviral.com\/wp-content\/uploads\/2023\/06\/AnyConv.com__MGQKSmr5dz_720x0__1.webp 720w, https:\/\/esreviral.com\/wp-content\/uploads\/2023\/06\/AnyConv.com__MGQKSmr5dz_720x0__1-300x200.webp 300w\" sizes=\"(max-width: 720px) 100vw, 720px\" \/><\/figure><\/div>\n\n\n<p><\/p>\n\n\n\n<p>El homicida, que era tratado por esquizofrenia, \u00ab<strong>se habr\u00eda ahorcado&nbsp;dentro de la prisi\u00f3n<\/strong>\u00ab, seg\u00fan las primeras informaciones brindadas por el Instituto M\u00e9dico Legal.<\/p>\n\n\n\n<p>La Secretar\u00eda de Seguridad P\u00fablica de Paran\u00e1, estado del sur de Brasil fronterizo con Argentina y Paraguay, inform\u00f3 que abri\u00f3 una investigaci\u00f3n para establecer las circunstancias de la muerte del preso.<\/p>\n\n\n\n<p><strong><mark style=\"background-color:rgba(0, 0, 0, 0)\" class=\"has-inline-color has-vivid-red-color\">El ataque del lunes<\/mark><\/strong><\/p>\n\n\n\n<p>El joven de 21 a\u00f1os de edad fue\u00a0<strong>el autor del ataque<\/strong>\u00a0con un arma de fuego del lunes pasado a una escuela p\u00fablica de la ciudad de Camb\u00e9.<\/p>\n\n\n\n<p>El exalumno ingres\u00f3 al establecimiento educativo con el argumento de que solicitar\u00eda unos documentos y, una vez dentro, sac\u00f3 su arma y realiz\u00f3 al menos\u00a0<strong>17 disparos\u00a0<\/strong>de manera indiscriminada\u00a0contra estudiantes que estaban en el patio de la instituci\u00f3n.<\/p>\n\n\n<div class=\"wp-block-image\">\n<figure class=\"aligncenter size-full\"><img decoding=\"async\" width=\"720\" height=\"480\" src=\"https:\/\/esreviral.com\/wp-content\/uploads\/2023\/06\/AnyConv.com__IakIFlAcz_720x0__1.webp\" alt=\"\" class=\"wp-image-38064\" srcset=\"https:\/\/esreviral.com\/wp-content\/uploads\/2023\/06\/AnyConv.com__IakIFlAcz_720x0__1.webp 720w, https:\/\/esreviral.com\/wp-content\/uploads\/2023\/06\/AnyConv.com__IakIFlAcz_720x0__1-300x200.webp 300w\" sizes=\"(max-width: 720px) 100vw, 720px\" \/><\/figure><\/div>\n\n\n<p><\/p>\n\n\n\n<p>Karoline Verri Alves, de\u00a0<strong>17 a\u00f1os de edad,<\/strong>\u00a0muri\u00f3 de forma inmediata por una bala que dio en la cabeza. En tanto, su novio, Luan Augusto da Silva, de\u00a0<strong>16 a\u00f1os,<\/strong>\u00a0qued\u00f3 gravemente herido; tambi\u00e9n por un disparo en la cabeza.<\/p>\n\n\n\n<p>El joven muri\u00f3 durante la&nbsp;madrugada del martes en el hospital de la ciudad en la que estaba siendo atendido.&nbsp;<\/p>\n\n\n\n<p>Al autor del ataque fue arrestado en flagrancia. All\u00ed,<strong>&nbsp;confes\u00f3 su responsabilidad<\/strong>, luego de que le fuera incautada el arma y un cuaderno cuyas anotaciones hac\u00edan referencia a otros ataques a escuelas de Brasil.&nbsp;<\/p>\n\n\n\n<p>En su testimonial, el homicida asegur\u00f3 que el ataque se debi\u00f3 a una&nbsp;<strong>venganza personal contra el colegio<\/strong>&nbsp;por el acoso que recibi\u00f3 cuando hab\u00eda sido alumno. Tambi\u00e9n admiti\u00f3 que no conoc\u00eda a las v\u00edctimas y que<strong>&nbsp;sus muertes fueron aleatorias<\/strong>.<\/p>\n\n\n\n<p>El ministro de Justicia Fl\u00e1vio Dino, atribuy\u00f3 lo ocurrido, en muy buena medida, a los \u00ab<strong>mensajes de odio<\/strong>\u00bb que circulan en las redes sociales y a una \u00abcultura de armas\u00bb promocionada en los \u00faltimos a\u00f1os por el Gobierno del expresidente Jair Bolsonaro.<\/p>\n\n\n\n<p>Una ola de violencia a centros escolares comenz\u00f3 alrededor de tres meses atr\u00e1s. All\u00ed,&nbsp;el Ministerio de Justicia endureci\u00f3 las normas que rigen la actividad de las empresas de internet en el pa\u00eds, especialmente en lo referido a las redes sociales.<\/p>\n\n\n\n<p>Entre marzo y abril hubo ataques a\u00a0centros educativos, de los cuales el m\u00e1s grave ocurri\u00f3 en una guarder\u00eda del estado de Santa Catarina, tambi\u00e9n en el sur del pa\u00eds, donde un hombre mat\u00f3 con un hacha a cuatro ni\u00f1os.<\/p>\n\n\n\n<p class=\"has-text-align-right\"><strong><em>Clarin.-<\/em><\/strong><\/p>\n","protected":false},"excerpt":{"rendered":"<p>El joven de 21 a\u00f1os estaba detenido desde el lunes, tras el ataque a tiros en el colegio al que hab\u00eda asistido.<\/p>\n","protected":false},"author":3,"featured_media":38065,"comment_status":"open","ping_status":"closed","sticky":false,"template":"","format":"standard","meta":{"jnews-multi-image_gallery":[],"jnews_single_post":{"subtitle":"","format":"standard","video":"","gallery":"","source_name":"","source_url":"","via_name":"","via_url":"","override_template":"0","override":[{"template":"4","single_blog_custom":"","parallax":"1","fullscreen":"1","layout":"right-sidebar","sidebar":"default-sidebar","second_sidebar":"default-sidebar","sticky_sidebar":"1","share_position":"top","share_float_style":"share-monocrhome","show_share_counter":"1","show_view_counter":"1","show_featured":"1","show_post_meta":"1","show_post_author":"1","show_post_author_image":"1","show_post_date":"1","post_date_format":"default","post_date_format_custom":"Y\/m\/d","show_post_category":"1","show_post_reading_time":"1","post_reading_time_wpm":"300","show_zoom_button":"1","zoom_button_out_step":"2","zoom_button_in_step":"3","show_post_tag":"1","show_prev_next_post":"1","show_popup_post":"1","number_popup_post":"1","show_author_box":"1","show_post_related":"1","show_inline_post_related":"0"}],"override_image_size":"0","image_override":[{"single_post_thumbnail_size":"crop-500","single_post_gallery_size":"crop-500"}],"trending_post":"0","trending_post_position":"meta","trending_post_label":"Trending","sponsored_post":"0","sponsored_post_label":"Sponsored by","sponsored_post_name":"","sponsored_post_url":"","sponsored_post_logo_enable":"0","sponsored_post_logo":"","sponsored_post_desc":"","disable_ad":"0"},"jnews_primary_category":{"id":"","hide":""},"jnews_social_meta":{"fb_title":"","fb_description":"","fb_image":"","twitter_title":"","twitter_description":"","twitter_image":""},"jnews_review":[],"enable_review":"0","type":"percentage","name":"","summary":"","brand":"","sku":"","good":[{"good_text":""}],"bad":[{"bad_text":""}],"score_override":"","override_value":"","rating":[{"rating_text":"","rating_number":"10"}],"price":[{"shop":"","price":"","link":"","icon":""}],"jnews_override_counter":{"override_view_counter":"0","view_counter_number":"0","override_share_counter":"0","share_counter_number":"0","override_like_counter":"0","like_counter_number":"0","override_dislike_counter":"0","dislike_counter_number":"0"},"jnews_post_split":{"enable_post_split":"0","post_split":[{"template":"1","tag":"h2","numbering":"asc","mode":"normal","first":"0","enable_toc":"0","toc_type":"normal"}]},"footnotes":""},"categories":[88,64],"tags":[10671,227,10670,45,3115],"class_list":["post-38061","post","type-post","status-publish","format-standard","has-post-thumbnail","hentry","category-internacionales","category-sucesos","tag-ataco-a-tiros","tag-brasil","tag-escuela-publica","tag-noticias","tag-policia-2"],"amp_enabled":true,"_links":{"self":[{"href":"https:\/\/esreviral.com\/index.php?rest_route=\/wp\/v2\/posts\/38061"}],"collection":[{"href":"https:\/\/esreviral.com\/index.php?rest_route=\/wp\/v2\/posts"}],"about":[{"href":"https:\/\/esreviral.com\/index.php?rest_route=\/wp\/v2\/types\/post"}],"author":[{"embeddable":true,"href":"https:\/\/esreviral.com\/index.php?rest_route=\/wp\/v2\/users\/3"}],"replies":[{"embeddable":true,"href":"https:\/\/esreviral.com\/index.php?rest_route=%2Fwp%2Fv2%2Fcomments&post=38061"}],"version-history":[{"count":0,"href":"https:\/\/esreviral.com\/index.php?rest_route=\/wp\/v2\/posts\/38061\/revisions"}],"wp:featuredmedia":[{"embeddable":true,"href":"https:\/\/esreviral.com\/index.php?rest_route=\/wp\/v2\/media\/38065"}],"wp:attachment":[{"href":"https:\/\/esreviral.com\/index.php?rest_route=%2Fwp%2Fv2%2Fmedia&parent=38061"}],"wp:term":[{"taxonomy":"category","embeddable":true,"href":"https:\/\/esreviral.com\/index.php?rest_route=%2Fwp%2Fv2%2Fcategories&post=38061"},{"taxonomy":"post_tag","embeddable":true,"href":"https:\/\/esreviral.com\/index.php?rest_route=%2Fwp%2Fv2%2Ftags&post=38061"}],"curies":[{"name":"wp","href":"https:\/\/api.w.org\/{rel}","templated":true}]}}