{"id":38054,"date":"2023-06-21T09:46:28","date_gmt":"2023-06-21T14:46:28","guid":{"rendered":"https:\/\/esreviral.com\/?p=38054"},"modified":"2023-06-21T09:46:29","modified_gmt":"2023-06-21T14:46:29","slug":"hay-paro-docente-por-48-horas-en-la-ciudad-y-la-provincia-de-buenos-aires-por-el-conflicto-en-jujuy","status":"publish","type":"post","link":"https:\/\/esreviral.com\/?p=38054","title":{"rendered":"Hay paro docente por 48 horas en la ciudad y la provincia de Buenos Aires por el conflicto en Jujuy"},"content":{"rendered":"\n<p>La resonancia de los violentos enfrentamientos que se desataron en<strong>\u00a0Jujuy<\/strong>\u00a0entre la polic\u00eda y manifestantes, a partir de\u00a0la reforma de la Constituci\u00f3n provincial impulsada por el Gobierno local, ya llegaron a Buenos Aires. Dos gremios que nuclean a docentes porte\u00f1os,\u00a0<strong>la Asociaci\u00f3n de Ense\u00f1anza Media y Superior (Ademys) y la Uni\u00f3n de Trabajadores de la Educaci\u00f3n (UTE)<\/strong>, decretaron paro docente para hoy en la Capital Federal y convocaron a sumarse a la movilizaci\u00f3n en el Obelisco en \u201capoyo a la docencia y al pueblo juje\u00f1o\u201d.<\/p>\n\n\n\n<p>La concentraci\u00f3n en el Obelisco hab\u00eda sido convocada ayer por los sindicatos docentes adheridos a la\u00a0<strong>CTA de los Trabajadores, la CTA Aut\u00f3noma, la CGT y CTERA<\/strong>, con el apoyo del secretario general de Suteba,\u00a0<strong>Roberto Baradel.<\/strong><\/p>\n\n\n\n<p>En la Provincia de Buenos Aires, tanto hoy como ma\u00f1ana estar\u00e1 discontinuada la actividad en escuelas p\u00fablicas, aunque el paro masivo se espera para ma\u00f1ana.<\/p>\n\n\n\n<p><strong><mark style=\"background-color:rgba(0, 0, 0, 0)\" class=\"has-inline-color has-vivid-red-color\">El paro en la ciudad de Buenos Aires<\/mark><\/strong><\/p>\n\n\n\n<p>Ademys convoc\u00f3 a un paro de 48 horas a partir de hoy y les reclam\u00f3 a la Confederaci\u00f3n de Trabajadores de la Educaci\u00f3n (CTERA) y a la CTA que se plieguen a esta medida. \u201cConvocamos a un paro de 48 horas desde ma\u00f1ana y exigimos a la CTERA tambi\u00e9n la convocatoria a un paro de 48 horas. Que la CTA y CGT convoquen de inmediato a un paro General que ponga freno a la represi\u00f3n y acabe con la reforma antipopular y antidemocr\u00e1tica\u201d, reclamaron desde el gremio con jurisdicci\u00f3n porte\u00f1a.<\/p>\n\n\n\n<p>Por su parte, la UTE tambi\u00e9n anunci\u00f3 un paro y movilizaci\u00f3n durante la jornada de hoy y una convocatoria al paro nacional docente anunciado por CTERA para ma\u00f1ana. \u201cEn el marco de la Jornada Nacional de Lucha de la CTERA y la CTA ante la salvaje represi\u00f3n al pueblo juje\u00f1o y la sanci\u00f3n de una reforma constitucional que vulnera los m\u00e1s elementales derechos humanos y sindicales, lxs docentes de la ciudad paramos y nos movilizamos ma\u00f1ana mi\u00e9rcoles 21, y convocamos al paro nacional docente de la CTERA del jueves 22. Exigimos basta de represi\u00f3n a la docencia y al pueblo juje\u00f1o y libertad a todxs lxs presxs\u201d, dijeron sus voceros.<\/p>\n\n\n\n<p>Al respecto,<strong>\u00a0la ministra de educaci\u00f3n porte\u00f1a, Soledad Acu\u00f1a<\/strong>, calific\u00f3 a la situaci\u00f3n de incre\u00edble. \u201cSindicatos kirchneristas van a un paro docente por la \u2018reforma reaccionaria\u2019 en Jujuy mi\u00e9rcoles y jueves, despu\u00e9s de un fin de semana largo. Son minor\u00edas que se representan solo a s\u00ed mismas, y no van a impedir que volvamos a ser un pa\u00eds normal\u201d, escribi\u00f3 en su cuenta de Twitter.<\/p>\n\n\n\n<figure class=\"wp-block-embed is-type-rich is-provider-twitter wp-block-embed-twitter\"><div class=\"wp-block-embed__wrapper\">\n<blockquote class=\"twitter-tweet\" data-width=\"500\" data-dnt=\"true\"><p lang=\"es\" dir=\"ltr\">Incre\u00edble: sindicatos kirchneristas van a un paro docente por la \u201creforma reaccionaria&quot; en Jujuy. Mi\u00e9rcoles y jueves, despu\u00e9s de un fin de semana largo. Son minor\u00edas que se representan solo a s\u00ed mismas, y no van a impedir que volvamos a ser un pa\u00eds normal. <a href=\"https:\/\/t.co\/zj4gvcJpCm\">pic.twitter.com\/zj4gvcJpCm<\/a><\/p>&mdash; Mar\u00eda Soledad Acu\u00f1a (@Soledad_Acunia) <a href=\"https:\/\/twitter.com\/Soledad_Acunia\/status\/1671331460869963777?ref_src=twsrc%5Etfw\">June 21, 2023<\/a><\/blockquote><script async src=\"https:\/\/platform.twitter.com\/widgets.js\" charset=\"utf-8\"><\/script>\n<\/div><\/figure>\n\n\n\n<p><\/p>\n\n\n\n<p>Otros gremios como la&nbsp;<strong>Uni\u00f3n Docentes Argentinos (UDA)<\/strong>&nbsp;repudiaron los hechos de violencia ocurridos ayer, pero dijeron que, si bien apoyan el paro en Jujuy, no participar\u00e1n de ninguna medida de fuerza en la ciudad de Buenos Aires.<\/p>\n\n\n\n<p>\u201cComo educadores para la paz y el bien com\u00fan repudiamos la grave situaci\u00f3n de violencia que atraviesa la provincia de Jujuy. Resulta agraviante y dram\u00e1tico para nuestro sector los salarios que exhibe por debajo de la l\u00ednea de pobreza la provincia de Jujuy. Desde el Consejo Directivo Nacional apoyamos el paro por 48 horas que realizar\u00e1 la Seccional Jujuy en esa provincia\u201d, expres\u00f3 el dirigente Sergio Romero.<\/p>\n\n\n\n<p>\u201cEl conflicto comenz\u00f3 con los docentes reclamando por salarios dignos y r\u00e1pidamente tuvo el apoyo de diversos sectores de trabajadores y pueblos originarios. Se&nbsp;<strong>sum\u00f3 el rechazo de la reforma de la constituci\u00f3n juje\u00f1a<\/strong>&nbsp;que el gobernador Gerardo Morales quer\u00eda llevar adelante con cambios como el avasallamiento sobre derechos de los pueblos originarios. La docencia de CABA viene pelando por salario y condiciones dignas en las escuelas desde hace meses. Por eso acompa\u00f1amos el reclamo de todo el pueblo juje\u00f1o y consideramos que las familias trabajadoras tienen que tener todo nuestro apoyo\u201d, ampliaron desde Ademys.<\/p>\n\n\n\n<p>Esos mismos argumentos esgrimieron en una carta publicada hoy y dirigida a las familias de la comunidad educativa.<\/p>\n\n\n\n<figure class=\"wp-block-embed is-type-rich is-provider-twitter wp-block-embed-twitter\"><div class=\"wp-block-embed__wrapper\">\n<blockquote class=\"twitter-tweet\" data-width=\"500\" data-dnt=\"true\"><p lang=\"es\" dir=\"ltr\">Carta a las familias de las escuelas <a href=\"https:\/\/t.co\/dnpw6TkWag\">pic.twitter.com\/dnpw6TkWag<\/a><\/p>&mdash; Ademys (@AdemysPrensa) <a href=\"https:\/\/twitter.com\/AdemysPrensa\/status\/1671516459485233155?ref_src=twsrc%5Etfw\">June 21, 2023<\/a><\/blockquote><script async src=\"https:\/\/platform.twitter.com\/widgets.js\" charset=\"utf-8\"><\/script>\n<\/div><\/figure>\n\n\n\n<p><\/p>\n\n\n\n<p>Desde el\u00a0<strong>Sindicato de Educadores Argentinos (SEDUCA)<\/strong>, dijeron al medio informativo de<strong> <\/strong><em>La Naci\u00f3n:<\/em> \u201cApoyamos el reclamo docente de los juje\u00f1os que se manifestaron, es importante acompa\u00f1ar la situaci\u00f3n docente de todo el pa\u00eds, pero no acompa\u00f1amos el paro nacional convocado por CTERA porque es una forma que tienen ellos de politizar algo que debe resolverse en Jujuy.\u00a0<strong>No es viable que lo que pasa en una jurisdicci\u00f3n afecte a todo el pa\u00eds<\/strong>\u201d.<\/p>\n\n\n\n<p>Seg\u00fan pudo saber el medio antes mencionado, la Escuela Primaria N\u00b0 26 \u201cRep\u00fablica de Colombia\u201d, ubicada en la avenida Juan de Garay 3974, y la Escuela Primaria N\u00b0 22 \u201cDr. Guillermo Rawson\u201d, en Humberto Primo 343, son algunas de las que contaron con adhesi\u00f3n casi total al paro.<\/p>\n\n\n\n<p><strong><mark style=\"background-color:rgba(0, 0, 0, 0)\" class=\"has-inline-color has-vivid-red-color\">Paro en la provincia de Buenos Aires<\/mark><\/strong><\/p>\n\n\n\n<p>En la provincia de Buenos Aires, estaba convocado para hoy tambi\u00e9n un paro de la l\u00ednea disidente Suteba Multicolor, por lo que la escolaridad solo est\u00e1 garantizada en las escuelas privadas de este territorio.<\/p>\n\n\n\n<p>Por cuerda separada, los sindicatos docentes bonaerenses AMET, FEB, SUTEBA y UDOCBA adhirieron al paro convocado para ma\u00f1ana, por lo que&nbsp;<strong>ma\u00f1ana no habr\u00e1 clases en la mayor\u00eda de las escuelas p\u00fablicas<\/strong>.<\/p>\n\n\n\n<p>\u201cDesde las organizaciones gremiales repudiamos todo tipo de accionar que atente contra los derechos de las y los trabajadoras\/es \u2013inform\u00f3 el frente docente\u2013. Por tal motivo, apoyamos los reclamos del pueblo juje\u00f1o. \u00a1Basta de represi\u00f3n! Absoluto rechazo de la Reforma Constitucional. Urgente aumento salarial a los docentes\u201d, fueron las consignas difundidas para llamar ma\u00f1ana al cese de actividades.<\/p>\n\n\n\n<p>En varias escuelas de esta capital la discontinuidad en las clases se registra desde el jueves de la semana que pas\u00f3 cuando comenz\u00f3 un paro de la Asociaci\u00f3n de Trabajadores del Estado (ATE), de modo que hay establecimientos donde las clases se interrumpir\u00e1n por toda una semana.<\/p>\n\n\n\n<p>La medida de fuerza convocada por el frente docente se replicar\u00e1 en la facultades de la Universidad Nacional de La Plata dado que la Federaci\u00f3n Nacional de Docentes Universitarios adhiere a la protesta.<\/p>\n\n\n\n<p>Por caso, padres de alumnos de la escuela N\u00b01 Francisco Berra, de esta capital, recibieron informaci\u00f3n por parte de docentes para que no lleven los chicos hasta el viernes.<\/p>\n\n\n\n<p class=\"has-text-align-right\"><strong><em>LN.-<\/em><\/strong><\/p>\n","protected":false},"excerpt":{"rendered":"<p>La CTA y Ctera convocaron a una movilizaci\u00f3n y a una huelga, a la que se plegaron otros sindicatos; la ministra de educaci\u00f3n porte\u00f1a lo calific\u00f3 de \u201cincre\u00edble\u201d<\/p>\n","protected":false},"author":3,"featured_media":38055,"comment_status":"open","ping_status":"closed","sticky":false,"template":"","format":"standard","meta":{"jnews-multi-image_gallery":[],"jnews_single_post":{"subtitle":"","format":"standard","video":"","gallery":"","source_name":"","source_url":"","via_name":"","via_url":"","override_template":"0","override":[{"template":"4","single_blog_custom":"","parallax":"1","fullscreen":"1","layout":"right-sidebar","sidebar":"default-sidebar","second_sidebar":"default-sidebar","sticky_sidebar":"1","share_position":"top","share_float_style":"share-monocrhome","show_share_counter":"1","show_view_counter":"1","show_featured":"1","show_post_meta":"1","show_post_author":"1","show_post_author_image":"1","show_post_date":"1","post_date_format":"default","post_date_format_custom":"Y\/m\/d","show_post_category":"1","show_post_reading_time":"1","post_reading_time_wpm":"300","show_zoom_button":"1","zoom_button_out_step":"2","zoom_button_in_step":"3","show_post_tag":"1","show_prev_next_post":"1","show_popup_post":"1","number_popup_post":"1","show_author_box":"1","show_post_related":"1","show_inline_post_related":"0"}],"override_image_size":"0","image_override":[{"single_post_thumbnail_size":"crop-500","single_post_gallery_size":"crop-500"}],"trending_post":"0","trending_post_position":"meta","trending_post_label":"Trending","sponsored_post":"0","sponsored_post_label":"Sponsored by","sponsored_post_name":"","sponsored_post_url":"","sponsored_post_logo_enable":"0","sponsored_post_logo":"","sponsored_post_desc":"","disable_ad":"0"},"jnews_primary_category":{"id":"","hide":""},"jnews_social_meta":{"fb_title":"","fb_description":"","fb_image":"","twitter_title":"","twitter_description":"","twitter_image":""},"jnews_review":[],"enable_review":"0","type":"percentage","name":"","summary":"","brand":"","sku":"","good":[{"good_text":""}],"bad":[{"bad_text":""}],"score_override":"","override_value":"","rating":[{"rating_text":"","rating_number":"10"}],"price":[{"shop":"","price":"","link":"","icon":""}],"jnews_override_counter":{"override_view_counter":"0","view_counter_number":"0","override_share_counter":"0","share_counter_number":"0","override_like_counter":"0","like_counter_number":"0","override_dislike_counter":"0","dislike_counter_number":"0"},"jnews_post_split":{"enable_post_split":"0","post_split":[{"template":"1","tag":"h2","numbering":"asc","mode":"normal","first":"0","enable_toc":"0","toc_type":"normal"}]},"footnotes":""},"categories":[58],"tags":[44,894,10665,2619,10667,4314,45,4754,363],"class_list":["post-38054","post","type-post","status-publish","format-standard","has-post-thumbnail","hentry","category-argentina","tag-argentina","tag-ciudad-de-buenos-aires","tag-conflicto-en-jujuy","tag-docentes","tag-educacion-2","tag-jujuy","tag-noticias","tag-paro-docente","tag-provincia-de-buenos-aires"],"amp_enabled":true,"_links":{"self":[{"href":"https:\/\/esreviral.com\/index.php?rest_route=\/wp\/v2\/posts\/38054"}],"collection":[{"href":"https:\/\/esreviral.com\/index.php?rest_route=\/wp\/v2\/posts"}],"about":[{"href":"https:\/\/esreviral.com\/index.php?rest_route=\/wp\/v2\/types\/post"}],"author":[{"embeddable":true,"href":"https:\/\/esreviral.com\/index.php?rest_route=\/wp\/v2\/users\/3"}],"replies":[{"embeddable":true,"href":"https:\/\/esreviral.com\/index.php?rest_route=%2Fwp%2Fv2%2Fcomments&post=38054"}],"version-history":[{"count":0,"href":"https:\/\/esreviral.com\/index.php?rest_route=\/wp\/v2\/posts\/38054\/revisions"}],"wp:featuredmedia":[{"embeddable":true,"href":"https:\/\/esreviral.com\/index.php?rest_route=\/wp\/v2\/media\/38055"}],"wp:attachment":[{"href":"https:\/\/esreviral.com\/index.php?rest_route=%2Fwp%2Fv2%2Fmedia&parent=38054"}],"wp:term":[{"taxonomy":"category","embeddable":true,"href":"https:\/\/esreviral.com\/index.php?rest_route=%2Fwp%2Fv2%2Fcategories&post=38054"},{"taxonomy":"post_tag","embeddable":true,"href":"https:\/\/esreviral.com\/index.php?rest_route=%2Fwp%2Fv2%2Ftags&post=38054"}],"curies":[{"name":"wp","href":"https:\/\/api.w.org\/{rel}","templated":true}]}}