{"id":38050,"date":"2023-06-21T09:35:50","date_gmt":"2023-06-21T14:35:50","guid":{"rendered":"https:\/\/esreviral.com\/?p=38050"},"modified":"2023-06-21T09:35:51","modified_gmt":"2023-06-21T14:35:51","slug":"la-trama-de-corrupcion-develada-en-pdvsa-y-otras-empresas-publicas-desato-una-crisis-dentro-del-chavismo","status":"publish","type":"post","link":"https:\/\/esreviral.com\/?p=38050","title":{"rendered":"\u00bfLa trama de corrupci\u00f3n develada en PDVSA y otras empresas p\u00fablicas desat\u00f3 una crisis dentro del chavismo?"},"content":{"rendered":"\n<p>El <strong>evento virtual titulado \u00bfQu\u00e9 est\u00e1 pasando dentro del chavismo?<\/strong>, organizado por <strong>Median\u00e1lisis<\/strong>, tiene como objetivo generar un espacio de an\u00e1lisis de la situaci\u00f3n pol\u00edtica venezolana y evaluar el nivel de cohesi\u00f3n en las filas del oficialismo.<\/p>\n\n\n\n<p><br>Para adentrarse en esta realidad, en el contexto de la pugna anticorrupci\u00f3n desatada en <strong>Petr\u00f3leos de Venezuela<\/strong>, y que produjo la dimisi\u00f3n del ministro de Petr\u00f3leo, <strong>Tareck El Aissami<\/strong>, el analista Ricardo R\u00edos Calder\u00f3n conversar\u00e1 con el periodista Andr\u00e9s Ca\u00f1iz\u00e1lez, el pr\u00f3ximo jueves 22 de junio a las 6:00 pm.<\/p>\n\n\n\n<p><br>En este foro virtual tratar\u00e1n de concluir si existe un quiebre dentro de las bases del oficialismo, que hist\u00f3ricamente se ha mostrado como un frente \u00fanico, que parec\u00eda imposible de quebrar, pero luego de se\u00f1alar a El Aissami de protagonizar el desfalco a la estatal petrolera, con el robo de 3.000 millones de d\u00f3lares, esto parece haber cambiado.<\/p>\n\n\n\n<figure class=\"wp-block-image size-large\"><img fetchpriority=\"high\" decoding=\"async\" width=\"1024\" height=\"512\" src=\"https:\/\/esreviral.com\/wp-content\/uploads\/2023\/06\/AnyConv.com__Foro-Virtual-Perspectiva-Pais-Ricardo-Rios-1024x512.webp\" alt=\"\" class=\"wp-image-38051\" srcset=\"https:\/\/esreviral.com\/wp-content\/uploads\/2023\/06\/AnyConv.com__Foro-Virtual-Perspectiva-Pais-Ricardo-Rios-1024x512.webp 1024w, https:\/\/esreviral.com\/wp-content\/uploads\/2023\/06\/AnyConv.com__Foro-Virtual-Perspectiva-Pais-Ricardo-Rios-300x150.webp 300w, https:\/\/esreviral.com\/wp-content\/uploads\/2023\/06\/AnyConv.com__Foro-Virtual-Perspectiva-Pais-Ricardo-Rios-768x384.webp 768w, https:\/\/esreviral.com\/wp-content\/uploads\/2023\/06\/AnyConv.com__Foro-Virtual-Perspectiva-Pais-Ricardo-Rios-1536x768.webp 1536w, https:\/\/esreviral.com\/wp-content\/uploads\/2023\/06\/AnyConv.com__Foro-Virtual-Perspectiva-Pais-Ricardo-Rios-360x180.webp 360w, https:\/\/esreviral.com\/wp-content\/uploads\/2023\/06\/AnyConv.com__Foro-Virtual-Perspectiva-Pais-Ricardo-Rios-750x375.webp 750w, https:\/\/esreviral.com\/wp-content\/uploads\/2023\/06\/AnyConv.com__Foro-Virtual-Perspectiva-Pais-Ricardo-Rios-1140x570.webp 1140w, https:\/\/esreviral.com\/wp-content\/uploads\/2023\/06\/AnyConv.com__Foro-Virtual-Perspectiva-Pais-Ricardo-Rios.webp 1600w\" sizes=\"(max-width: 1024px) 100vw, 1024px\" \/><\/figure>\n\n\n\n<p><br>Aunque en este tema, al igual que tantos otros de la escena pol\u00edtica nacional, la opacidad informativa reina. Hay muchos rumores acerca de quienes est\u00e1n involucrados, el paradero del dinero e incluso de d\u00f3nde est\u00e1 El Aissami y si deber\u00e1 enfrentar personalmente a la justicia venezolana.<\/p>\n\n\n\n<p><br>El <strong>exministro de Petr\u00f3leo<\/strong> sol\u00eda ser reconocido como uno de los pilares que ha sostenido al gobierno de<strong> Nicol\u00e1s Maduro.<\/strong> Fue ministro de Industrias B\u00e1sicas, vicepresidente de la Rep\u00fablica, y presidente de la Comisi\u00f3n Presidencial \u201cAl\u00ed Rodr\u00edguez Araque\u201d, creada por Maduro el 19 de febrero de 2020 para la reestructuraci\u00f3n de PDVSA.<\/p>\n\n\n\n<p><br>Un tema que se mantiene bajo la mirada del experto analista R\u00edos Calder\u00f3n, polit\u00f3logo egresado de la Universidad de Los Andes, con postgrado en Planificaci\u00f3n Global. Presidente fundador de la consultora de an\u00e1lisis de entorno Poder &amp; Estrategia y miembro de la asociaci\u00f3n civil Estrategia Ciudadana.<\/p>\n\n\n\n<p><br>Quienes deseen participar en este conversatorio podr\u00e1n hacerlo a trav\u00e9s de la p\u00e1gina de Median\u00e1lisis en la red social Facebook o conectarse a la transmisi\u00f3n de YouTube, ambos espacios ofrecen la posibilidad de interactuar realizando preguntas directas al panelista R\u00edos Calder\u00f3n.<\/p>\n","protected":false},"excerpt":{"rendered":"<p>El polit\u00f3logo Ricardo R\u00edos Calder\u00f3n analizar\u00e1 este jueves 22 de junio lo que ocurre en Miraflores y con los principales actores del partido de Gobierno, en una nueva edici\u00f3n del ciclo de foros Perspectiva Pa\u00eds.<\/p>\n","protected":false},"author":3,"featured_media":38052,"comment_status":"open","ping_status":"closed","sticky":false,"template":"","format":"standard","meta":{"jnews-multi-image_gallery":[],"jnews_single_post":{"subtitle":"","format":"standard","video":"","gallery":"","source_name":"","source_url":"","via_name":"","via_url":"","override_template":"0","override":[{"template":"4","single_blog_custom":"","parallax":"1","fullscreen":"1","layout":"right-sidebar","sidebar":"default-sidebar","second_sidebar":"default-sidebar","sticky_sidebar":"1","share_position":"top","share_float_style":"share-monocrhome","show_share_counter":"1","show_view_counter":"1","show_featured":"1","show_post_meta":"1","show_post_author":"1","show_post_author_image":"1","show_post_date":"1","post_date_format":"default","post_date_format_custom":"Y\/m\/d","show_post_category":"1","show_post_reading_time":"1","post_reading_time_wpm":"300","show_zoom_button":"1","zoom_button_out_step":"2","zoom_button_in_step":"3","show_post_tag":"1","show_prev_next_post":"1","show_popup_post":"1","number_popup_post":"1","show_author_box":"1","show_post_related":"1","show_inline_post_related":"0"}],"override_image_size":"0","image_override":[{"single_post_thumbnail_size":"crop-500","single_post_gallery_size":"crop-500"}],"trending_post":"0","trending_post_position":"meta","trending_post_label":"Trending","sponsored_post":"0","sponsored_post_label":"Sponsored by","sponsored_post_name":"","sponsored_post_url":"","sponsored_post_logo_enable":"0","sponsored_post_logo":"","sponsored_post_desc":"","disable_ad":"0"},"jnews_primary_category":{"id":"","hide":""},"jnews_social_meta":{"fb_title":"","fb_description":"","fb_image":"","twitter_title":"","twitter_description":"","twitter_image":""},"jnews_review":[],"enable_review":"0","type":"percentage","name":"","summary":"","brand":"","sku":"","good":[{"good_text":""}],"bad":[{"bad_text":""}],"score_override":"","override_value":"","rating":[{"rating_text":"","rating_number":"10"}],"price":[{"shop":"","price":"","link":"","icon":""}],"jnews_override_counter":{"override_view_counter":"0","view_counter_number":"0","override_share_counter":"0","share_counter_number":"0","override_like_counter":"0","like_counter_number":"0","override_dislike_counter":"0","dislike_counter_number":"0"},"jnews_post_split":{"enable_post_split":"0","post_split":[{"template":"1","tag":"h2","numbering":"asc","mode":"normal","first":"0","enable_toc":"0","toc_type":"normal"}]},"footnotes":""},"categories":[59,66],"tags":[1487,8014,10662,10663,10664,45,2386,5834,56],"class_list":["post-38050","post","type-post","status-publish","format-standard","has-post-thumbnail","hentry","category-politica","category-venezuela","tag-corrupcion","tag-corrupcion-en-pdvsa","tag-empresas-publicas","tag-evento-virtual","tag-medianalisis","tag-noticias","tag-pdvsa","tag-petroleos-de-venezuela","tag-venezuela"],"amp_enabled":true,"_links":{"self":[{"href":"https:\/\/esreviral.com\/index.php?rest_route=\/wp\/v2\/posts\/38050"}],"collection":[{"href":"https:\/\/esreviral.com\/index.php?rest_route=\/wp\/v2\/posts"}],"about":[{"href":"https:\/\/esreviral.com\/index.php?rest_route=\/wp\/v2\/types\/post"}],"author":[{"embeddable":true,"href":"https:\/\/esreviral.com\/index.php?rest_route=\/wp\/v2\/users\/3"}],"replies":[{"embeddable":true,"href":"https:\/\/esreviral.com\/index.php?rest_route=%2Fwp%2Fv2%2Fcomments&post=38050"}],"version-history":[{"count":0,"href":"https:\/\/esreviral.com\/index.php?rest_route=\/wp\/v2\/posts\/38050\/revisions"}],"wp:featuredmedia":[{"embeddable":true,"href":"https:\/\/esreviral.com\/index.php?rest_route=\/wp\/v2\/media\/38052"}],"wp:attachment":[{"href":"https:\/\/esreviral.com\/index.php?rest_route=%2Fwp%2Fv2%2Fmedia&parent=38050"}],"wp:term":[{"taxonomy":"category","embeddable":true,"href":"https:\/\/esreviral.com\/index.php?rest_route=%2Fwp%2Fv2%2Fcategories&post=38050"},{"taxonomy":"post_tag","embeddable":true,"href":"https:\/\/esreviral.com\/index.php?rest_route=%2Fwp%2Fv2%2Ftags&post=38050"}],"curies":[{"name":"wp","href":"https:\/\/api.w.org\/{rel}","templated":true}]}}