{"id":3805,"date":"2021-01-29T20:09:45","date_gmt":"2021-01-29T23:09:45","guid":{"rendered":"http:\/\/esreviral.com\/?p=3805"},"modified":"2021-01-29T20:09:45","modified_gmt":"2021-01-29T23:09:45","slug":"el-sabado-gran-concentracion-en-apoyo-a-la-venezolana-abusada","status":"publish","type":"post","link":"https:\/\/esreviral.com\/?p=3805","title":{"rendered":"El s\u00e1bado gran concentraci\u00f3n en apoyo a la venezolana abusada"},"content":{"rendered":"\n<p>La comunidad venezolana en Argentina, por iniciativa propia organiz\u00f3 una concentraci\u00f3n y vigilia este s\u00e1bado en los tribunales de Buenos Aires (frente al Teatro Col\u00f3n), a las 5:30 PM, con la finalidad de exigir justicia y que la jueza Karina Zucconi cambi\u00e9 su medida y dicte privativa de libertad a Irineo Garz\u00f3n Mart\u00ednez, de 35 a\u00f1os de edad. <\/p>\n\n\n\n<p>La invitaci\u00f3n es extensiva a toda la comunidad argentina y extranjeros en general que se encuentran en Argentina. Se puede asistir con pancartas, velas, globos, alg\u00fan instrumento con el que se haga bulla con la finalidad de expresarse pac\u00edficamente. <\/p>\n","protected":false},"excerpt":{"rendered":"<p>La comunidad venezolana en Argentina, por iniciativa propia organiz\u00f3 una concentraci\u00f3n y vigilia este s\u00e1bado en los tribunales de Buenos Aires (frente al Teatro Col\u00f3n), a las 5:30 PM, con la finalidad de exigir justicia y que la jueza Karina Zucconi cambi\u00e9 su medida y dicte privativa de libertad a Irineo Garz\u00f3n Mart\u00ednez, de 35 [&hellip;]<\/p>\n","protected":false},"author":2,"featured_media":3806,"comment_status":"open","ping_status":"open","sticky":false,"template":"","format":"standard","meta":{"jnews-multi-image_gallery":[],"jnews_single_post":[],"jnews_primary_category":[],"jnews_social_meta":[],"jnews_review":[],"enable_review":"","type":"","name":"","summary":"","brand":"","sku":"","good":[],"bad":[],"score_override":"","override_value":"","rating":[],"price":[],"jnews_override_counter":[],"jnews_post_split":[],"footnotes":""},"categories":[58],"tags":[45,126,67],"class_list":["post-3805","post","type-post","status-publish","format-standard","has-post-thumbnail","hentry","category-argentina","tag-noticias","tag-protesta","tag-venezolanos-en-argentina"],"amp_enabled":true,"_links":{"self":[{"href":"https:\/\/esreviral.com\/index.php?rest_route=\/wp\/v2\/posts\/3805"}],"collection":[{"href":"https:\/\/esreviral.com\/index.php?rest_route=\/wp\/v2\/posts"}],"about":[{"href":"https:\/\/esreviral.com\/index.php?rest_route=\/wp\/v2\/types\/post"}],"author":[{"embeddable":true,"href":"https:\/\/esreviral.com\/index.php?rest_route=\/wp\/v2\/users\/2"}],"replies":[{"embeddable":true,"href":"https:\/\/esreviral.com\/index.php?rest_route=%2Fwp%2Fv2%2Fcomments&post=3805"}],"version-history":[{"count":0,"href":"https:\/\/esreviral.com\/index.php?rest_route=\/wp\/v2\/posts\/3805\/revisions"}],"wp:featuredmedia":[{"embeddable":true,"href":"https:\/\/esreviral.com\/index.php?rest_route=\/"}],"wp:attachment":[{"href":"https:\/\/esreviral.com\/index.php?rest_route=%2Fwp%2Fv2%2Fmedia&parent=3805"}],"wp:term":[{"taxonomy":"category","embeddable":true,"href":"https:\/\/esreviral.com\/index.php?rest_route=%2Fwp%2Fv2%2Fcategories&post=3805"},{"taxonomy":"post_tag","embeddable":true,"href":"https:\/\/esreviral.com\/index.php?rest_route=%2Fwp%2Fv2%2Ftags&post=3805"}],"curies":[{"name":"wp","href":"https:\/\/api.w.org\/{rel}","templated":true}]}}