{"id":38018,"date":"2023-06-21T07:49:44","date_gmt":"2023-06-21T12:49:44","guid":{"rendered":"https:\/\/esreviral.com\/?p=38018"},"modified":"2023-06-21T07:49:45","modified_gmt":"2023-06-21T12:49:45","slug":"a-que-hora-comienzan-las-marchas-y-donde-seran-los-cortes-en-caba-este-21-de-junio","status":"publish","type":"post","link":"https:\/\/esreviral.com\/?p=38018","title":{"rendered":"A qu\u00e9 hora comienzan las marchas y d\u00f3nde ser\u00e1n los cortes en CABA este 21 de junio"},"content":{"rendered":"\n<p>Una nueva jornada de protestas se desarrollar\u00e1 este mi\u00e9rcoles en la Ciudad de Buenos Aires,\u00a0<strong>luego de los graves incidentes ocurridos en las inmediaciones de la Legislatura<\/strong>\u00a0de San Salvador de Jujuy.<\/p>\n\n\n\n<p>La CTA, Ctera y sectores de la CGT&nbsp;convocaron&nbsp;a una&nbsp;<strong>\u00abjornada nacional de lucha\u00bb&nbsp;<\/strong>para repudiar la \u00absalvaje represi\u00f3n\u00bb y contra la sanci\u00f3n de la reforma de la Constituci\u00f3n provincial.<\/p>\n\n\n\n<p>Las organizaciones&nbsp;<strong>concentrar\u00e1n cerca del mediod\u00eda en la zona del Obelisco<\/strong>, para luego movilizarse hasta la Casa de Jujuy, ubicada en avenida Santa Fe 967.<\/p>\n\n\n\n<p>Desde temprano, un fuerte dispositivo de seguridad se despleg\u00f3 en la zona con un vallado y efectivos de la Polic\u00eda frente a la casa provincial, para evitar que los manifestantes lleguen a las inmediaciones del lugar.<\/p>\n\n\n<div class=\"wp-block-image\">\n<figure class=\"aligncenter size-full\"><img fetchpriority=\"high\" decoding=\"async\" width=\"720\" height=\"480\" src=\"https:\/\/esreviral.com\/wp-content\/uploads\/2023\/06\/AnyConv.com__4RL2mCwil_720x0__1.webp\" alt=\"\" class=\"wp-image-38020\" srcset=\"https:\/\/esreviral.com\/wp-content\/uploads\/2023\/06\/AnyConv.com__4RL2mCwil_720x0__1.webp 720w, https:\/\/esreviral.com\/wp-content\/uploads\/2023\/06\/AnyConv.com__4RL2mCwil_720x0__1-300x200.webp 300w\" sizes=\"(max-width: 720px) 100vw, 720px\" \/><\/figure>\n<\/div>\n\n\n<p><\/p>\n\n\n\n<p>\u00abAnte la salvaje represi\u00f3n al pueblo juje\u00f1o y la sanci\u00f3n de una reforma Constitucional que vulnera los m\u00e1s elementales derechos humanos, sociales y sindicales, la CTERA, en el marco de la CTA, convoca a una Jornada Nacional de Lucha con cese de actividades para movilizar\u00bb, expresaron en un comunicado.<\/p>\n\n\n\n<p>Durante el acto, se reclamar\u00e1 \u00abel cese de la represi\u00f3n\u00bb y \u00abel restablecimiento de la libertad de petici\u00f3n y del accionar de los sindicatos\u00bb. Adem\u00e1s, exigir\u00e1n que el Estado juje\u00f1o atienda los reclamos \u00abde aumentos de salarios\u00bb esgrimidos por \u00abgremios docentes y estatales\u00bb, como tambi\u00e9n \u00abel pedido de los pueblos originarios\u00bb respecto de sus tierras.<\/p>\n\n\n\n<p>Pasadas las 8 de la ma\u00f1ana, un reducido grupo de manifestantes ya se encuentran frente al vallado policial, identificados con los pueblos originarios.<\/p>\n\n\n\n<p>El martes, agrupaciones de izquierda se movilizaron a la Casa de Jujuy, mientras se produc\u00edan los graves incidentes en la provincia en contra de la reforma de la Carta Magna.<\/p>\n\n\n\n<p>En tanto, en la provincia, donde se encuentran legisladores de izquierda, dirigentes del kirchnerismo y de la Unidad Piquetera, se realizar\u00e1 una conferencia de prensa.<\/p>\n\n\n\n<p>Despu\u00e9s del mediod\u00eda, en el Hospital Pablo Soria, las agrupaciones junto a referentes de las organizaciones locales y familiares de los heridos y detenidos, realizar\u00e1n un acto tambi\u00e9n contra la \u00abrepresi\u00f3n\u00bb del gobierno de Gerardo Morales.<\/p>\n\n\n\n<p><strong><mark style=\"background-color:rgba(0, 0, 0, 0)\" class=\"has-inline-color has-vivid-red-color\">Los incidentes en Jujuy<\/mark><\/strong><\/p>\n\n\n\n<p>El martes, mientras los convencionales constituyentes sesionaban dentro de la Legislatura de la ciudad de San Salvador de Jujuy, comenzaron los incidentes con un intento de quemar el edificio parlamentario y enfrentamientos entre manifestantes y la Polic\u00eda local.<\/p>\n\n\n\n<p>Los graves incidentes duraron varias horas, con detenidos y heridos de los efectivos policiales, como as\u00ed tambi\u00e9n de las personas que se movilizaban contra la reforma constitucional.<\/p>\n\n\n\n<p class=\"has-text-align-right\"><strong><em>Clarin.-<\/em><\/strong><\/p>\n","protected":false},"excerpt":{"rendered":"<p>La CTA y sectores de CGT convocaron a una \u00abjornada nacional de lucha\u00bb y se movilizar\u00e1n del Obelisco a la Casa de Jujuy, que est\u00e1 completamente vallada.<\/p>\n","protected":false},"author":3,"featured_media":38021,"comment_status":"open","ping_status":"closed","sticky":false,"template":"","format":"standard","meta":{"jnews-multi-image_gallery":[],"jnews_single_post":{"subtitle":"","format":"standard","video":"","gallery":"","source_name":"","source_url":"","via_name":"","via_url":"","override_template":"0","override":[{"template":"4","single_blog_custom":"","parallax":"1","fullscreen":"1","layout":"right-sidebar","sidebar":"default-sidebar","second_sidebar":"default-sidebar","sticky_sidebar":"1","share_position":"top","share_float_style":"share-monocrhome","show_share_counter":"1","show_view_counter":"1","show_featured":"1","show_post_meta":"1","show_post_author":"1","show_post_author_image":"1","show_post_date":"1","post_date_format":"default","post_date_format_custom":"Y\/m\/d","show_post_category":"1","show_post_reading_time":"1","post_reading_time_wpm":"300","show_zoom_button":"1","zoom_button_out_step":"2","zoom_button_in_step":"3","show_post_tag":"1","show_prev_next_post":"1","show_popup_post":"1","number_popup_post":"1","show_author_box":"1","show_post_related":"1","show_inline_post_related":"0"}],"override_image_size":"0","image_override":[{"single_post_thumbnail_size":"crop-500","single_post_gallery_size":"crop-500"}],"trending_post":"0","trending_post_position":"meta","trending_post_label":"Trending","sponsored_post":"0","sponsored_post_label":"Sponsored by","sponsored_post_name":"","sponsored_post_url":"","sponsored_post_logo_enable":"0","sponsored_post_logo":"","sponsored_post_desc":"","disable_ad":"0"},"jnews_primary_category":{"id":"","hide":""},"jnews_social_meta":{"fb_title":"","fb_description":"","fb_image":"","twitter_title":"","twitter_description":"","twitter_image":""},"jnews_review":[],"enable_review":"0","type":"percentage","name":"","summary":"","brand":"","sku":"","good":[{"good_text":""}],"bad":[{"bad_text":""}],"score_override":"","override_value":"","rating":[{"rating_text":"","rating_number":"10"}],"price":[{"shop":"","price":"","link":"","icon":""}],"jnews_override_counter":{"override_view_counter":"0","view_counter_number":"0","override_share_counter":"0","share_counter_number":"0","override_like_counter":"0","like_counter_number":"0","override_dislike_counter":"0","dislike_counter_number":"0"},"jnews_post_split":{"enable_post_split":"0","post_split":[{"template":"1","tag":"h2","numbering":"asc","mode":"normal","first":"0","enable_toc":"0","toc_type":"normal"}]},"footnotes":""},"categories":[58],"tags":[44,894,2281,4586,4314,4753,2472,45,845],"class_list":["post-38018","post","type-post","status-publish","format-standard","has-post-thumbnail","hentry","category-argentina","tag-argentina","tag-ciudad-de-buenos-aires","tag-cortes-y-piquetes","tag-jornada-de-protestas","tag-jujuy","tag-legislatura","tag-marchas","tag-noticias","tag-obelisco"],"_links":{"self":[{"href":"https:\/\/esreviral.com\/index.php?rest_route=\/wp\/v2\/posts\/38018","targetHints":{"allow":["GET"]}}],"collection":[{"href":"https:\/\/esreviral.com\/index.php?rest_route=\/wp\/v2\/posts"}],"about":[{"href":"https:\/\/esreviral.com\/index.php?rest_route=\/wp\/v2\/types\/post"}],"author":[{"embeddable":true,"href":"https:\/\/esreviral.com\/index.php?rest_route=\/wp\/v2\/users\/3"}],"replies":[{"embeddable":true,"href":"https:\/\/esreviral.com\/index.php?rest_route=%2Fwp%2Fv2%2Fcomments&post=38018"}],"version-history":[{"count":0,"href":"https:\/\/esreviral.com\/index.php?rest_route=\/wp\/v2\/posts\/38018\/revisions"}],"wp:featuredmedia":[{"embeddable":true,"href":"https:\/\/esreviral.com\/index.php?rest_route=\/wp\/v2\/media\/38021"}],"wp:attachment":[{"href":"https:\/\/esreviral.com\/index.php?rest_route=%2Fwp%2Fv2%2Fmedia&parent=38018"}],"wp:term":[{"taxonomy":"category","embeddable":true,"href":"https:\/\/esreviral.com\/index.php?rest_route=%2Fwp%2Fv2%2Fcategories&post=38018"},{"taxonomy":"post_tag","embeddable":true,"href":"https:\/\/esreviral.com\/index.php?rest_route=%2Fwp%2Fv2%2Ftags&post=38018"}],"curies":[{"name":"wp","href":"https:\/\/api.w.org\/{rel}","templated":true}]}}