{"id":37983,"date":"2023-06-20T09:05:45","date_gmt":"2023-06-20T14:05:45","guid":{"rendered":"https:\/\/esreviral.com\/?p=37983"},"modified":"2023-06-20T09:05:45","modified_gmt":"2023-06-20T14:05:45","slug":"el-impactante-look-monocromatico-que-la-reina-de-los-paises-bajos-eligio-para-su-visita-a-belgica","status":"publish","type":"post","link":"https:\/\/esreviral.com\/?p=37983","title":{"rendered":"El impactante look monocrom\u00e1tico que la reina de los Pa\u00edses Bajos eligi\u00f3 para su visita a B\u00e9lgica"},"content":{"rendered":"\n<p>No es ninguna novedad que<strong>\u00a0M\u00e1xima Zorreguieta<\/strong>\u00a0cause sensaci\u00f3n en cualquier parte del mundo. Pero, eso no es solo por el rol que representa como\u00a0<strong>reina de los Pa\u00edses Bajos<\/strong>, sino que tambi\u00e9n se roba todas las miradas gracias a sus\u00a0outfits<em>,<\/em>\u00a0sofisticados, elegantes y modernos que luce a diario. A ra\u00edz de las obligaciones que tiene, junto a su marido el\u00a0<strong>rey Guillermo<\/strong>, arribaron a\u00a0<strong>B\u00e9lgica\u00a0<\/strong>donde estar\u00e1n tres d\u00edas. Ni bien puso un pie en la estaci\u00f3n Bruselas-Zuid, toda atenci\u00f3n se pos\u00f3 en su<strong>\u00a0conjunto monocrom\u00e1tico de dos piezas con un sombrero a tono.<\/strong><\/p>\n\n\n\n<p>El matrimonio pos\u00f3 delante del tren real que los llev\u00f3 a B\u00e9lgica y dieron cuenta de los sofisticados vestuarios que eligieron para la ocasi\u00f3n. Mientras<strong>\u00a0el rey luci\u00f3 un traje gris azulado<\/strong>, camisa blanca, zapatos negros y corbata gris, la reina opt\u00f3 por un<em>\u00a0look total beige\u00a0<\/em>de dos piezas\u00a0y accesorios a tono.<\/p>\n\n\n\n<p>En la parte inferior, M\u00e1xima luci\u00f3 una\u00a0<strong>pollera con vuelo, larga hasta los tobillos, mientras que la parte superior consisti\u00f3 en un saco al cuerpo con escote en V<\/strong>. Como joyas, us\u00f3 un prendedor &#8211; pieza clave en su guardarropa -, unos delicados pendientes y una gargantilla.<\/p>\n\n\n<div class=\"wp-block-image\">\n<figure class=\"aligncenter size-large\"><img fetchpriority=\"high\" decoding=\"async\" width=\"819\" height=\"1024\" src=\"https:\/\/esreviral.com\/wp-content\/uploads\/2023\/06\/AnyConv.com__3A3HRGSINZB55DLA37M7BHU3OA-819x1024.webp\" alt=\"\" class=\"wp-image-37984\" srcset=\"https:\/\/esreviral.com\/wp-content\/uploads\/2023\/06\/AnyConv.com__3A3HRGSINZB55DLA37M7BHU3OA-819x1024.webp 819w, https:\/\/esreviral.com\/wp-content\/uploads\/2023\/06\/AnyConv.com__3A3HRGSINZB55DLA37M7BHU3OA-240x300.webp 240w, https:\/\/esreviral.com\/wp-content\/uploads\/2023\/06\/AnyConv.com__3A3HRGSINZB55DLA37M7BHU3OA-768x960.webp 768w, https:\/\/esreviral.com\/wp-content\/uploads\/2023\/06\/AnyConv.com__3A3HRGSINZB55DLA37M7BHU3OA-750x938.webp 750w, https:\/\/esreviral.com\/wp-content\/uploads\/2023\/06\/AnyConv.com__3A3HRGSINZB55DLA37M7BHU3OA.webp 879w\" sizes=\"(max-width: 819px) 100vw, 819px\" \/><\/figure><\/div>\n\n\n<p><\/p>\n\n\n\n<p>Fueron los accesorios los que sin dudas le agregaron su toque personal al\u00a0<em>look.<\/em>\u00a0Unos<em><strong>\u00a0stilletos<\/strong><\/em><strong>\u00a0y un par de guantes en color<\/strong><em><strong>\u00a0nude<\/strong><\/em><strong>\u00a0y una cartera<\/strong>\u00a0tambi\u00e9n, en el mismo tono del traje.<\/p>\n\n\n\n<p>Para finalizar, se la vio con el cabello recogido y\u00a0<strong>un elegante sombrero, que es uno de los complementos que m\u00e1s elige para sumar a sus\u00a0<\/strong><em><strong>outfits<\/strong><\/em>. Si bien a veces opta por modelos m\u00e1s sencillos, ya sean de mayor o menor tama\u00f1o, en otras ocasiones se inclina por algunos m\u00e1s originales y llamativos, como lo fue el que us\u00f3 en la\u00a0coronaci\u00f3n del rey\u00a0<strong>Carlos III<\/strong>\u00a0y\u00a0<strong>Camilla Parker Bowles\u00a0<\/strong>el 6 de mayo.<\/p>\n\n\n\n<p>El matrimonio real arranc\u00f3 su<strong>&nbsp;gira de tres d\u00edas en B\u00e9lgica,<\/strong>&nbsp;donde fueron recibidos por el Ministro de Relaciones Exteriores belga, tal y como lo comunicaron en su cuenta de Instagram oficial.<\/p>\n\n\n\n<p>Posteriormente, Guillermo y M\u00e1xima estuvieron con el Rey Felipe y la Reina Matilde en una ceremonia de bienvenida que se realiz\u00f3 en el Palacio Real de Bruselas. Los cuatro posaron juntos y saludaron a los presentes.<\/p>\n\n\n\n<figure class=\"wp-block-image size-full\"><img decoding=\"async\" width=\"879\" height=\"879\" src=\"https:\/\/esreviral.com\/wp-content\/uploads\/2023\/06\/AnyConv.com__RIKWVHDTTBAVDJFYZFZYWLDEAM.webp\" alt=\"\" class=\"wp-image-37985\" srcset=\"https:\/\/esreviral.com\/wp-content\/uploads\/2023\/06\/AnyConv.com__RIKWVHDTTBAVDJFYZFZYWLDEAM.webp 879w, https:\/\/esreviral.com\/wp-content\/uploads\/2023\/06\/AnyConv.com__RIKWVHDTTBAVDJFYZFZYWLDEAM-300x300.webp 300w, https:\/\/esreviral.com\/wp-content\/uploads\/2023\/06\/AnyConv.com__RIKWVHDTTBAVDJFYZFZYWLDEAM-150x150.webp 150w, https:\/\/esreviral.com\/wp-content\/uploads\/2023\/06\/AnyConv.com__RIKWVHDTTBAVDJFYZFZYWLDEAM-768x768.webp 768w, https:\/\/esreviral.com\/wp-content\/uploads\/2023\/06\/AnyConv.com__RIKWVHDTTBAVDJFYZFZYWLDEAM-75x75.webp 75w, https:\/\/esreviral.com\/wp-content\/uploads\/2023\/06\/AnyConv.com__RIKWVHDTTBAVDJFYZFZYWLDEAM-350x350.webp 350w, https:\/\/esreviral.com\/wp-content\/uploads\/2023\/06\/AnyConv.com__RIKWVHDTTBAVDJFYZFZYWLDEAM-750x750.webp 750w\" sizes=\"(max-width: 879px) 100vw, 879px\" \/><\/figure>\n\n\n\n<p><\/p>\n\n\n\n<p><strong><mark style=\"background-color:rgba(0, 0, 0, 0)\" class=\"has-inline-color has-vivid-red-color\">Los deslumbrantes vestidos que M\u00e1xima y su hija Amalia lucieron en la boda del rey de Jordania<\/mark><\/strong><\/p>\n\n\n\n<p>Si bien para la gira de B\u00e9lgica el matrimonio asisti\u00f3 en solitario, tan solo unos pocos d\u00edas atr\u00e1s,\u00a0su primog\u00e9nita<strong>\u00a0Amalia<\/strong>\u00a0&#8211; heredera directa al trono &#8211;\u00a0los acompa\u00f1\u00f3 a un importante evento: la boda de Hussein, el hijo mayor del rey Abdal\u00e1 II, heredero de Jordania, y novia saudita, Rajwa Al Saif. All\u00ed, madre e hija deslumbraron con sus vestidos y particularmente con sus brillantes coronas.<\/p>\n\n\n\n<figure class=\"wp-block-image size-full\"><img decoding=\"async\" width=\"879\" height=\"585\" src=\"https:\/\/esreviral.com\/wp-content\/uploads\/2023\/06\/AnyConv.com__YSTUIYCWIBH5LPSXWRCE3PKPMU.webp\" alt=\"\" class=\"wp-image-37986\" srcset=\"https:\/\/esreviral.com\/wp-content\/uploads\/2023\/06\/AnyConv.com__YSTUIYCWIBH5LPSXWRCE3PKPMU.webp 879w, https:\/\/esreviral.com\/wp-content\/uploads\/2023\/06\/AnyConv.com__YSTUIYCWIBH5LPSXWRCE3PKPMU-300x200.webp 300w, https:\/\/esreviral.com\/wp-content\/uploads\/2023\/06\/AnyConv.com__YSTUIYCWIBH5LPSXWRCE3PKPMU-768x511.webp 768w, https:\/\/esreviral.com\/wp-content\/uploads\/2023\/06\/AnyConv.com__YSTUIYCWIBH5LPSXWRCE3PKPMU-750x499.webp 750w\" sizes=\"(max-width: 879px) 100vw, 879px\" \/><\/figure>\n\n\n\n<p><\/p>\n\n\n\n<p>La\u00a0<strong>princesa de los Pa\u00edses Bajos\u00a0<\/strong>luci\u00f3 un vestido de mangas cortas color bord\u00f3 bordado con piedras, escote, coraz\u00f3n y tul en la parte superior. Los accesorios fueron grandes protagonistas: anillo, pulsera y aros colgantes, pero sin dudas lo m\u00e1s llamativo fue que\u00a0por primera vez us\u00f3 una tiara, particularmente el modelo cola de pavo. Por su parte, la reina resplandeci\u00f3 con un vestido de mangas largas bordado en color plata con delicados detalles en dorado. Al igual que su hija, tambi\u00e9n luci\u00f3 una corona, en su caso el modelo Stuart.<\/p>\n\n\n\n<p class=\"has-text-align-right\"><em><strong>LA NACION<\/strong>.-<\/em><\/p>\n","protected":false},"excerpt":{"rendered":"<p>La reina de los Pa\u00edses Bajos y su marido, el rey Guillermo, arribaron en tren al pa\u00eds europeo para cumplir con sus obligaciones reales<\/p>\n","protected":false},"author":3,"featured_media":37987,"comment_status":"open","ping_status":"closed","sticky":false,"template":"","format":"standard","meta":{"jnews-multi-image_gallery":[],"jnews_single_post":{"subtitle":"","format":"standard","video":"","gallery":"","source_name":"","source_url":"","via_name":"","via_url":"","override_template":"0","override":[{"template":"4","single_blog_custom":"","parallax":"1","fullscreen":"1","layout":"right-sidebar","sidebar":"default-sidebar","second_sidebar":"default-sidebar","sticky_sidebar":"1","share_position":"top","share_float_style":"share-monocrhome","show_share_counter":"1","show_view_counter":"1","show_featured":"1","show_post_meta":"1","show_post_author":"1","show_post_author_image":"1","show_post_date":"1","post_date_format":"default","post_date_format_custom":"Y\/m\/d","show_post_category":"1","show_post_reading_time":"1","post_reading_time_wpm":"300","show_zoom_button":"1","zoom_button_out_step":"2","zoom_button_in_step":"3","show_post_tag":"1","show_prev_next_post":"1","show_popup_post":"1","number_popup_post":"1","show_author_box":"1","show_post_related":"1","show_inline_post_related":"0"}],"override_image_size":"0","image_override":[{"single_post_thumbnail_size":"crop-500","single_post_gallery_size":"crop-500"}],"trending_post":"0","trending_post_position":"meta","trending_post_label":"Trending","sponsored_post":"0","sponsored_post_label":"Sponsored by","sponsored_post_name":"","sponsored_post_url":"","sponsored_post_logo_enable":"0","sponsored_post_logo":"","sponsored_post_desc":"","disable_ad":"0"},"jnews_primary_category":{"id":"","hide":""},"jnews_social_meta":{"fb_title":"","fb_description":"","fb_image":"","twitter_title":"","twitter_description":"","twitter_image":""},"jnews_review":[],"enable_review":"0","type":"percentage","name":"","summary":"","brand":"","sku":"","good":[{"good_text":""}],"bad":[{"bad_text":""}],"score_override":"","override_value":"","rating":[{"rating_text":"","rating_number":"10"}],"price":[{"shop":"","price":"","link":"","icon":""}],"jnews_override_counter":{"override_view_counter":"0","view_counter_number":"0","override_share_counter":"0","share_counter_number":"0","override_like_counter":"0","like_counter_number":"0","override_dislike_counter":"0","dislike_counter_number":"0"},"jnews_post_split":{"enable_post_split":"0","post_split":[{"template":"1","tag":"h2","numbering":"asc","mode":"normal","first":"0","enable_toc":"0","toc_type":"normal"}]},"footnotes":""},"categories":[88],"tags":[10603,10606,10604,45,10605,1401,624,10601,10602],"class_list":["post-37983","post","type-post","status-publish","format-standard","has-post-thumbnail","hentry","category-internacionales","tag-belgica-2","tag-look-monocromatico","tag-maxima-zorreguieta","tag-noticias","tag-outfits","tag-paises-bajos","tag-realeza","tag-reina-de-los-paises-bajos","tag-visita-a-belgica"],"amp_enabled":true,"_links":{"self":[{"href":"https:\/\/esreviral.com\/index.php?rest_route=\/wp\/v2\/posts\/37983"}],"collection":[{"href":"https:\/\/esreviral.com\/index.php?rest_route=\/wp\/v2\/posts"}],"about":[{"href":"https:\/\/esreviral.com\/index.php?rest_route=\/wp\/v2\/types\/post"}],"author":[{"embeddable":true,"href":"https:\/\/esreviral.com\/index.php?rest_route=\/wp\/v2\/users\/3"}],"replies":[{"embeddable":true,"href":"https:\/\/esreviral.com\/index.php?rest_route=%2Fwp%2Fv2%2Fcomments&post=37983"}],"version-history":[{"count":0,"href":"https:\/\/esreviral.com\/index.php?rest_route=\/wp\/v2\/posts\/37983\/revisions"}],"wp:featuredmedia":[{"embeddable":true,"href":"https:\/\/esreviral.com\/index.php?rest_route=\/wp\/v2\/media\/37987"}],"wp:attachment":[{"href":"https:\/\/esreviral.com\/index.php?rest_route=%2Fwp%2Fv2%2Fmedia&parent=37983"}],"wp:term":[{"taxonomy":"category","embeddable":true,"href":"https:\/\/esreviral.com\/index.php?rest_route=%2Fwp%2Fv2%2Fcategories&post=37983"},{"taxonomy":"post_tag","embeddable":true,"href":"https:\/\/esreviral.com\/index.php?rest_route=%2Fwp%2Fv2%2Ftags&post=37983"}],"curies":[{"name":"wp","href":"https:\/\/api.w.org\/{rel}","templated":true}]}}