{"id":37978,"date":"2023-06-20T08:44:22","date_gmt":"2023-06-20T13:44:22","guid":{"rendered":"https:\/\/esreviral.com\/?p=37978"},"modified":"2023-06-20T08:44:23","modified_gmt":"2023-06-20T13:44:23","slug":"el-papa-francisco-recibio-al-presidente-cubano-diaz-canel-en-el-vaticano","status":"publish","type":"post","link":"https:\/\/esreviral.com\/?p=37978","title":{"rendered":"El Papa Francisco recibi\u00f3 al presidente cubano D\u00edaz-Canel en el Vaticano"},"content":{"rendered":"\n<p>El <strong>papa Francisco<\/strong> recibi\u00f3 con un afectuoso: \u00abMe encanta verlo aqu\u00ed, me encanta que haya venido\u00bb al <strong>presidente cubano, Miguel D\u00edaz-Canel<\/strong>, a su llegada este martes al Vaticano para una reuni\u00f3n que se prolong\u00f3 40 minutos, mientras que el mandatario agradeci\u00f3 al pont\u00edfice el esfuerzo de esta audiencia a pocos d\u00edas de haber salido del hospital<\/p>\n\n\n\n<p>\u00abMe encanta verlo recuperado. Muchas gracias por arreglar este encuentro\u00bb, dijo D\u00edaz-Canel tras entrar en el edificio del Aula Pablo VI donde se celebr\u00f3 la reuni\u00f3n y el\u00a0papa\u00a0respondi\u00f3: \u00abBueno a mitad de camino, porque todav\u00eda tengo los puntos\u00bb, en referencia a la operaci\u00f3n por una hernia abdominal de la que fue dado de alta el pasado viernes.<\/p>\n\n\n\n<p>Despu\u00e9s el mandatario le present\u00f3 a su esposa, Lis Cuesta Peraza, de la que dijo es \u00abuna gran admiradora\u00bb del pont\u00edfice.<\/p>\n\n\n\n<p>\u00abLe quiero mucho, un placer infinito\u00bb, dijo emocionada la esposa del mandatario, a quien Francisco le pidi\u00f3 \u00abque le tirase alguna oraci\u00f3n de vez en cuando\u00bb, seg\u00fan se escucha en el video del encuentro distribuido por el Vaticano.<\/p>\n\n\n\n<p>Una vez sentados en la mesa del despacho del aula Pablo VI, ambos comenzaron la reuni\u00f3n hablando de la salud de Francisco y este explic\u00f3 de la operaci\u00f3n: \u00abEsas cosas de la vejez, unas adherencias\u2026\u00bb.<\/p>\n\n\n\n<figure class=\"wp-block-image size-full\"><img fetchpriority=\"high\" decoding=\"async\" width=\"949\" height=\"626\" src=\"https:\/\/esreviral.com\/wp-content\/uploads\/2023\/06\/AnyConv.com__cvfdsa.webp\" alt=\"\" class=\"wp-image-37979\" srcset=\"https:\/\/esreviral.com\/wp-content\/uploads\/2023\/06\/AnyConv.com__cvfdsa.webp 949w, https:\/\/esreviral.com\/wp-content\/uploads\/2023\/06\/AnyConv.com__cvfdsa-300x198.webp 300w, https:\/\/esreviral.com\/wp-content\/uploads\/2023\/06\/AnyConv.com__cvfdsa-768x507.webp 768w, https:\/\/esreviral.com\/wp-content\/uploads\/2023\/06\/AnyConv.com__cvfdsa-750x495.webp 750w\" sizes=\"(max-width: 949px) 100vw, 949px\" \/><\/figure>\n\n\n\n<p><\/p>\n\n\n\n<p>El mandatario tambi\u00e9n le present\u00f3 al papa a su hijo Miguel D\u00edaz-Canel Villanueva, que formaba parte de la delegaci\u00f3n y del que explic\u00f3 que hab\u00eda estudiado derecho y que trabajaba con \u00e9l, adem\u00e1s de ser la oposici\u00f3n en la familia\u00bb pues es el \u00abque m\u00e1s critica\u00bb.<\/p>\n\n\n\n<p>Durante el tradicional intercambio de regalos, Francisco le entreg\u00f3 una obra de arte de bronce que representa una paloma portando una rama de olivo, con la inscripci\u00f3n \u00abSed mensajeros de la paz\u00bb, adem\u00e1s del Mensaje para la Paz de este a\u00f1o, el documento sobre la fraternidad humana y el libro sobre la Statio Orbis del 27 de marzo de 2020.<\/p>\n\n\n\n<p>Por su parte, D\u00edaz-Canel le regal\u00f3 al papa una escultura en plata, bronce y madera, titulada \u00abEl Lector\u00bb, y dos vol\u00famenes de poetas cubanos:\u00a0<em>Las miradas perdidas<\/em>\u00a0de Fina Garc\u00eda Marruz y\u00a0<em>La Luz del imposible<\/em>\u00a0de Cintio Vitier, que dijo eran representantes de \u00ablo mejor de la intelectualidad cubana en aquella \u00e9poca\u00bb y que \u00abson dos libros de poemas bell\u00edsimos y son libros de valores\u00bb.<\/p>\n\n\n\n<figure class=\"wp-block-image size-full\"><img decoding=\"async\" width=\"951\" height=\"629\" src=\"https:\/\/esreviral.com\/wp-content\/uploads\/2023\/06\/AnyConv.com__wssx.webp\" alt=\"\" class=\"wp-image-37980\" srcset=\"https:\/\/esreviral.com\/wp-content\/uploads\/2023\/06\/AnyConv.com__wssx.webp 951w, https:\/\/esreviral.com\/wp-content\/uploads\/2023\/06\/AnyConv.com__wssx-300x198.webp 300w, https:\/\/esreviral.com\/wp-content\/uploads\/2023\/06\/AnyConv.com__wssx-768x508.webp 768w, https:\/\/esreviral.com\/wp-content\/uploads\/2023\/06\/AnyConv.com__wssx-750x496.webp 750w\" sizes=\"(max-width: 951px) 100vw, 951px\" \/><\/figure>\n\n\n\n<p><\/p>\n\n\n\n<p>Al recibir la medalla acu\u00f1ada por el d\u00e9cimo aniversario del pontificado, el mandatario recalc\u00f3 que \u00abexactamente nos estamos viendo en el d\u00e9cimo aniversario de su ascenso al solio Pontificio\u00bb y Francisco brome\u00f3 sobre su elecci\u00f3n como pont\u00edfice: \u00abMe agarraron con la guardia baja\u00bb<\/p>\n\n\n\n<p>\u00abSabemos que ha hecho un esfuerzo y se lo agradecemos mucho y siempre lo guardaremos en el coraz\u00f3n\u00bb, concluy\u00f3 D\u00edaz-Canel, que despu\u00e9s se traslad\u00f3 a Secretar\u00eda de Estado para su reuni\u00f3n con Pietro Parolin.<\/p>\n\n\n\n<p>Se convirti\u00f3 as\u00ed en el tercer\u00a0mandatario cubano\u00a0que viaja al Vaticano desde el triunfo de la Revoluci\u00f3n Cubana en 1959, puesto que sus predecesores, Fidel Castro y su hermano Ra\u00fal, lo hicieron, respectivamente, en 1996 y 2015.<\/p>\n\n\n\n<p>El mandatario lleg\u00f3 el lunes a Roma y la delegaci\u00f3n cubana est\u00e1 integrada, adem\u00e1s, por el ministro de Relaciones Exteriores, Bruno Rodr\u00edguez Parrilla, varios viceministros de esa cartera, y la viceministra primera del Comercio Exterior y la Inversi\u00f3n Extranjera, Ana Teresita Gonz\u00e1lez Fraga, entre otros directivos.<\/p>\n\n\n\n<p class=\"has-text-align-right\"><strong><em>ElNacional.-<\/em><\/strong><\/p>\n","protected":false},"excerpt":{"rendered":"<p>El mandatario lleg\u00f3 el lunes a Roma y la delegaci\u00f3n cubana est\u00e1 integrada, adem\u00e1s, por el ministro de Relaciones Exteriores, Bruno Rodr\u00edguez Parrilla, varios viceministros de esa cartera, y la viceministra primera del Comercio Exterior y la Inversi\u00f3n Extranjera, Ana Teresita Gonz\u00e1lez Fraga<\/p>\n","protected":false},"author":3,"featured_media":37981,"comment_status":"open","ping_status":"closed","sticky":false,"template":"","format":"standard","meta":{"jnews-multi-image_gallery":[],"jnews_single_post":{"subtitle":"","format":"standard","video":"","gallery":"","source_name":"","source_url":"","via_name":"","via_url":"","override_template":"0","override":[{"template":"4","single_blog_custom":"","parallax":"1","fullscreen":"1","layout":"right-sidebar","sidebar":"default-sidebar","second_sidebar":"default-sidebar","sticky_sidebar":"1","share_position":"top","share_float_style":"share-monocrhome","show_share_counter":"1","show_view_counter":"1","show_featured":"1","show_post_meta":"1","show_post_author":"1","show_post_author_image":"1","show_post_date":"1","post_date_format":"default","post_date_format_custom":"Y\/m\/d","show_post_category":"1","show_post_reading_time":"1","post_reading_time_wpm":"300","show_zoom_button":"1","zoom_button_out_step":"2","zoom_button_in_step":"3","show_post_tag":"1","show_prev_next_post":"1","show_popup_post":"1","number_popup_post":"1","show_author_box":"1","show_post_related":"1","show_inline_post_related":"0"}],"override_image_size":"0","image_override":[{"single_post_thumbnail_size":"crop-500","single_post_gallery_size":"crop-500"}],"trending_post":"0","trending_post_position":"meta","trending_post_label":"Trending","sponsored_post":"0","sponsored_post_label":"Sponsored by","sponsored_post_name":"","sponsored_post_url":"","sponsored_post_logo_enable":"0","sponsored_post_logo":"","sponsored_post_desc":"","disable_ad":"0"},"jnews_primary_category":{"id":"","hide":""},"jnews_social_meta":{"fb_title":"","fb_description":"","fb_image":"","twitter_title":"","twitter_description":"","twitter_image":""},"jnews_review":[],"enable_review":"0","type":"percentage","name":"","summary":"","brand":"","sku":"","good":[{"good_text":""}],"bad":[{"bad_text":""}],"score_override":"","override_value":"","rating":[{"rating_text":"","rating_number":"10"}],"price":[{"shop":"","price":"","link":"","icon":""}],"jnews_override_counter":{"override_view_counter":"0","view_counter_number":"0","override_share_counter":"0","share_counter_number":"0","override_like_counter":"0","like_counter_number":"0","override_dislike_counter":"0","dislike_counter_number":"0"},"jnews_post_split":{"enable_post_split":"0","post_split":[{"template":"1","tag":"h2","numbering":"asc","mode":"normal","first":"0","enable_toc":"0","toc_type":"normal"}]},"footnotes":""},"categories":[88],"tags":[10598,10600,45,128,10599,129],"class_list":["post-37978","post","type-post","status-publish","format-standard","has-post-thumbnail","hentry","category-internacionales","tag-diaz-canel-2","tag-mandatario-cubano","tag-noticias","tag-papa-francisco","tag-presidente-cubano","tag-vaticano"],"amp_enabled":true,"_links":{"self":[{"href":"https:\/\/esreviral.com\/index.php?rest_route=\/wp\/v2\/posts\/37978"}],"collection":[{"href":"https:\/\/esreviral.com\/index.php?rest_route=\/wp\/v2\/posts"}],"about":[{"href":"https:\/\/esreviral.com\/index.php?rest_route=\/wp\/v2\/types\/post"}],"author":[{"embeddable":true,"href":"https:\/\/esreviral.com\/index.php?rest_route=\/wp\/v2\/users\/3"}],"replies":[{"embeddable":true,"href":"https:\/\/esreviral.com\/index.php?rest_route=%2Fwp%2Fv2%2Fcomments&post=37978"}],"version-history":[{"count":0,"href":"https:\/\/esreviral.com\/index.php?rest_route=\/wp\/v2\/posts\/37978\/revisions"}],"wp:featuredmedia":[{"embeddable":true,"href":"https:\/\/esreviral.com\/index.php?rest_route=\/wp\/v2\/media\/37981"}],"wp:attachment":[{"href":"https:\/\/esreviral.com\/index.php?rest_route=%2Fwp%2Fv2%2Fmedia&parent=37978"}],"wp:term":[{"taxonomy":"category","embeddable":true,"href":"https:\/\/esreviral.com\/index.php?rest_route=%2Fwp%2Fv2%2Fcategories&post=37978"},{"taxonomy":"post_tag","embeddable":true,"href":"https:\/\/esreviral.com\/index.php?rest_route=%2Fwp%2Fv2%2Ftags&post=37978"}],"curies":[{"name":"wp","href":"https:\/\/api.w.org\/{rel}","templated":true}]}}