{"id":37967,"date":"2023-06-20T08:09:56","date_gmt":"2023-06-20T13:09:56","guid":{"rendered":"https:\/\/esreviral.com\/?p=37967"},"modified":"2023-06-20T08:18:38","modified_gmt":"2023-06-20T13:18:38","slug":"por-que-se-celebra-el-20-de-junio-el-dia-de-la-bandera","status":"publish","type":"post","link":"https:\/\/esreviral.com\/?p=37967","title":{"rendered":"Por qu\u00e9 se celebra el 20 de junio el D\u00eda de la Bandera"},"content":{"rendered":"\n<p>El\u00a0<strong>D\u00eda de la Bandera en la Argentina<\/strong>\u00a0es todos los 20 de junio, una fecha que fue elegida por tratarse de\u00a0la\u00a0<strong>efem\u00e9ride<\/strong>\u00a0de la muerte, en 1820, de\u00a0<strong>Manuel Belgrano<\/strong>, quien cre\u00f3 este emblema nacional.<\/p>\n\n\n\n<p>Es por esto que al d\u00eda,\u00a0uno de los feriados inamovibles que tiene nuestro calendario, tambi\u00e9n se lo conoce como el\u00a0<strong>Paso a la Inmortalidad del General Manuel Belgrano<\/strong>. Este pol\u00edtico, escritor y militar falleci\u00f3 en su casa natal, actualmente en la Avenida Manuel Belgrano al 430 en la ciudad de Buenos Aires, luego de una enfermedad que lo aquej\u00f3 tambi\u00e9n en Tucum\u00e1n y que contrajo mientras dirig\u00eda el ej\u00e9rcito auxiliar del\u00a0<strong>Alto Per\u00fa<\/strong>\u00a0en la\u00a0<strong>Guerra de Independencia<\/strong>\u00a0nacional.<\/p>\n\n\n\n<p>El recuerdo de esa jornada es un d\u00eda de reflexi\u00f3n en las escuelas, que por lo general antecede al acto en el que los alumnos juran lealtad a la&nbsp;<strong>bandera<\/strong>.<\/p>\n\n\n\n<p><strong><mark style=\"background-color:rgba(0, 0, 0, 0)\" class=\"has-inline-color has-vivid-red-color\">C\u00f3mo fue la creaci\u00f3n de la bandera nacional<\/mark><\/strong><\/p>\n\n\n\n<p>La primera ocasi\u00f3n en que se enarbol\u00f3 este pabell\u00f3n fue el 27 de febrero de 1812, en lo que hoy es la ciudad de\u00a0<strong>Rosario<\/strong>. El acto solemne se llev\u00f3 adelante durante la inauguraci\u00f3n de dos bater\u00edas de artiller\u00eda que hab\u00edan sido instaladas en la orilla del<strong>\u00a0R\u00edo Paran\u00e1\u00a0<\/strong>para evitar los embates enemigos.<\/p>\n\n\n\n<p>La idea de\u00a0<strong>Belgrano<\/strong>\u00a0de dise\u00f1ar una bandera\u00a0fue antecedida por la de colocar un distintivo que identificara a los soldados criollos de las tropas realistas, ya que por entonces ambos cuerpos usaban ense\u00f1as rojas. Esta inquietud fue planteada por el\u00a0<strong>pr\u00f3cer<\/strong>\u00a0al\u00a0<strong>Triunvirato<\/strong>\u00a0de Buenos Aires, que contest\u00f3 autoriz\u00e1ndolo a emplear un nuevo emblema. A la hora de pensar la paleta de colores, se remitieron a la escarapela celeste y blanca, que\u00a0<strong>Belgrano<\/strong>\u00a0ya hab\u00eda visto durante los d\u00edas de la\u00a0<strong>Revoluci\u00f3n de Mayo<\/strong>\u00a0donde terminar\u00eda como secretario de la Primera Junta.<\/p>\n\n\n\n<p>La nueva\u00a0<strong>escarapela<\/strong>\u00a0fue bien recibida por los soldados, que encontraron con este s\u00edmbolo un nuevo sentido de pertenencia alrededor de su causa. Belgrano escribi\u00f3 a las autoridades nacionales al respecto: \u201cLas banderas de nuestros enemigos son las que hasta hora hemos usado, abajo se\u00f1or excelent\u00edsimo esas se\u00f1ales exteriores que para nada nos han servido y que parece que a\u00fan no hemos roto las cadenas de la esclavitud\u201d.<\/p>\n\n\n\n<figure class=\"wp-block-image size-full\"><img fetchpriority=\"high\" decoding=\"async\" width=\"879\" height=\"438\" src=\"https:\/\/esreviral.com\/wp-content\/uploads\/2023\/06\/AnyConv.com__la-bandera-que-belgrano-diseno-en-1812-fue-ED3VPNGLLVCJXLUNBRRC6CWHLU.webp\" alt=\"\" class=\"wp-image-37972\" srcset=\"https:\/\/esreviral.com\/wp-content\/uploads\/2023\/06\/AnyConv.com__la-bandera-que-belgrano-diseno-en-1812-fue-ED3VPNGLLVCJXLUNBRRC6CWHLU.webp 879w, https:\/\/esreviral.com\/wp-content\/uploads\/2023\/06\/AnyConv.com__la-bandera-que-belgrano-diseno-en-1812-fue-ED3VPNGLLVCJXLUNBRRC6CWHLU-300x149.webp 300w, https:\/\/esreviral.com\/wp-content\/uploads\/2023\/06\/AnyConv.com__la-bandera-que-belgrano-diseno-en-1812-fue-ED3VPNGLLVCJXLUNBRRC6CWHLU-768x383.webp 768w, https:\/\/esreviral.com\/wp-content\/uploads\/2023\/06\/AnyConv.com__la-bandera-que-belgrano-diseno-en-1812-fue-ED3VPNGLLVCJXLUNBRRC6CWHLU-360x180.webp 360w, https:\/\/esreviral.com\/wp-content\/uploads\/2023\/06\/AnyConv.com__la-bandera-que-belgrano-diseno-en-1812-fue-ED3VPNGLLVCJXLUNBRRC6CWHLU-750x374.webp 750w\" sizes=\"(max-width: 879px) 100vw, 879px\" \/><\/figure>\n\n\n\n<p><\/p>\n\n\n\n<p>Una vez concluidos los puestos defensivos cuyo objetivo era edificar, el pr\u00f3cer se dio cuenta que requer\u00edan una&nbsp;<strong>bandera<\/strong>&nbsp;la cual enarbolar en el solemne acto de apertura, por lo que decide confeccionarla con los mismos colores autorizados previamente a la escarapela. De todas formas, el asunto de una&nbsp;<strong>bandera nacional<\/strong>&nbsp;no hab\u00eda sido decidido a\u00fan por el&nbsp;<strong>Triunvirato<\/strong>, por lo que el dise\u00f1o de&nbsp;<strong>Belgrano<\/strong>&nbsp;fue su sola responsabilidad.<\/p>\n\n\n\n<p>El primer ejemplar de nuestra<strong>\u00a0bandera nacional<\/strong>\u00a0fue bordado por\u00a0<strong>Catalina Echeverr\u00eda<\/strong>, y se iz\u00f3 sobre la orilla del\u00a0<strong>R\u00edo Paran\u00e1<\/strong>\u00a0el mencionado 27 de febrero de 1812. Ese d\u00eda, ante sus tropas del Regimiento N\u00b05,\u00a0<strong>Belgrano<\/strong>\u00a0dijo: \u201cSoldados de la patria juremos vencer a nuestros enemigos interiores y exteriores y la Am\u00e9rica del Sur ser\u00e1 el templo de la independencia, de la uni\u00f3n y de la libertad. En fe de que as\u00ed lo jur\u00e1is decid conmigo Viva la Patria\u201d.<\/p>\n\n\n\n<p>Esta insignia viaj\u00f3 junto a\u00a0<strong>Belgrano<\/strong>\u00a0en su incursi\u00f3n al\u00a0<strong>Alto Per\u00fa<\/strong>, y se perdi\u00f3 de la historia hasta que en 1883 fue hallada detr\u00e1s de un cuadro<strong>\u00a0<\/strong>en la capilla de<strong>\u00a0Titir\u00ed<\/strong>, al norte de\u00a0<strong>Bolivia<\/strong>, en la ciudad de\u00a0<strong>Macha<\/strong>. Investigaciones posteriores demostraron que fue en ese sitio que las tropas criollas hicieron cuartel luego de su derrota en\u00a0<strong>Vilcapugio<\/strong>, y que tras la ca\u00edda en\u00a0<strong>Ayohuma<\/strong>, el p\u00e1rroco de Titir\u00ed las ocult\u00f3 en su iglesia para evitar que cayeran en manos espa\u00f1olas. Luego de ser cedida a nuestro pa\u00eds por el estado boliviano, el emblema fue restaurado y actualmente se conserva en el\u00a0<strong>Museo Hist\u00f3rico Nacional<\/strong>.<\/p>\n\n\n\n<p class=\"has-text-align-right\"><em><strong>LN.-<\/strong><\/em><\/p>\n","protected":false},"excerpt":{"rendered":"<p>El presidente Roberto M. Ortiz decret\u00f3 en 1938 esta fecha conmemorativa.<\/p>\n","protected":false},"author":3,"featured_media":37969,"comment_status":"open","ping_status":"closed","sticky":false,"template":"","format":"standard","meta":{"jnews-multi-image_gallery":[],"jnews_single_post":{"subtitle":"","format":"standard","video":"","gallery":"","source_name":"","source_url":"","via_name":"","via_url":"","override_template":"0","override":[{"template":"4","single_blog_custom":"","parallax":"1","fullscreen":"1","layout":"right-sidebar","sidebar":"default-sidebar","second_sidebar":"default-sidebar","sticky_sidebar":"1","share_position":"top","share_float_style":"share-monocrhome","show_share_counter":"1","show_view_counter":"1","show_featured":"1","show_post_meta":"1","show_post_author":"1","show_post_author_image":"1","show_post_date":"1","post_date_format":"default","post_date_format_custom":"Y\/m\/d","show_post_category":"1","show_post_reading_time":"1","post_reading_time_wpm":"300","show_zoom_button":"1","zoom_button_out_step":"2","zoom_button_in_step":"3","show_post_tag":"1","show_prev_next_post":"1","show_popup_post":"1","number_popup_post":"1","show_author_box":"1","show_post_related":"1","show_inline_post_related":"0"}],"override_image_size":"0","image_override":[{"single_post_thumbnail_size":"crop-500","single_post_gallery_size":"crop-500"}],"trending_post":"0","trending_post_position":"meta","trending_post_label":"Trending","sponsored_post":"0","sponsored_post_label":"Sponsored by","sponsored_post_name":"","sponsored_post_url":"","sponsored_post_logo_enable":"0","sponsored_post_logo":"","sponsored_post_desc":"","disable_ad":"0"},"jnews_primary_category":{"id":"","hide":""},"jnews_social_meta":{"fb_title":"","fb_description":"","fb_image":"","twitter_title":"","twitter_description":"","twitter_image":""},"jnews_review":[],"enable_review":"0","type":"percentage","name":"","summary":"","brand":"","sku":"","good":[{"good_text":""}],"bad":[{"bad_text":""}],"score_override":"","override_value":"","rating":[{"rating_text":"","rating_number":"10"}],"price":[{"shop":"","price":"","link":"","icon":""}],"jnews_override_counter":{"override_view_counter":"0","view_counter_number":"0","override_share_counter":"0","share_counter_number":"0","override_like_counter":"0","like_counter_number":"0","override_dislike_counter":"0","dislike_counter_number":"0"},"jnews_post_split":{"enable_post_split":"0","post_split":[{"template":"1","tag":"h2","numbering":"asc","mode":"normal","first":"0","enable_toc":"0","toc_type":"normal"}]},"footnotes":""},"categories":[58],"tags":[44,2731,3953,10594,5252,10593,10592,45],"class_list":["post-37967","post","type-post","status-publish","format-standard","has-post-thumbnail","hentry","category-argentina","tag-argentina","tag-dia-de-la-bandera","tag-efemerides-3","tag-efemerides-de-junio","tag-feriados","tag-manuel-belgrano","tag-museo-historico-nacional","tag-noticias"],"amp_enabled":true,"_links":{"self":[{"href":"https:\/\/esreviral.com\/index.php?rest_route=\/wp\/v2\/posts\/37967"}],"collection":[{"href":"https:\/\/esreviral.com\/index.php?rest_route=\/wp\/v2\/posts"}],"about":[{"href":"https:\/\/esreviral.com\/index.php?rest_route=\/wp\/v2\/types\/post"}],"author":[{"embeddable":true,"href":"https:\/\/esreviral.com\/index.php?rest_route=\/wp\/v2\/users\/3"}],"replies":[{"embeddable":true,"href":"https:\/\/esreviral.com\/index.php?rest_route=%2Fwp%2Fv2%2Fcomments&post=37967"}],"version-history":[{"count":0,"href":"https:\/\/esreviral.com\/index.php?rest_route=\/wp\/v2\/posts\/37967\/revisions"}],"wp:featuredmedia":[{"embeddable":true,"href":"https:\/\/esreviral.com\/index.php?rest_route=\/wp\/v2\/media\/37969"}],"wp:attachment":[{"href":"https:\/\/esreviral.com\/index.php?rest_route=%2Fwp%2Fv2%2Fmedia&parent=37967"}],"wp:term":[{"taxonomy":"category","embeddable":true,"href":"https:\/\/esreviral.com\/index.php?rest_route=%2Fwp%2Fv2%2Fcategories&post=37967"},{"taxonomy":"post_tag","embeddable":true,"href":"https:\/\/esreviral.com\/index.php?rest_route=%2Fwp%2Fv2%2Ftags&post=37967"}],"curies":[{"name":"wp","href":"https:\/\/api.w.org\/{rel}","templated":true}]}}