{"id":37963,"date":"2023-06-20T07:53:46","date_gmt":"2023-06-20T12:53:46","guid":{"rendered":"https:\/\/esreviral.com\/?p=37963"},"modified":"2023-06-20T07:53:47","modified_gmt":"2023-06-20T12:53:47","slug":"shakira-anuncio-cuando-sale-copa-vacia-junto-a-manuel-turizo","status":"publish","type":"post","link":"https:\/\/esreviral.com\/?p=37963","title":{"rendered":"Shakira anunci\u00f3 cu\u00e1ndo sale Copa vac\u00eda junto a Manuel Turizo"},"content":{"rendered":"\n<p>Todo parece indicar que la espera ha llegado a su fin y los seguidores de <strong>Shakira<\/strong> podr\u00e1n ver el <strong>video oficial de\u00a0<em>Copa Vac\u00eda\u00a0<\/em><\/strong>el 29 de junio de 2023. As\u00ed lo dio a conocer la barranquillera con una publicaci\u00f3n en sus<strong> redes sociales<\/strong>, en la que mostr\u00f3 la fotograf\u00eda oficial del sencillo en el que trabaj\u00f3 acompa\u00f1ada por <strong>Manuel Turizo<\/strong>.<\/p>\n\n\n\n<p><strong>\u201cHicimos una pel\u00edcula @manuelturizo \u201cCOPA VAC\u00cdA\u201d llega este 29 de junio 8:00 PM EST\u201d<\/strong>, fueron las palabras con las que la cantante acompa\u00f1\u00f3 la imagen. Adicionalmente, indic\u00f3 que la hora oficial para\u00a0<strong>Barranquilla son las 7:00 p. m.,\u00a0<\/strong>por lo que sus seguidores estar\u00e1n atentos a este estreno que viene cargado de ritmos presentes en el g\u00e9nero urbano.<\/p>\n\n\n\n<figure class=\"wp-block-embed is-type-rich is-provider-twitter wp-block-embed-twitter\"><div class=\"wp-block-embed__wrapper\">\n<blockquote class=\"twitter-tweet\" data-width=\"500\" data-dnt=\"true\"><p lang=\"es\" dir=\"ltr\">Hicimos una pel\u00edcula \ud83c\udfa5\ud83e\udddc\u200d\u2640\ufe0f <a href=\"https:\/\/twitter.com\/ManuelTurizoMTZ?ref_src=twsrc%5Etfw\">@ManuelTurizoMTZ<\/a> \u201cCOPA VACIA\u201d llega este 29 DE JUNIO 8:00 PM EST <a href=\"https:\/\/t.co\/mN5SzF9WeJ\">https:\/\/t.co\/mN5SzF9WeJ<\/a> <a href=\"https:\/\/t.co\/ywqocpuF3u\">pic.twitter.com\/ywqocpuF3u<\/a><\/p>&mdash; Shakira (@shakira) <a href=\"https:\/\/twitter.com\/shakira\/status\/1670874817006895104?ref_src=twsrc%5Etfw\">June 19, 2023<\/a><\/blockquote><script async src=\"https:\/\/platform.twitter.com\/widgets.js\" charset=\"utf-8\"><\/script>\n<\/div><\/figure>\n\n\n\n<p><\/p>\n\n\n\n<p>En la publicaci\u00f3n que reposa en la cuenta oficial de la cantante colombiana, la cual acumula m\u00e1s 1,1 millones de&nbsp;<em>likes,&nbsp;<\/em>se puede ver c\u00f3mo la colombiana lleva una cola de sirena con su larga cabellera en un rosa pastel. En la parte posterior, se observan algunas de las escenas de las que se compondr\u00eda el videoclip,&nbsp;<strong>siendo Manuel Turizo quien la salva,&nbsp;<\/strong>vistiendo una camisa blanca abierta a la altura del pecho.<\/p>\n\n\n\n<p>Han pasado meses desde que se filtr\u00f3 en las diferentes plataformas digitales que esta dupla colombiana estaba trabajando en un nuevo sencillo, incluso se lleg\u00f3 a filtrar el fragmento de una parte de la canci\u00f3n. Con este nuevo anuncio, la int\u00e9rprete de temas como\u00a0<em>Monoton\u00eda, Acr\u00f3stico\u00a0<\/em>y\u00a0<em>Music Sessions #53\u00a0<\/em>incrementa m\u00e1s los rumores de que para septiembre presentar\u00eda su nuevo \u00e1lbum, cinco a\u00f1os despu\u00e9s de\u00a0<em>El Dorado.<\/em><\/p>\n\n\n\n<p><\/p>\n\n\n\n<figure class=\"wp-block-image size-full\"><img fetchpriority=\"high\" decoding=\"async\" width=\"768\" height=\"1024\" src=\"https:\/\/esreviral.com\/wp-content\/uploads\/2023\/06\/AnyConv.com__DZKU65KZQFHNDJFAH5VQ5TGNHA.webp\" alt=\"\" class=\"wp-image-37965\" srcset=\"https:\/\/esreviral.com\/wp-content\/uploads\/2023\/06\/AnyConv.com__DZKU65KZQFHNDJFAH5VQ5TGNHA.webp 768w, https:\/\/esreviral.com\/wp-content\/uploads\/2023\/06\/AnyConv.com__DZKU65KZQFHNDJFAH5VQ5TGNHA-225x300.webp 225w, https:\/\/esreviral.com\/wp-content\/uploads\/2023\/06\/AnyConv.com__DZKU65KZQFHNDJFAH5VQ5TGNHA-750x1000.webp 750w\" sizes=\"(max-width: 768px) 100vw, 768px\" \/><\/figure>\n\n\n\n<p><\/p>\n\n\n\n<p>Algunos de los comentarios que responsan en la publicaci\u00f3n de la colombiana, destacan: \u201cla verdadera sirena\u201d, escrito por&nbsp;<strong>Juli\u00e1n Turizo.&nbsp;<\/strong>Otros m\u00e1s certeros son: \u201cAqu\u00ed pensando que Piqu\u00e9 cambi\u00f3 una sirena por una sardina\u201d; \u201cnuevamente a romperla Shak, reina mundial\u201d; \u201cahora si se vino la verdadera Sirenita, hermana t\u00fa acabando a todas como siempre\u201d; \u201cy la queso\u2026 la que soporte\u201d; \u201cyo era fan de la Sirenita, ahora soy fan de la Shakirenita\u201d, entre otros.<\/p>\n\n\n\n<p>Cabe recordar que&nbsp;<strong>en febrero de 2023 se filtr\u00f3 parte del tema entre Shakira y Manuel Turizo<\/strong>. Pese a que el sonido no es completamente n\u00edtido, si se alcanza a escuchar un verso que dice: \u201cHace rato tengo sed de ti y yo no s\u00e9 por qu\u00e9, quedo con ganas de m\u00e1s queriendo beber de una copa vac\u00eda\u201d.<\/p>\n\n\n\n<p>Recientemente,\u00a0<strong>Turizo<\/strong>\u00a0confes\u00f3 que esta fue la segunda canci\u00f3n con la que intent\u00f3 colaborar con la colombiana y en la que finalmente coincidieron en letras, gustos, ritmos e interpretaci\u00f3n. Y es que la colombiana ha trabajado con dos de los artistas m\u00e1s representativos del g\u00e9nero urbano en Colombia como son\u00a0<strong>Maluma con las canciones\u00a0<\/strong>Chantaje, Clandestino y Trap; adem\u00e1s, de\u00a0<strong>Karol G con TQG.<\/strong><\/p>\n\n\n\n<p class=\"has-text-align-right\"><strong><em>Infobae.-<\/em><\/strong><\/p>\n","protected":false},"excerpt":{"rendered":"<p>La cantante public\u00f3 un posteo en sus redes sociales con la fecha de la esperada colaboraci\u00f3n.<\/p>\n","protected":false},"author":3,"featured_media":37964,"comment_status":"open","ping_status":"closed","sticky":false,"template":"","format":"standard","meta":{"jnews-multi-image_gallery":[],"jnews_single_post":{"subtitle":"","format":"standard","video":"","gallery":"","source_name":"","source_url":"","via_name":"","via_url":"","override_template":"0","override":[{"template":"4","single_blog_custom":"","parallax":"1","fullscreen":"1","layout":"right-sidebar","sidebar":"default-sidebar","second_sidebar":"default-sidebar","sticky_sidebar":"1","share_position":"top","share_float_style":"share-monocrhome","show_share_counter":"1","show_view_counter":"1","show_featured":"1","show_post_meta":"1","show_post_author":"1","show_post_author_image":"1","show_post_date":"1","post_date_format":"default","post_date_format_custom":"Y\/m\/d","show_post_category":"1","show_post_reading_time":"1","post_reading_time_wpm":"300","show_zoom_button":"1","zoom_button_out_step":"2","zoom_button_in_step":"3","show_post_tag":"1","show_prev_next_post":"1","show_popup_post":"1","number_popup_post":"1","show_author_box":"1","show_post_related":"1","show_inline_post_related":"0"}],"override_image_size":"0","image_override":[{"single_post_thumbnail_size":"crop-500","single_post_gallery_size":"crop-500"}],"trending_post":"0","trending_post_position":"meta","trending_post_label":"Trending","sponsored_post":"0","sponsored_post_label":"Sponsored by","sponsored_post_name":"","sponsored_post_url":"","sponsored_post_logo_enable":"0","sponsored_post_logo":"","sponsored_post_desc":"","disable_ad":"0"},"jnews_primary_category":{"id":"","hide":""},"jnews_social_meta":{"fb_title":"","fb_description":"","fb_image":"","twitter_title":"","twitter_description":"","twitter_image":""},"jnews_review":[],"enable_review":"0","type":"percentage","name":"","summary":"","brand":"","sku":"","good":[{"good_text":""}],"bad":[{"bad_text":""}],"score_override":"","override_value":"","rating":[{"rating_text":"","rating_number":"10"}],"price":[{"shop":"","price":"","link":"","icon":""}],"jnews_override_counter":{"override_view_counter":"0","view_counter_number":"0","override_share_counter":"0","share_counter_number":"0","override_like_counter":"0","like_counter_number":"0","override_dislike_counter":"0","dislike_counter_number":"0"},"jnews_post_split":{"enable_post_split":"0","post_split":[{"template":"1","tag":"h2","numbering":"asc","mode":"normal","first":"0","enable_toc":"0","toc_type":"normal"}]},"footnotes":""},"categories":[50],"tags":[10589,10591,10588,45,1714,537,10590],"class_list":["post-37963","post","type-post","status-publish","format-standard","has-post-thumbnail","hentry","category-entretenimiento","tag-copa-vacia","tag-fecha-de-estreno","tag-manuel-turizo","tag-noticias","tag-redes-sociales","tag-shakira","tag-shakira-vestida-de-sirena"],"amp_enabled":true,"_links":{"self":[{"href":"https:\/\/esreviral.com\/index.php?rest_route=\/wp\/v2\/posts\/37963"}],"collection":[{"href":"https:\/\/esreviral.com\/index.php?rest_route=\/wp\/v2\/posts"}],"about":[{"href":"https:\/\/esreviral.com\/index.php?rest_route=\/wp\/v2\/types\/post"}],"author":[{"embeddable":true,"href":"https:\/\/esreviral.com\/index.php?rest_route=\/wp\/v2\/users\/3"}],"replies":[{"embeddable":true,"href":"https:\/\/esreviral.com\/index.php?rest_route=%2Fwp%2Fv2%2Fcomments&post=37963"}],"version-history":[{"count":0,"href":"https:\/\/esreviral.com\/index.php?rest_route=\/wp\/v2\/posts\/37963\/revisions"}],"wp:featuredmedia":[{"embeddable":true,"href":"https:\/\/esreviral.com\/index.php?rest_route=\/wp\/v2\/media\/37964"}],"wp:attachment":[{"href":"https:\/\/esreviral.com\/index.php?rest_route=%2Fwp%2Fv2%2Fmedia&parent=37963"}],"wp:term":[{"taxonomy":"category","embeddable":true,"href":"https:\/\/esreviral.com\/index.php?rest_route=%2Fwp%2Fv2%2Fcategories&post=37963"},{"taxonomy":"post_tag","embeddable":true,"href":"https:\/\/esreviral.com\/index.php?rest_route=%2Fwp%2Fv2%2Ftags&post=37963"}],"curies":[{"name":"wp","href":"https:\/\/api.w.org\/{rel}","templated":true}]}}