{"id":3791,"date":"2021-01-29T12:31:24","date_gmt":"2021-01-29T15:31:24","guid":{"rendered":"http:\/\/esreviral.com\/?p=3791"},"modified":"2021-01-29T12:31:24","modified_gmt":"2021-01-29T15:31:24","slug":"en-caracas-tambien-protestaron-contra-la-jueza-zucconi","status":"publish","type":"post","link":"https:\/\/esreviral.com\/?p=3791","title":{"rendered":"En Caracas tambi\u00e9n protestaron contra la jueza Zucconi"},"content":{"rendered":"\n<p><strong><em>Foto cortes\u00eda Miguel Guti\u00e9rrez.- <\/em><\/strong>En Venezuela, un grupo de personas fue hasta la embajada argentina a protestar de manera pac\u00edfica en rechazo a la medida de excarcelaci\u00f3n que le otorg\u00f3 la jueza Karina Zucconi a Humberto Garz\u00f3n Mart\u00ednez, acusado de violaci\u00f3n sexual a una joven de 18 a\u00f1os de edad. <\/p>\n\n\n\n<p>El hecho se cometi\u00f3 el pasado s\u00e1bado y desde entonces hab\u00eda sido detenido el hombre hasta el lunes por la noche que le otorgaron la medida y con la cual qued\u00f3 en libertad condicional. <\/p>\n\n\n\n<p>Con pancartas en manos, los manifestantes venezolanos manifestaron su apoyo a la joven y los venezolanos que se encuentran en Argentina. <\/p>\n\n\n\n<p><\/p>\n","protected":false},"excerpt":{"rendered":"<p>Foto cortes\u00eda Miguel Guti\u00e9rrez.- En Venezuela, un grupo de personas fue hasta la embajada argentina a protestar de manera pac\u00edfica en rechazo a la medida de excarcelaci\u00f3n que le otorg\u00f3 la jueza Karina Zucconi a Humberto Garz\u00f3n Mart\u00ednez, acusado de violaci\u00f3n sexual a una joven de 18 a\u00f1os de edad. El hecho se cometi\u00f3 el [&hellip;]<\/p>\n","protected":false},"author":2,"featured_media":3792,"comment_status":"open","ping_status":"open","sticky":false,"template":"","format":"standard","meta":{"jnews-multi-image_gallery":[],"jnews_single_post":[],"jnews_primary_category":[],"jnews_social_meta":[],"jnews_review":[],"enable_review":"","type":"","name":"","summary":"","brand":"","sku":"","good":[],"bad":[],"score_override":"","override_value":"","rating":[],"price":[],"jnews_override_counter":[],"jnews_post_split":[],"footnotes":""},"categories":[66],"tags":[528,45,126,67,56],"class_list":["post-3791","post","type-post","status-publish","format-standard","has-post-thumbnail","hentry","category-venezuela","tag-garzon-violador","tag-noticias","tag-protesta","tag-venezolanos-en-argentina","tag-venezuela"],"amp_enabled":true,"_links":{"self":[{"href":"https:\/\/esreviral.com\/index.php?rest_route=\/wp\/v2\/posts\/3791"}],"collection":[{"href":"https:\/\/esreviral.com\/index.php?rest_route=\/wp\/v2\/posts"}],"about":[{"href":"https:\/\/esreviral.com\/index.php?rest_route=\/wp\/v2\/types\/post"}],"author":[{"embeddable":true,"href":"https:\/\/esreviral.com\/index.php?rest_route=\/wp\/v2\/users\/2"}],"replies":[{"embeddable":true,"href":"https:\/\/esreviral.com\/index.php?rest_route=%2Fwp%2Fv2%2Fcomments&post=3791"}],"version-history":[{"count":0,"href":"https:\/\/esreviral.com\/index.php?rest_route=\/wp\/v2\/posts\/3791\/revisions"}],"wp:featuredmedia":[{"embeddable":true,"href":"https:\/\/esreviral.com\/index.php?rest_route=\/"}],"wp:attachment":[{"href":"https:\/\/esreviral.com\/index.php?rest_route=%2Fwp%2Fv2%2Fmedia&parent=3791"}],"wp:term":[{"taxonomy":"category","embeddable":true,"href":"https:\/\/esreviral.com\/index.php?rest_route=%2Fwp%2Fv2%2Fcategories&post=3791"},{"taxonomy":"post_tag","embeddable":true,"href":"https:\/\/esreviral.com\/index.php?rest_route=%2Fwp%2Fv2%2Ftags&post=3791"}],"curies":[{"name":"wp","href":"https:\/\/api.w.org\/{rel}","templated":true}]}}