{"id":3778,"date":"2021-01-28T08:49:58","date_gmt":"2021-01-28T11:49:58","guid":{"rendered":"http:\/\/esreviral.com\/?p=3778"},"modified":"2021-01-28T08:49:58","modified_gmt":"2021-01-28T11:49:58","slug":"quien-es-la-jueza-que-dejo-en-libertad-al-comerciante-acusado-de-drogar-y-violar-a-una-joven-venezolana","status":"publish","type":"post","link":"https:\/\/esreviral.com\/?p=3778","title":{"rendered":"Qui\u00e9n es la jueza que dej\u00f3 en libertad al comerciante acusado de drogar y violar a una joven venezolana"},"content":{"rendered":"\n<p>La jueza Karina Zucconi, a cargo del juzgado nacional en lo Criminal y Correccional N\u00b0 15, es la misma que\u00a0<strong>sobresey\u00f3 cinco veces a Francisco Amador (34)<\/strong>, acusado por el femicidio de Marianela Rago Zapata (19), unajoven asesinada en su departamento de Balvanera en 2010. A Amador lo termin\u00f3 procesando la C\u00e1mara del Crimen en 2018 y el caso todav\u00eda espera el juicio oral, rese\u00f1\u00f3 Clar\u00edn. <\/p>\n\n\n\n<p>Zucconi tiene 48 a\u00f1os de edad y se gradu\u00f3 de abogada en la Universidad de Buenos Aires en 1996. Un a\u00f1o m\u00e1s tarde ingres\u00f3 al Poder Judicial de la Naci\u00f3n como escribiente en el juzgado nacional en lo Criminal N\u00b0 42. Fue secretaria del tribunal durante el juicio oral por la tragedia de\u00a0Croma\u00f1\u00f3n. En 2011 la designaron como titular del juzgado nacional en lo Criminal N\u00b0 15 de Capital Federal, inform\u00f3 el periodista Mariano Gaik.<\/p>\n\n\n\n<p>El de\u00a0<strong>Marianela Rago<\/strong>\u00a0fue el primer caso en el que cobr\u00f3 notoriedad p\u00fablica. La estudiante fue\u00a0encontrada asesinada\u00a0en el departamento que alquilaba en Tucum\u00e1n 2080, el 28 de junio de 2010. Seg\u00fan la autopsia, la chica muri\u00f3 degollada y quien la mat\u00f3 le aplic\u00f3\u00a0<strong>23 pu\u00f1aladas\u00a0<\/strong>con una cuchilla como la que desapareci\u00f3 del caj\u00f3n de la cocina de la casa.<\/p>\n\n\n\n<p>Amador era el\u00a0ex novio\u00a0de Marianela y, seg\u00fan la declaraci\u00f3n de testigos,\u00a0<strong>era violento con ella<\/strong>. Cuando la Polic\u00eda allan\u00f3 su casa encontr\u00f3 un pantal\u00f3n de cordero y una remera reci\u00e9n lavadas. En el pantal\u00f3n hab\u00eda una\u00a0<strong>peque\u00f1a mancha de sangre<\/strong>\u00a0en un bolsillo, que por los efectos del lavarropa no se pudo determinar a qui\u00e9n pertenec\u00eda. A la vez, en la casa se encontraron\u00a0<strong>dos cuchillos compatibles<\/strong>\u00a0con las heridas de la v\u00edctima.<\/p>\n\n\n\n<p>Sin embargo, Zucconi se bas\u00f3 en la data de muerte, en las pericias de una pisada y una huella dactilar en una lata de gaseosa que, cotejadas con las de Amador, dieron negativo. Durante cinco a\u00f1os, la jueza insisti\u00f3 en sobreseerlo todas las veces que la causa volvi\u00f3 a su juzgado despu\u00e9s de las objeciones de la C\u00e1mara del Crimen. El giro en el caso vino desde el tribunal superior, que atentos a una nueva junta m\u00e9dica que indic\u00f3 una nueva data de muerte y tomando los antecedentes de maltrato del acusado, decidieron&nbsp;<strong>imputarlo por \u201chomicidio simple\u201d<\/strong>.<\/p>\n\n\n\n<p>En 2013 otro de sus fallos fue noticia cuando&nbsp;<strong>liber\u00f3 a una banda integrada por tres miembros de la comunidad gitana<\/strong>&nbsp;que hab\u00edan sido detenidos por robarles 120.000 d\u00f3lares y 30.000 pesos a una pareja de jubilados en Belgrano con el cuento del t\u00edo de que volv\u00eda \u201cel corralito\u201d. Zucconi imput\u00f3 a los tres estafadores por \u201crobo simple\u201d y consider\u00f3 que no hab\u00eda riesgo de fuga, a pesar de que la banda estaba investigada en otros dos casos por un bot\u00edn de medio mill\u00f3n de d\u00f3lares. En aquel momento, el fiscal Carlos Donoso Castex tambi\u00e9n apel\u00f3 la decisi\u00f3n de la jueza.<\/p>\n\n\n\n<p>Zucconi tambi\u00e9n fue la jueza que intervino en el litigio entre\u00a0Diego Armando Maradona\u00a0y\u00a0Claudia Villafa\u00f1e\u00a0por la supuesta \u201capropiaci\u00f3n\u201d de camisetas, botines y otros objetos del astro del f\u00fatbol. Tambi\u00e9n termin\u00f3 en sobreseimiento para Claudia.<\/p>\n\n\n\n<p class=\"has-text-align-right\"><strong>Informaci\u00f3n de Clar\u00edn.-<\/strong><\/p>\n","protected":false},"excerpt":{"rendered":"<p>La decisi\u00f3n de Karina Mariana Zucconi fue repudiada por la familia de la v\u00edctima y apelada por la fiscal. Su pol\u00e9mica actuaci\u00f3n en la causa por el crimen de Marianela Rago<\/p>\n","protected":false},"author":2,"featured_media":3779,"comment_status":"open","ping_status":"open","sticky":false,"template":"","format":"standard","meta":{"jnews-multi-image_gallery":[],"jnews_single_post":[],"jnews_primary_category":[],"jnews_social_meta":[],"jnews_review":[],"enable_review":"","type":"","name":"","summary":"","brand":"","sku":"","good":[],"bad":[],"score_override":"","override_value":"","rating":[],"price":[],"jnews_override_counter":[],"jnews_post_split":[],"footnotes":""},"categories":[64],"tags":[398,123,45,67],"class_list":["post-3778","post","type-post","status-publish","format-standard","has-post-thumbnail","hentry","category-sucesos","tag-abuso-sexual","tag-informacion","tag-noticias","tag-venezolanos-en-argentina"],"amp_enabled":true,"_links":{"self":[{"href":"https:\/\/esreviral.com\/index.php?rest_route=\/wp\/v2\/posts\/3778"}],"collection":[{"href":"https:\/\/esreviral.com\/index.php?rest_route=\/wp\/v2\/posts"}],"about":[{"href":"https:\/\/esreviral.com\/index.php?rest_route=\/wp\/v2\/types\/post"}],"author":[{"embeddable":true,"href":"https:\/\/esreviral.com\/index.php?rest_route=\/wp\/v2\/users\/2"}],"replies":[{"embeddable":true,"href":"https:\/\/esreviral.com\/index.php?rest_route=%2Fwp%2Fv2%2Fcomments&post=3778"}],"version-history":[{"count":0,"href":"https:\/\/esreviral.com\/index.php?rest_route=\/wp\/v2\/posts\/3778\/revisions"}],"wp:featuredmedia":[{"embeddable":true,"href":"https:\/\/esreviral.com\/index.php?rest_route=\/"}],"wp:attachment":[{"href":"https:\/\/esreviral.com\/index.php?rest_route=%2Fwp%2Fv2%2Fmedia&parent=3778"}],"wp:term":[{"taxonomy":"category","embeddable":true,"href":"https:\/\/esreviral.com\/index.php?rest_route=%2Fwp%2Fv2%2Fcategories&post=3778"},{"taxonomy":"post_tag","embeddable":true,"href":"https:\/\/esreviral.com\/index.php?rest_route=%2Fwp%2Fv2%2Ftags&post=3778"}],"curies":[{"name":"wp","href":"https:\/\/api.w.org\/{rel}","templated":true}]}}