{"id":37622,"date":"2023-06-14T07:01:28","date_gmt":"2023-06-14T12:01:28","guid":{"rendered":"https:\/\/esreviral.com\/?p=37622"},"modified":"2023-06-14T07:01:29","modified_gmt":"2023-06-14T12:01:29","slug":"mbappe-lamento-la-salida-de-lionel-messi-del-psg-no-tuvo-el-respeto-que-merecia-en-francia","status":"publish","type":"post","link":"https:\/\/esreviral.com\/?p=37622","title":{"rendered":"Mbapp\u00e9 lament\u00f3 la salida de Lionel Messi del PSG: \u00abNo tuvo el respeto que merec\u00eda en Francia\u00bb"},"content":{"rendered":"\n<p>La figura del Paris Saint-Germain, el franc\u00e9s Kylian Mbbap\u00e9, consider\u00f3 que Lionel Messi, campe\u00f3n mundial con el seleccionado argentino en Qatar 2022,\u00a0<strong>no tuvo \u00abel respeto que merec\u00eda\u00bb\u00a0<\/strong>en las dos temporadas que pas\u00f3 por el f\u00fatbol galo.<\/p>\n\n\n\n<p>\u00abNunca son buenas noticias cuando alguien como Messi se va,&nbsp;<strong>no entiendo por qu\u00e9 tanta gente estaba aliviada de que se fuera<\/strong>\u00ab, lament\u00f3 Mbapp\u00e9 al defender a su ex compa\u00f1ero de equipo ante la mala relaci\u00f3n que el astro rosarino tuvo con parte de la hinchada del PSG.<\/p>\n\n\n\n<p>El delantero, campe\u00f3n mundial en 2018 y subcampe\u00f3n en 2022 con el seleccionado franc\u00e9s, fue m\u00e1s all\u00e1 y sostuvo:&nbsp;\u00abEstamos hablando de Messi, hay que respetarlo. Pero, al contrario,<strong>&nbsp;no tuvo el respeto que merec\u00eda en Francia\u00bb.<\/strong><\/p>\n\n\n\n<p><strong>\u00abEs una pena pero es as\u00ed.&nbsp;<\/strong>Y habr\u00e1 que hacer lo posible para reemplazarlo. Potencialmente, es el mejor jugador de la historia del f\u00fatbol\u00bb, dijo en una entrevista que publica hoy el diario italiano Gazzetta dello Sport el talentoso delantero, quien afirm\u00f3 estar \u00abfeliz\u00bb de permanecer una temporada m\u00e1s en el equipo parisino.<\/p>\n\n\n\n<p><strong><mark style=\"background-color:rgba(0, 0, 0, 0)\" class=\"has-inline-color has-vivid-red-color\">La situaci\u00f3n de\u00a0Mbapp\u00e9 en el PSG<\/mark><\/strong><\/p>\n\n\n\n<p>En cuanto a su deseo de emigrar del PSG, Mbapp\u00e9, de 24 a\u00f1os, se refiri\u00f3 a lo mal que tomaron ese anuncio los due\u00f1os qatar\u00edes del PSG.<\/p>\n\n\n\n<p>\u00abYo solamente confirm\u00e9 que no voy a activar el a\u00f1o adicional previsto en el contrato.<strong>&nbsp;Con el PSG nunca hemos discutido una extensi\u00f3n<\/strong>, pero estoy feliz de quedarme aqu\u00ed la pr\u00f3xima temporada\u00bb, reiter\u00f3 el futbolista.<\/p>\n\n\n\n<p>En cuanto a la \u00faltima temporada del PSG, campe\u00f3n de la Liga de Francia pero eliminado en octavos en la Champions League, Mbapp\u00e9 admiti\u00f3 que hab\u00eda \u00ablagunas que antes o despu\u00e9s se iban a pagar. Hay que aprender de los errores para no repetirlos de nuevo\u00bb.<\/p>\n\n\n\n<p class=\"has-text-align-right\"><em><strong>Clarin.-<\/strong><\/em><\/p>\n","protected":false},"excerpt":{"rendered":"<p>\u00abNo entiendo por qu\u00e9 tanta gente estaba aliviada de que se fuera\u00bb, plante\u00f3 la figura Paris Saint-Germain tras la partida del capit\u00e1n argentino al Inter Miami.<\/p>\n","protected":false},"author":3,"featured_media":37624,"comment_status":"open","ping_status":"closed","sticky":false,"template":"","format":"standard","meta":{"jnews-multi-image_gallery":[],"jnews_single_post":{"subtitle":"","format":"standard","video":"","gallery":"","source_name":"","source_url":"","via_name":"","via_url":"","override_template":"0","override":[{"template":"4","single_blog_custom":"","parallax":"1","fullscreen":"1","layout":"right-sidebar","sidebar":"default-sidebar","second_sidebar":"default-sidebar","sticky_sidebar":"1","share_position":"top","share_float_style":"share-monocrhome","show_share_counter":"1","show_view_counter":"1","show_featured":"1","show_post_meta":"1","show_post_author":"1","show_post_author_image":"1","show_post_date":"1","post_date_format":"default","post_date_format_custom":"Y\/m\/d","show_post_category":"1","show_post_reading_time":"1","post_reading_time_wpm":"300","show_zoom_button":"1","zoom_button_out_step":"2","zoom_button_in_step":"3","show_post_tag":"1","show_prev_next_post":"1","show_popup_post":"1","number_popup_post":"1","show_author_box":"1","show_post_related":"1","show_inline_post_related":"0"}],"override_image_size":"0","image_override":[{"single_post_thumbnail_size":"crop-500","single_post_gallery_size":"crop-500"}],"trending_post":"0","trending_post_position":"meta","trending_post_label":"Trending","sponsored_post":"0","sponsored_post_label":"Sponsored by","sponsored_post_name":"","sponsored_post_url":"","sponsored_post_logo_enable":"0","sponsored_post_logo":"","sponsored_post_desc":"","disable_ad":"0"},"jnews_primary_category":{"id":"","hide":""},"jnews_social_meta":{"fb_title":"","fb_description":"","fb_image":"","twitter_title":"","twitter_description":"","twitter_image":""},"jnews_review":[],"enable_review":"0","type":"percentage","name":"","summary":"","brand":"","sku":"","good":[{"good_text":""}],"bad":[{"bad_text":""}],"score_override":"","override_value":"","rating":[{"rating_text":"","rating_number":"10"}],"price":[{"shop":"","price":"","link":"","icon":""}],"jnews_override_counter":{"override_view_counter":"0","view_counter_number":"0","override_share_counter":"0","share_counter_number":"0","override_like_counter":"0","like_counter_number":"0","override_dislike_counter":"0","dislike_counter_number":"0"},"jnews_post_split":{"enable_post_split":"0","post_split":[{"template":"1","tag":"h2","numbering":"asc","mode":"normal","first":"0","enable_toc":"0","toc_type":"normal"}]},"footnotes":""},"categories":[48],"tags":[87,90,5827,1129,926,45,7759,631,10396,10395],"class_list":["post-37622","post","type-post","status-publish","format-standard","has-post-thumbnail","hentry","category-deportes","tag-francia","tag-futbol","tag-kylian-mbappe","tag-lionel-messi","tag-mbappe","tag-noticias","tag-paris-saint-germain-3","tag-psg","tag-respeto","tag-salida-de-lionel-messi"],"amp_enabled":true,"_links":{"self":[{"href":"https:\/\/esreviral.com\/index.php?rest_route=\/wp\/v2\/posts\/37622"}],"collection":[{"href":"https:\/\/esreviral.com\/index.php?rest_route=\/wp\/v2\/posts"}],"about":[{"href":"https:\/\/esreviral.com\/index.php?rest_route=\/wp\/v2\/types\/post"}],"author":[{"embeddable":true,"href":"https:\/\/esreviral.com\/index.php?rest_route=\/wp\/v2\/users\/3"}],"replies":[{"embeddable":true,"href":"https:\/\/esreviral.com\/index.php?rest_route=%2Fwp%2Fv2%2Fcomments&post=37622"}],"version-history":[{"count":0,"href":"https:\/\/esreviral.com\/index.php?rest_route=\/wp\/v2\/posts\/37622\/revisions"}],"wp:featuredmedia":[{"embeddable":true,"href":"https:\/\/esreviral.com\/index.php?rest_route=\/wp\/v2\/media\/37624"}],"wp:attachment":[{"href":"https:\/\/esreviral.com\/index.php?rest_route=%2Fwp%2Fv2%2Fmedia&parent=37622"}],"wp:term":[{"taxonomy":"category","embeddable":true,"href":"https:\/\/esreviral.com\/index.php?rest_route=%2Fwp%2Fv2%2Fcategories&post=37622"},{"taxonomy":"post_tag","embeddable":true,"href":"https:\/\/esreviral.com\/index.php?rest_route=%2Fwp%2Fv2%2Ftags&post=37622"}],"curies":[{"name":"wp","href":"https:\/\/api.w.org\/{rel}","templated":true}]}}