{"id":37590,"date":"2023-06-13T12:31:41","date_gmt":"2023-06-13T17:31:41","guid":{"rendered":"https:\/\/esreviral.com\/?p=37590"},"modified":"2023-06-13T12:31:42","modified_gmt":"2023-06-13T17:31:42","slug":"en-medio-de-la-ola-de-frio-murio-un-hombre-en-situacion-de-calle","status":"publish","type":"post","link":"https:\/\/esreviral.com\/?p=37590","title":{"rendered":"En medio de la ola de fr\u00edo, muri\u00f3 un hombre en situaci\u00f3n de calle"},"content":{"rendered":"\n<p>Un\u00a0<strong>hombre en situaci\u00f3n de calle muri\u00f3 ayer por la ma\u00f1ana en el barrio porte\u00f1o de Villa Crespo<\/strong>, donde fue hallado sin signos de violencia. Desde la organizaci\u00f3n comunitaria \u201cAmigos en el Camino\u201d dieron a conocer que su nombre era H\u00e9ctor y lamentaron su deceso en uno de los d\u00edas m\u00e1s fr\u00edos del a\u00f1o.<\/p>\n\n\n\n<p><strong>En la ma\u00f1ana de ayer, personal de la Comisar\u00eda Vecinal 15 de la Polic\u00eda de la Ciudad\u00a0<\/strong>se traslad\u00f3 a la calle Leopoldo Marechal al 1300 debido a que un hombre en situaci\u00f3n de calle estaba desvanecido sobre la vereda sin reaccionar.<\/p>\n\n\n\n<p>Los efectivos solicitaron la atenci\u00f3n de una ambulancia del SAME y sus m\u00e9dicos constataron el fallecimiento\u00a0<strong>\u201csin observarse a simple vista signos de violencia sobre el cuerpo\u201d<\/strong>, indic\u00f3 el parte policial.<\/p>\n\n\n\n<figure class=\"wp-block-image size-full\"><img fetchpriority=\"high\" decoding=\"async\" width=\"879\" height=\"586\" src=\"https:\/\/esreviral.com\/wp-content\/uploads\/2023\/06\/AnyConv.com__hector-el-hombre-fue-encontrado-sin-vida-en-una-P4WBCLMAOZFKXAJQZMYEMZ3TIE.webp\" alt=\"\" class=\"wp-image-37591\" srcset=\"https:\/\/esreviral.com\/wp-content\/uploads\/2023\/06\/AnyConv.com__hector-el-hombre-fue-encontrado-sin-vida-en-una-P4WBCLMAOZFKXAJQZMYEMZ3TIE.webp 879w, https:\/\/esreviral.com\/wp-content\/uploads\/2023\/06\/AnyConv.com__hector-el-hombre-fue-encontrado-sin-vida-en-una-P4WBCLMAOZFKXAJQZMYEMZ3TIE-300x200.webp 300w, https:\/\/esreviral.com\/wp-content\/uploads\/2023\/06\/AnyConv.com__hector-el-hombre-fue-encontrado-sin-vida-en-una-P4WBCLMAOZFKXAJQZMYEMZ3TIE-768x512.webp 768w, https:\/\/esreviral.com\/wp-content\/uploads\/2023\/06\/AnyConv.com__hector-el-hombre-fue-encontrado-sin-vida-en-una-P4WBCLMAOZFKXAJQZMYEMZ3TIE-750x500.webp 750w\" sizes=\"(max-width: 879px) 100vw, 879px\" \/><\/figure>\n\n\n\n<p><\/p>\n\n\n\n<p>En el caso intervino la Fiscal\u00eda Nacional, Criminal y Correccional n\u00famero 42, a cargo del doctor Arturo Velarde y ante la Secretar\u00eda \u00danica de la doctora Samanta Fabiani, que dispuso el arribo de la Unidad Criminal\u00edstica M\u00f3vil (UCM) y el posterior traslado del cuerpo a la morgue para su autopsia, informaron desde el Ministerio de Seguridad a<strong>l medio informativo de La Naci\u00f3n.<\/strong><\/p>\n\n\n\n<p>En tanto, desde la organizaci\u00f3n comunitaria \u201c<strong>Amigos en el Camino<\/strong>\u201d dieron a conocer esta ma\u00f1ana que el hombre se llamaba H\u00e9ctor.<\/p>\n\n\n\n<p>\u201cNos duele el alma<strong>&nbsp;\u00bfcu\u00e1ntos Amigos m\u00e1s morir\u00e1n en las calles?<\/strong>&nbsp;H\u00e9ctor era alegre, muy alegre. Le gustaba hablar con doble sentido. Cuando consegu\u00eda changa de alba\u00f1il desaparec\u00eda una semana\u201d, poste\u00f3 la organizaci\u00f3n desde su cuenta de Facebook.<\/p>\n\n\n\n<p>\u201cH\u00e9ctor era agradecido.. Antes de retirarnos de la parada siempre agradec\u00eda muy de cerca y en voz baja. H\u00e9ctor, amigo, te despedimos con mucho cari\u00f1o y prometemos que no te olvidaremos y qued\u00e1s por siempre en el coraz\u00f3n de todos los #AmigosEnElCamino\u201d, detallaron.<\/p>\n\n\n\n<p>En tanto, desde la organizaci\u00f3n social&nbsp;<strong>Proyecto 7<\/strong>&nbsp;advirtieron que<strong>&nbsp;\u201cse necesitan Centros de Integraci\u00f3n\u201d<\/strong>&nbsp;para las personas en situaci\u00f3n de calle ya que, argumentaron desde un comunicado: \u201cSomos uno de los pocos pa\u00edses en el mundo y en la regi\u00f3n con tres leyes espec\u00edficas sobre situaci\u00f3n de calle, pero poco ha cambiado, la gente sigue estando en la calle y cada vez se ve m\u00e1s lamentablemente\u201d. Luego, cerraron: \u201c<strong>Ya no podemos esperar m\u00e1s para que se aplique pol\u00edtica p\u00fablica<\/strong>\u201d.<\/p>\n\n\n\n<p>Esta ma\u00f1ana, la organizaci\u00f3n realiz\u00f3 un desayuno enfrente del Ministerio de Desarrollo Social de la Naci\u00f3n en medio de una serie de actividades programadas durante toda la semana para&nbsp;<strong>reclamar asistencia para las personas que viven en situaci\u00f3n de calle<\/strong>&nbsp;ante la llegada del invierno y las bajas temperaturas.<\/p>\n\n\n\n<p>Ayer lunes,<strong>\u00a0la temperatura rond\u00f3 entre los 2 y los 11 grados<\/strong>, uno de los d\u00edas m\u00e1s fr\u00edos del a\u00f1o.<\/p>\n\n\n\n<p class=\"has-text-align-right\"><em><strong>LA NACION<\/strong>.-<\/em><\/p>\n","protected":false},"excerpt":{"rendered":"<p>Fue ayer, cuando las temperaturas m\u00ednimas rondaban los 2 grados; una organizaci\u00f3n protest\u00f3 por la falta de pol\u00edticas con un desayuno a las puertas del Ministerio de Desarrollo Social de la Naci\u00f3n<\/p>\n","protected":false},"author":3,"featured_media":37592,"comment_status":"open","ping_status":"closed","sticky":false,"template":"","format":"standard","meta":{"jnews-multi-image_gallery":[],"jnews_single_post":{"subtitle":"","format":"standard","video":"","gallery":"","source_name":"","source_url":"","via_name":"","via_url":"","override_template":"0","override":[{"template":"4","single_blog_custom":"","parallax":"1","fullscreen":"1","layout":"right-sidebar","sidebar":"default-sidebar","second_sidebar":"default-sidebar","sticky_sidebar":"1","share_position":"top","share_float_style":"share-monocrhome","show_share_counter":"1","show_view_counter":"1","show_featured":"1","show_post_meta":"1","show_post_author":"1","show_post_author_image":"1","show_post_date":"1","post_date_format":"default","post_date_format_custom":"Y\/m\/d","show_post_category":"1","show_post_reading_time":"1","post_reading_time_wpm":"300","show_zoom_button":"1","zoom_button_out_step":"2","zoom_button_in_step":"3","show_post_tag":"1","show_prev_next_post":"1","show_popup_post":"1","number_popup_post":"1","show_author_box":"1","show_post_related":"1","show_inline_post_related":"0"}],"override_image_size":"0","image_override":[{"single_post_thumbnail_size":"crop-500","single_post_gallery_size":"crop-500"}],"trending_post":"0","trending_post_position":"meta","trending_post_label":"Trending","sponsored_post":"0","sponsored_post_label":"Sponsored by","sponsored_post_name":"","sponsored_post_url":"","sponsored_post_logo_enable":"0","sponsored_post_logo":"","sponsored_post_desc":"","disable_ad":"0"},"jnews_primary_category":{"id":"","hide":""},"jnews_social_meta":{"fb_title":"","fb_description":"","fb_image":"","twitter_title":"","twitter_description":"","twitter_image":""},"jnews_review":[],"enable_review":"0","type":"percentage","name":"","summary":"","brand":"","sku":"","good":[{"good_text":""}],"bad":[{"bad_text":""}],"score_override":"","override_value":"","rating":[{"rating_text":"","rating_number":"10"}],"price":[{"shop":"","price":"","link":"","icon":""}],"jnews_override_counter":{"override_view_counter":"0","view_counter_number":"0","override_share_counter":"0","share_counter_number":"0","override_like_counter":"0","like_counter_number":"0","override_dislike_counter":"0","dislike_counter_number":"0"},"jnews_post_split":{"enable_post_split":"0","post_split":[{"template":"1","tag":"h2","numbering":"asc","mode":"normal","first":"0","enable_toc":"0","toc_type":"normal"}]},"footnotes":""},"categories":[58,64],"tags":[44,894,10388,45,2438,396,1900],"class_list":["post-37590","post","type-post","status-publish","format-standard","has-post-thumbnail","hentry","category-argentina","category-sucesos","tag-argentina","tag-ciudad-de-buenos-aires","tag-murio-un-hombre","tag-noticias","tag-ola-de-frio","tag-pobreza","tag-villa-crespo"],"amp_enabled":true,"_links":{"self":[{"href":"https:\/\/esreviral.com\/index.php?rest_route=\/wp\/v2\/posts\/37590"}],"collection":[{"href":"https:\/\/esreviral.com\/index.php?rest_route=\/wp\/v2\/posts"}],"about":[{"href":"https:\/\/esreviral.com\/index.php?rest_route=\/wp\/v2\/types\/post"}],"author":[{"embeddable":true,"href":"https:\/\/esreviral.com\/index.php?rest_route=\/wp\/v2\/users\/3"}],"replies":[{"embeddable":true,"href":"https:\/\/esreviral.com\/index.php?rest_route=%2Fwp%2Fv2%2Fcomments&post=37590"}],"version-history":[{"count":0,"href":"https:\/\/esreviral.com\/index.php?rest_route=\/wp\/v2\/posts\/37590\/revisions"}],"wp:featuredmedia":[{"embeddable":true,"href":"https:\/\/esreviral.com\/index.php?rest_route=\/wp\/v2\/media\/37592"}],"wp:attachment":[{"href":"https:\/\/esreviral.com\/index.php?rest_route=%2Fwp%2Fv2%2Fmedia&parent=37590"}],"wp:term":[{"taxonomy":"category","embeddable":true,"href":"https:\/\/esreviral.com\/index.php?rest_route=%2Fwp%2Fv2%2Fcategories&post=37590"},{"taxonomy":"post_tag","embeddable":true,"href":"https:\/\/esreviral.com\/index.php?rest_route=%2Fwp%2Fv2%2Ftags&post=37590"}],"curies":[{"name":"wp","href":"https:\/\/api.w.org\/{rel}","templated":true}]}}