{"id":37565,"date":"2023-06-13T07:40:26","date_gmt":"2023-06-13T12:40:26","guid":{"rendered":"https:\/\/esreviral.com\/?p=37565"},"modified":"2023-06-13T07:40:53","modified_gmt":"2023-06-13T12:40:53","slug":"que-se-sabe-del-paro-nacional-de-colectivos-del-martes-13-de-junio","status":"publish","type":"post","link":"https:\/\/esreviral.com\/?p=37565","title":{"rendered":"Qu\u00e9 se sabe del paro nacional de colectivos de este martes 13 de junio"},"content":{"rendered":"\n<p><strong>Se levant\u00f3 el paro de colectivos en el \u00c1rea Metropolitana de Buenos Aires (AMBA)&nbsp;<\/strong>que estaba anunciado para este martes 13 de junio. Sin embargo, la&nbsp;<strong>medida de fuerza se mantiene en la mayor\u00eda de las provincias del interior<\/strong>&nbsp;que no dependen de la jurisdicci\u00f3n nacional.<\/p>\n\n\n\n<p>Seg\u00fan resolvi\u00f3 la Uni\u00f3n Tranviaria Automotor (UTA), se decidi\u00f3 no continuar con la medida de fuerza en el AMBA, debido a que el Gobierno otorg\u00f3 el\u00a0incremento en los salarios reclamados por el gremio\u00a0y los trabajadores del rubro en ese territorio.<\/p>\n\n\n\n<p>El\u00a0<strong>sindicato\u00a0<\/strong>mantuvo una negociaci\u00f3n con las\u00a0<strong>empresas<\/strong>\u00a0responsables del funcionamiento de estos veh\u00edculos y con el\u00a0<strong>Gobierno<\/strong>, representado en el\u00a0<strong>Ministerio de Transporte<\/strong>, que dict\u00f3 una\u00a0<strong>conciliaci\u00f3n obligatoria\u00a0<\/strong>la cual venc\u00eda este lunes 12 de junio. En este sentido, ayer por la tarde, los dirigentes de UTA y las c\u00e1maras empresarias de corta y media distancia<strong>\u00a0mantuvieron negociaciones de forma virtual con funcionarios laborales para encontrar una salida al conflicto paritario\u00a0<\/strong>y as\u00ed evitar el inicio de un paro desde esta medianoche.<\/p>\n\n\n\n<figure class=\"wp-block-image size-full\"><img fetchpriority=\"high\" decoding=\"async\" width=\"768\" height=\"802\" src=\"https:\/\/esreviral.com\/wp-content\/uploads\/2023\/06\/AnyConv.com__el-comunicado-de-uta-que-confirma-que-no-habra-QSNQZVJZJFDQZHETMKZXEAVJKA.webp\" alt=\"\" class=\"wp-image-37567\" srcset=\"https:\/\/esreviral.com\/wp-content\/uploads\/2023\/06\/AnyConv.com__el-comunicado-de-uta-que-confirma-que-no-habra-QSNQZVJZJFDQZHETMKZXEAVJKA.webp 768w, https:\/\/esreviral.com\/wp-content\/uploads\/2023\/06\/AnyConv.com__el-comunicado-de-uta-que-confirma-que-no-habra-QSNQZVJZJFDQZHETMKZXEAVJKA-287x300.webp 287w, https:\/\/esreviral.com\/wp-content\/uploads\/2023\/06\/AnyConv.com__el-comunicado-de-uta-que-confirma-que-no-habra-QSNQZVJZJFDQZHETMKZXEAVJKA-750x783.webp 750w\" sizes=\"(max-width: 768px) 100vw, 768px\" \/><\/figure>\n\n\n\n<p><\/p>\n\n\n\n<p>El encuentro fue positivo y, seg\u00fan inform\u00f3 UTA: \u201c<strong>Han otorgado los incrementos salariales pedidos \u00fanicamente para los trabajadores<\/strong>\u201d. En este sentido, desde el gremio aclararon que \u201c\u00fanicamente se proceder\u00e1 a dejar sin efecto la medida de acci\u00f3n gremial en aquellas provincias en que se cumplimente con el incremento salarial proporcional en los mismos t\u00e9rminos y condiciones que las resueltas para el AMBA\u201d.<\/p>\n\n\n\n<p><strong><mark style=\"background-color:rgba(0, 0, 0, 0)\" class=\"has-inline-color has-vivid-red-color\">D\u00f3nde es el paro de colectivos del martes 13 de junio<\/mark><\/strong><\/p>\n\n\n\n<p>En di\u00e1logo con\u00a0el medio informativo<em> La Naci\u00f3n<\/em>, el secretario general de UTA,\u00a0<strong>Roberto Fern\u00e1ndez<\/strong>, confirm\u00f3 que\u00a0<strong>el paro de colectivos de corta y mediana distancia se mantiene en las provincias.<\/strong><\/p>\n\n\n\n<p>\u201cLa situaci\u00f3n afecta a 10 millones de usuarios de forma diaria en el AMBA y a 9 millones en el interior del pa\u00eds, por lo que de producirse la huelga ser\u00e1 exclusiva responsabilidad del sector empresario, de las m\u00e1ximas autoridades de las carteras de Transporte de la Naci\u00f3n y de las provincias y del Gobierno de la ciudad de Buenos Aires\u201d, se\u00f1al\u00f3.<\/p>\n\n\n\n<p><strong><mark style=\"background-color:rgba(0, 0, 0, 0)\" class=\"has-inline-color has-vivid-red-color\">Qu\u00e9 reclaman los colectiveros<\/mark><\/strong><\/p>\n\n\n\n<p>Si bien en la \u00faltima audiencia se otorgaron los i<strong>ncrementos salariales pedidos,&nbsp;<\/strong>estos solo fueron para los trabajadores del&nbsp;<strong>AMBA<\/strong>. Por eso, desde UTA \u2015bajo la premisa \u201cIgual remuneraci\u00f3n por igual tarea\u201d\u2015 contin\u00faan reclamando para que en el resto de las provincias se trabaje bajo los mismos t\u00e9rminos y en las mismas condiciones que en el AMBA.<\/p>\n\n\n\n<p>Detr\u00e1s de la negociaci\u00f3n existe\u00a0un reclamo para mejorar los ingresos de los trabajadores de la UTA. El pedido del\u00a0<strong>sindicato\u00a0<\/strong>que conduce\u00a0<strong>Roberto Fern\u00e1ndez<\/strong>\u00a0es por un aumento escalonado que incluya un salario de $348.800 en julio, $380.192 en agosto y una remuneraci\u00f3n b\u00e1sica de $414.409 en septiembre. En paralelo, tambi\u00e9n reclaman un\u00a0<strong>aumento de los vi\u00e1ticos\u00a0<\/strong>con los mismos plazos: $1.997 en julio, $2.176 en agosto y $2.372 al noveno mes del a\u00f1o.<\/p>\n\n\n\n<p>Las empresas, nucleadas en la&nbsp;<strong>Aaeta<\/strong>&nbsp;(Asociaci\u00f3n Argentina de Empresarios del Transporte Automotor) responsabilizan al&nbsp;<strong>Ministerio de Transporte&nbsp;<\/strong>por el conflicto. En palabras de los&nbsp;<strong>empresarios<\/strong>, los&nbsp;<strong>reclamos salariales de los choferes<\/strong>&nbsp;deben sustentarse con un<strong>&nbsp;aumento en los subsidios&nbsp;<\/strong>que reciben de la cartera gubernamental, o por un mayor aumento en el valor de los&nbsp;<strong>pasajes<\/strong>.<\/p>\n\n\n\n<p>Los empresarios manifestaron su voluntad de seguir negociando, aunque se\u00f1alaron que dependen de fondos pendientes por parte del Gobierno. Solicitan que se deposite la\u00a0<strong>deuda<\/strong>\u00a0de 7300 millones de pesos por compensaciones tarifarias adeudadas y tambi\u00e9n los montos correspondientes a junio y julio.<\/p>\n\n\n\n<p class=\"has-text-align-right\"><em><strong>LA NACION.-<\/strong><\/em><\/p>\n","protected":false},"excerpt":{"rendered":"<p>Los trabajadores de la UTA (Uni\u00f3n Tranviarios Automotor) exigen una mejora salarial mientras las empresas del sector responsabilizan al Ministerio de Transporte; la medida de fuerza ser\u00e1 para el interior del pa\u00eds y no para AMBA<\/p>\n","protected":false},"author":3,"featured_media":37566,"comment_status":"open","ping_status":"closed","sticky":false,"template":"","format":"standard","meta":{"jnews-multi-image_gallery":[],"jnews_single_post":{"subtitle":"","format":"standard","video":"","gallery":"","source_name":"","source_url":"","via_name":"","via_url":"","override_template":"0","override":[{"template":"4","single_blog_custom":"","parallax":"1","fullscreen":"1","layout":"right-sidebar","sidebar":"default-sidebar","second_sidebar":"default-sidebar","sticky_sidebar":"1","share_position":"top","share_float_style":"share-monocrhome","show_share_counter":"1","show_view_counter":"1","show_featured":"1","show_post_meta":"1","show_post_author":"1","show_post_author_image":"1","show_post_date":"1","post_date_format":"default","post_date_format_custom":"Y\/m\/d","show_post_category":"1","show_post_reading_time":"1","post_reading_time_wpm":"300","show_zoom_button":"1","zoom_button_out_step":"2","zoom_button_in_step":"3","show_post_tag":"1","show_prev_next_post":"1","show_popup_post":"1","number_popup_post":"1","show_author_box":"1","show_post_related":"1","show_inline_post_related":"0"}],"override_image_size":"0","image_override":[{"single_post_thumbnail_size":"crop-500","single_post_gallery_size":"crop-500"}],"trending_post":"0","trending_post_position":"meta","trending_post_label":"Trending","sponsored_post":"0","sponsored_post_label":"Sponsored by","sponsored_post_name":"","sponsored_post_url":"","sponsored_post_logo_enable":"0","sponsored_post_logo":"","sponsored_post_desc":"","disable_ad":"0"},"jnews_primary_category":{"id":"","hide":""},"jnews_social_meta":{"fb_title":"","fb_description":"","fb_image":"","twitter_title":"","twitter_description":"","twitter_image":""},"jnews_review":[],"enable_review":"0","type":"percentage","name":"","summary":"","brand":"","sku":"","good":[{"good_text":""}],"bad":[{"bad_text":""}],"score_override":"","override_value":"","rating":[{"rating_text":"","rating_number":"10"}],"price":[{"shop":"","price":"","link":"","icon":""}],"jnews_override_counter":{"override_view_counter":"0","view_counter_number":"0","override_share_counter":"0","share_counter_number":"0","override_like_counter":"0","like_counter_number":"0","override_dislike_counter":"0","dislike_counter_number":"0"},"jnews_post_split":{"enable_post_split":"0","post_split":[{"template":"1","tag":"h2","numbering":"asc","mode":"normal","first":"0","enable_toc":"0","toc_type":"normal"}]},"footnotes":""},"categories":[58],"tags":[204,44,2143,45,3343,10372,274,3574],"class_list":["post-37565","post","type-post","status-publish","format-standard","has-post-thumbnail","hentry","category-argentina","tag-amba","tag-argentina","tag-colectivos","tag-noticias","tag-paro-de-colectivos","tag-paro-nacional-de-colectivos","tag-transporte-publico","tag-uta"],"amp_enabled":true,"_links":{"self":[{"href":"https:\/\/esreviral.com\/index.php?rest_route=\/wp\/v2\/posts\/37565"}],"collection":[{"href":"https:\/\/esreviral.com\/index.php?rest_route=\/wp\/v2\/posts"}],"about":[{"href":"https:\/\/esreviral.com\/index.php?rest_route=\/wp\/v2\/types\/post"}],"author":[{"embeddable":true,"href":"https:\/\/esreviral.com\/index.php?rest_route=\/wp\/v2\/users\/3"}],"replies":[{"embeddable":true,"href":"https:\/\/esreviral.com\/index.php?rest_route=%2Fwp%2Fv2%2Fcomments&post=37565"}],"version-history":[{"count":0,"href":"https:\/\/esreviral.com\/index.php?rest_route=\/wp\/v2\/posts\/37565\/revisions"}],"wp:featuredmedia":[{"embeddable":true,"href":"https:\/\/esreviral.com\/index.php?rest_route=\/wp\/v2\/media\/37566"}],"wp:attachment":[{"href":"https:\/\/esreviral.com\/index.php?rest_route=%2Fwp%2Fv2%2Fmedia&parent=37565"}],"wp:term":[{"taxonomy":"category","embeddable":true,"href":"https:\/\/esreviral.com\/index.php?rest_route=%2Fwp%2Fv2%2Fcategories&post=37565"},{"taxonomy":"post_tag","embeddable":true,"href":"https:\/\/esreviral.com\/index.php?rest_route=%2Fwp%2Fv2%2Ftags&post=37565"}],"curies":[{"name":"wp","href":"https:\/\/api.w.org\/{rel}","templated":true}]}}