{"id":3755,"date":"2021-01-27T19:02:05","date_gmt":"2021-01-27T22:02:05","guid":{"rendered":"http:\/\/esreviral.com\/?p=3755"},"modified":"2021-01-27T19:02:05","modified_gmt":"2021-01-27T22:02:05","slug":"alberto-fernandez-no-abordamos-el-tema-de-venezuela-con-el-presidente-pinera","status":"publish","type":"post","link":"https:\/\/esreviral.com\/?p=3755","title":{"rendered":"Alberto Fern\u00e1ndez: \u201cNo abordamos el tema de Venezuela con el presidente Pi\u00f1era\u201d"},"content":{"rendered":"\n<p>Luego de que este mi\u00e9rcoles el canciller de Chile,\u00a0Andr\u00e9s Allamand, asegurara que, en el marco de la visita de Estado de Alberto Fern\u00e1ndez a ese pa\u00eds, el mandatario argentino y Sebasti\u00e1n Pi\u00f1era trabajan en una salida pol\u00edtica para la crisis pol\u00edtica, econ\u00f3mica y social en Venezuela, el ex jefe de Gabinete asegur\u00f3:\u00a0<strong>\u201cNo s\u00e9 qu\u00e9 fue lo que dijo el canciller, y no me gustar\u00eda que se malinterprete lo que dijo, no abordamos ese tema con Pi\u00f1era, no tocamos ese tema\u201d.<\/strong><\/p>\n\n\n\n<p><strong>\u201cTampoco quisiera desmentir porque no s\u00e9 qu\u00e9 ha dicho el canciller, a quien le guardo mucho respeto. Ese tema no lo toqu\u00e9 con Pi\u00f1era\u201d,<\/strong>&nbsp;resalt\u00f3 en una conferencia de prensa en Santiago de Chile.<\/p>\n\n\n\n<p>Este mi\u00e9rcoles, Allamand hab\u00eda asegurado que \u201c<strong>de aqu\u00ed a algunas semanas se va a conformar, por as\u00ed decirlo, un frente com\u00fan donde las distintas instancias que tienen preocupaci\u00f3n por el proceso de transici\u00f3n en Venezuela vayan convergiendo en una estrategia com\u00fan\u201d.<\/strong><\/p>\n\n\n\n<figure class=\"wp-block-image size-large\"><img decoding=\"async\" src=\"http:\/\/esreviral.com\/wp-content\/uploads\/2021\/01\/ECO_5129-1024x683.jpg\" alt=\"\" class=\"wp-image-3756\"\/><\/figure>\n\n\n\n<p>En esa l\u00ednea, precis\u00f3 que&nbsp;<strong>\u201cesa estrategia com\u00fan tiene como uno de los elementos fundamentales la necesidad de que exista una salida pol\u00edtica\u201d<\/strong>. En tanto, el canciller Allamand destac\u00f3 que \u201cpara que exista una salida pol\u00edtica tiene que haber tambi\u00e9n un&nbsp;<strong>di\u00e1logo pol\u00edtico&nbsp;<\/strong>entre las partes del conflicto, con \u2013por supuesto\u2013 asistencia y observaci\u00f3n de la&nbsp;<strong>comunidad internacional<\/strong>. Y que a partir de ese di\u00e1logo y conversaci\u00f3n, puedan ir surgiendo los caminos de soluci\u00f3n para la dif\u00edcil situaci\u00f3n venezolana\u201d.<\/p>\n\n\n\n<p><strong>\u201cArgentina y Chile, cada uno desde su posici\u00f3n, hemos estado conversando activamente sobre esto\u201d,<\/strong>\u00a0resalt\u00f3 el funcionario chileno, que antes hab\u00eda dicho: \u201cSi bien es cierto que en los meses anteriores hubo alguna suerte de ruido, por as\u00ed decirlo, entre las relaciones de ambos presidentes, desde hace ya varias semanas, yo dir\u00eda meses, los presidentes Fern\u00e1ndez y Pi\u00f1era lograron insertar una relaci\u00f3n de mucha confianza como la que se vio en la visita de ayer\u201d.<\/p>\n\n\n\n<p class=\"has-text-align-right\"><strong><em>Informaci\u00f3n de Infobae.-<\/em><\/strong><\/p>\n","protected":false},"excerpt":{"rendered":"<p>Luego de que este mi\u00e9rcoles el canciller de Chile,\u00a0Andr\u00e9s Allamand, asegurara que, en el marco de la visita de Estado de Alberto Fern\u00e1ndez a ese pa\u00eds, el mandatario argentino y Sebasti\u00e1n Pi\u00f1era trabajan en una salida pol\u00edtica para la crisis pol\u00edtica, econ\u00f3mica y social en Venezuela, el ex jefe de Gabinete asegur\u00f3:\u00a0\u201cNo s\u00e9 qu\u00e9 fue [&hellip;]<\/p>\n","protected":false},"author":2,"featured_media":3757,"comment_status":"open","ping_status":"open","sticky":false,"template":"","format":"standard","meta":{"jnews-multi-image_gallery":[],"jnews_single_post":[],"jnews_primary_category":[],"jnews_social_meta":[],"jnews_review":[],"enable_review":"","type":"","name":"","summary":"","brand":"","sku":"","good":[],"bad":[],"score_override":"","override_value":"","rating":[],"price":[],"jnews_override_counter":[],"jnews_post_split":[],"footnotes":""},"categories":[88,59],"tags":[44,386,123,45],"class_list":["post-3755","post","type-post","status-publish","format-standard","has-post-thumbnail","hentry","category-internacionales","category-politica","tag-argentina","tag-chile","tag-informacion","tag-noticias"],"amp_enabled":true,"_links":{"self":[{"href":"https:\/\/esreviral.com\/index.php?rest_route=\/wp\/v2\/posts\/3755"}],"collection":[{"href":"https:\/\/esreviral.com\/index.php?rest_route=\/wp\/v2\/posts"}],"about":[{"href":"https:\/\/esreviral.com\/index.php?rest_route=\/wp\/v2\/types\/post"}],"author":[{"embeddable":true,"href":"https:\/\/esreviral.com\/index.php?rest_route=\/wp\/v2\/users\/2"}],"replies":[{"embeddable":true,"href":"https:\/\/esreviral.com\/index.php?rest_route=%2Fwp%2Fv2%2Fcomments&post=3755"}],"version-history":[{"count":0,"href":"https:\/\/esreviral.com\/index.php?rest_route=\/wp\/v2\/posts\/3755\/revisions"}],"wp:featuredmedia":[{"embeddable":true,"href":"https:\/\/esreviral.com\/index.php?rest_route=\/"}],"wp:attachment":[{"href":"https:\/\/esreviral.com\/index.php?rest_route=%2Fwp%2Fv2%2Fmedia&parent=3755"}],"wp:term":[{"taxonomy":"category","embeddable":true,"href":"https:\/\/esreviral.com\/index.php?rest_route=%2Fwp%2Fv2%2Fcategories&post=3755"},{"taxonomy":"post_tag","embeddable":true,"href":"https:\/\/esreviral.com\/index.php?rest_route=%2Fwp%2Fv2%2Ftags&post=3755"}],"curies":[{"name":"wp","href":"https:\/\/api.w.org\/{rel}","templated":true}]}}