{"id":37497,"date":"2023-06-12T07:13:17","date_gmt":"2023-06-12T12:13:17","guid":{"rendered":"https:\/\/esreviral.com\/?p=37497"},"modified":"2023-06-12T07:13:18","modified_gmt":"2023-06-12T12:13:18","slug":"ola-de-frio-medio-pais-esta-bajo-alerta-amarilla-por-las-bajas-temperaturas","status":"publish","type":"post","link":"https:\/\/esreviral.com\/?p=37497","title":{"rendered":"Ola de Fr\u00edo: medio pa\u00eds est\u00e1 bajo alerta amarilla por las bajas temperaturas"},"content":{"rendered":"\n<p>La semana\u00a0<strong>arranc\u00f3\u00a0con temperaturas cercanas a los cero grados<\/strong>\u00a0en gran parte de la Argentina. Ante las bajas temperaturas, el Servicio Meterol\u00f3gico Nacional (SMN) emiti\u00f3 un alerta amarilla por temperaturas extremas para la ciudad de Buenos Aires y 17 provincias del centro del pa\u00eds hacia el norte.<\/p>\n\n\n\n<p>Casi 30 localidades del pa\u00eds registran este lunes temperaturas por debajo de cero grado, y se espera que el fr\u00edo se mantenga a lo largo de la semana, a pocos d\u00edas de la llegada del invierno.&nbsp;<\/p>\n\n\n\n<p><strong>Malarg\u00fce, en Mendoza, era la ciudad m\u00e1s fr\u00eda con -7.7 grados<\/strong>&nbsp;y una sensaci\u00f3n t\u00e9rmica de -10.6 grados, seguida por Chapelco, en Neuqu\u00e9n con -5.6 grados y -9.1 grados, respectivamente.<\/p>\n\n\n\n<p>En tanto, los term\u00f3metros en Santa Rosa del Conlara y Villa Reynolds, en San Luis, marcaban -4.6 grados; la ciudad de C\u00f3rdoba -4.4 grados; Santa Rosa (La Pampa) -4,2 grados; Puerto Madryn (Chubut) y Bah\u00eda Blanca (Buenos Aires) -4 grados; y San Carlos de Bariloche (R\u00edo Negro), -3.8 grados.<\/p>\n\n\n\n<figure class=\"wp-block-embed is-type-rich is-provider-twitter wp-block-embed-twitter\"><div class=\"wp-block-embed__wrapper\">\n<blockquote class=\"twitter-tweet\" data-width=\"500\" data-dnt=\"true\"><p lang=\"es\" dir=\"ltr\">\u26a0 SAT | ALERTAS <a href=\"https:\/\/twitter.com\/hashtag\/SiHayAlertaEstateAlerta?src=hash&amp;ref_src=twsrc%5Etfw\">#SiHayAlertaEstateAlerta<\/a><br>Informaci\u00f3n actualizada el 11 de junio de 2023 a las 17:35 h<br>\ud83d\udc49M\u00e1s detalles en <a href=\"https:\/\/t.co\/AgvDHAWzAt\">https:\/\/t.co\/AgvDHAWzAt<\/a> <a href=\"https:\/\/t.co\/POJq6LJxDl\">pic.twitter.com\/POJq6LJxDl<\/a><\/p>&mdash; SMN Alertas (@SMN_Alertas) <a href=\"https:\/\/twitter.com\/SMN_Alertas\/status\/1668000432138903555?ref_src=twsrc%5Etfw\">June 11, 2023<\/a><\/blockquote><script async src=\"https:\/\/platform.twitter.com\/widgets.js\" charset=\"utf-8\"><\/script>\n<\/div><\/figure>\n\n\n\n<p><\/p>\n\n\n\n<p>Los distritos que est\u00e1n bajo alerta amarilla por temperaturas extremas por fr\u00edo son: ciudad de Buenos Aires, provincia de Buenos Aires, Entre R\u00edos, Corrientes, Misiones, Santa Fe, Santiago del Estero, Jujuy, Salta, Catamarca, Tucum\u00e1n, La Rioja, C\u00f3rdoba, San Luis, San Juan, Mendoza, Neuqu\u00e9n y La Pampa.<\/p>\n\n\n\n<p>El SMN recuerda que las temperaturas extremas pueden ser peligrosas, sobre todo para los grupos de riesgo, como ni\u00f1os y ni\u00f1as o personas mayores de 65 a\u00f1os con enfermedades cr\u00f3nicas.<\/p>\n\n\n\n<p>En ciudad de Buenos Aires y alrededores este lunes se espera&nbsp;<strong>cielo despejado por la ma\u00f1ana y algo nublado por la tarde<\/strong>, una temperatura estimada en 2 grados de m\u00ednima y 11 de m\u00e1xima, y vientos del sureste rotando al sur, inform\u00f3 el SMN.<\/p>\n\n\n\n<p><strong>Ma\u00f1ana&nbsp;<\/strong>se prev\u00e9 una jornada con cielo despejado y un leve ascenso de la temperatura, con<strong>&nbsp;3 grados de m\u00ednima y 12 de m\u00e1xima<\/strong>.<\/p>\n\n\n\n<p>Para el&nbsp;<strong>mi\u00e9rcoles<\/strong>&nbsp;se espera cielo parcialmente nublado y una temperatura que continuar\u00e1 subiendo hasta los<strong>&nbsp;5 grados de m\u00ednima y 14 de m\u00e1xima<\/strong>, de acuerdo a las previsiones del SMN.<\/p>\n\n\n\n<p>Las bajas temperaturas comenzaron a sentirse en todo el pa\u00eds desde el fin de semana, anunciando la inminente llegada del invierno pese a que el oto\u00f1o ha sido bastante ben\u00e9volo en cuesti\u00f3n de marcas t\u00e9rmicas.<\/p>\n\n\n\n<p class=\"has-text-align-right\"><strong><em>Clarin.-<\/em><\/strong><\/p>\n","protected":false},"excerpt":{"rendered":"<p>Casi 30 localidades de la Argentina registran este lunes temperaturas por debajo de cero grado<\/p>\n","protected":false},"author":3,"featured_media":37499,"comment_status":"open","ping_status":"closed","sticky":false,"template":"","format":"standard","meta":{"jnews-multi-image_gallery":[],"jnews_single_post":{"subtitle":"","format":"standard","video":"","gallery":"","source_name":"","source_url":"","via_name":"","via_url":"","override_template":"0","override":[{"template":"4","single_blog_custom":"","parallax":"1","fullscreen":"1","layout":"right-sidebar","sidebar":"default-sidebar","second_sidebar":"default-sidebar","sticky_sidebar":"1","share_position":"top","share_float_style":"share-monocrhome","show_share_counter":"1","show_view_counter":"1","show_featured":"1","show_post_meta":"1","show_post_author":"1","show_post_author_image":"1","show_post_date":"1","post_date_format":"default","post_date_format_custom":"Y\/m\/d","show_post_category":"1","show_post_reading_time":"1","post_reading_time_wpm":"300","show_zoom_button":"1","zoom_button_out_step":"2","zoom_button_in_step":"3","show_post_tag":"1","show_prev_next_post":"1","show_popup_post":"1","number_popup_post":"1","show_author_box":"1","show_post_related":"1","show_inline_post_related":"0"}],"override_image_size":"0","image_override":[{"single_post_thumbnail_size":"crop-500","single_post_gallery_size":"crop-500"}],"trending_post":"0","trending_post_position":"meta","trending_post_label":"Trending","sponsored_post":"0","sponsored_post_label":"Sponsored by","sponsored_post_name":"","sponsored_post_url":"","sponsored_post_logo_enable":"0","sponsored_post_logo":"","sponsored_post_desc":"","disable_ad":"0"},"jnews_primary_category":{"id":"","hide":""},"jnews_social_meta":{"fb_title":"","fb_description":"","fb_image":"","twitter_title":"","twitter_description":"","twitter_image":""},"jnews_review":[],"enable_review":"0","type":"percentage","name":"","summary":"","brand":"","sku":"","good":[{"good_text":""}],"bad":[{"bad_text":""}],"score_override":"","override_value":"","rating":[{"rating_text":"","rating_number":"10"}],"price":[{"shop":"","price":"","link":"","icon":""}],"jnews_override_counter":{"override_view_counter":"0","view_counter_number":"0","override_share_counter":"0","share_counter_number":"0","override_like_counter":"0","like_counter_number":"0","override_dislike_counter":"0","dislike_counter_number":"0"},"jnews_post_split":{"enable_post_split":"0","post_split":[{"template":"1","tag":"h2","numbering":"asc","mode":"normal","first":"0","enable_toc":"0","toc_type":"normal"}]},"footnotes":""},"categories":[58],"tags":[1228,44,10342,1016,45,2438,6655,7663,2514],"class_list":["post-37497","post","type-post","status-publish","format-standard","has-post-thumbnail","hentry","category-argentina","tag-alerta-amarilla","tag-argentina","tag-bajas-temperaturas","tag-clima","tag-noticias","tag-ola-de-frio","tag-pronostico-del-tiempo-3","tag-servicio-meterologico-nacional","tag-smn"],"amp_enabled":true,"_links":{"self":[{"href":"https:\/\/esreviral.com\/index.php?rest_route=\/wp\/v2\/posts\/37497"}],"collection":[{"href":"https:\/\/esreviral.com\/index.php?rest_route=\/wp\/v2\/posts"}],"about":[{"href":"https:\/\/esreviral.com\/index.php?rest_route=\/wp\/v2\/types\/post"}],"author":[{"embeddable":true,"href":"https:\/\/esreviral.com\/index.php?rest_route=\/wp\/v2\/users\/3"}],"replies":[{"embeddable":true,"href":"https:\/\/esreviral.com\/index.php?rest_route=%2Fwp%2Fv2%2Fcomments&post=37497"}],"version-history":[{"count":0,"href":"https:\/\/esreviral.com\/index.php?rest_route=\/wp\/v2\/posts\/37497\/revisions"}],"wp:featuredmedia":[{"embeddable":true,"href":"https:\/\/esreviral.com\/index.php?rest_route=\/wp\/v2\/media\/37499"}],"wp:attachment":[{"href":"https:\/\/esreviral.com\/index.php?rest_route=%2Fwp%2Fv2%2Fmedia&parent=37497"}],"wp:term":[{"taxonomy":"category","embeddable":true,"href":"https:\/\/esreviral.com\/index.php?rest_route=%2Fwp%2Fv2%2Fcategories&post=37497"},{"taxonomy":"post_tag","embeddable":true,"href":"https:\/\/esreviral.com\/index.php?rest_route=%2Fwp%2Fv2%2Ftags&post=37497"}],"curies":[{"name":"wp","href":"https:\/\/api.w.org\/{rel}","templated":true}]}}