{"id":37441,"date":"2023-06-09T07:58:23","date_gmt":"2023-06-09T12:58:23","guid":{"rendered":"https:\/\/esreviral.com\/?p=37441"},"modified":"2023-06-09T07:58:24","modified_gmt":"2023-06-09T12:58:24","slug":"papa-francisco-paso-una-segunda-noche-tranquila-tras-su-operacion","status":"publish","type":"post","link":"https:\/\/esreviral.com\/?p=37441","title":{"rendered":"Papa Francisco pas\u00f3 una segunda noche tranquila tras su operaci\u00f3n"},"content":{"rendered":"\n<p>El papa Francisco ha pasado su segunda noche tranquila en el\u00a0hospital Gemelli de Roma, tras la operaci\u00f3n por una hernia abdominal a la que se someti\u00f3 este mi\u00e9rcoles, y continua con su posoperatorio con normalidad, inform\u00f3 este viernes el Vaticano.<\/p>\n\n\n\n<p>\u00abTambi\u00e9n la segunda noche ha transcurrido bien\u00bb, indic\u00f3 escuetamente la Santa Sede, que durante la jornada volver\u00e1 a enviar el parte m\u00e9dico del pont\u00edfice, de 86 a\u00f1os de edad.<\/p>\n\n\n\n<p>En la tarde del jueves se comunic\u00f3 que Francisco se hab\u00eda alimentado \u00abcon una dieta l\u00edquida. Los par\u00e1metros hemodin\u00e1micos (que estudia la circulaci\u00f3n sangu\u00ednea) y respiratorios son estables. La evoluci\u00f3n del posoperatorio es normal\u00bb.<\/p>\n\n\n\n<p><strong><em><mark style=\"background-color:rgba(0, 0, 0, 0)\" class=\"has-inline-color has-vivid-red-color\">Lea Tambi\u00e9n: <\/mark><\/em><\/strong><\/p>\n\n\n\n<p>Francisco inicia su tercer d\u00eda ingresado en el apartamento pontificio de la d\u00e9cima planta del hospital romano, despu\u00e9s de someterse el mi\u00e9rcoles durante tres horas a una operaci\u00f3n de hernia abdominal ante el riesgo de una obstrucci\u00f3n intestinal.<\/p>\n\n\n\n<p>Se desconoce a\u00fan cu\u00e1ntos d\u00edas permanecer\u00e1 ingresado.<\/p>\n\n\n\n<p>El doctor Sergio Alfieri, quien le oper\u00f3, explic\u00f3 que para este tipo de operaciones se necesitan de 5 a 7 d\u00edas de hospitalizaci\u00f3n, pero dijo hay que tener en cuenta que el Papa tiene 86 a\u00f1os.<\/p>\n\n\n\n<p>En la jornada del jueves, el Papa recibi\u00f3 la Eucarist\u00eda al ser la festividad de Corpus y entre los mensajes que recibi\u00f3 qued\u00f3 sorprendido por el cartel que le hizo la familia peruana del beb\u00e9 que \u00e9l mismo hab\u00eda bautizado durante su anterior hospitalizaci\u00f3n en marzo pasado, por una pulmon\u00eda, y llam\u00f3 a la madre para agradec\u00e9rselo.<\/p>\n\n\n\n<p>Esta es la tercera vez que Francisco es ingresado en el Gemelli, despu\u00e9s de la operaci\u00f3n de colon en julio de 2021, cuando se le extirparon 33 cent\u00edmetros de intestino, y de la pulmon\u00eda del pasado marzo.<\/p>\n\n\n\n<p>Por el momento, el Vaticano ha anulado todas las audiencias y actos del Papa hasta el 18 de junio y se mantienen los dos viajes que realizar\u00e1 a Lisboa a principios de agosto para participar en la Jornada Mundial de la Juventud y a Mongolia a finales del mismo mes.<\/p>\n\n\n\n<p><strong><em><mark style=\"background-color:rgba(0, 0, 0, 0)\" class=\"has-inline-color has-vivid-red-color\">Lea Tambi\u00e9n: <\/mark><\/em><\/strong><\/p>\n\n\n\n<p class=\"has-text-align-right\"><strong><em>ElNacional.-<\/em><\/strong><\/p>\n","protected":false},"excerpt":{"rendered":"<p>En la tarde del jueves se comunic\u00f3 que Francisco se hab\u00eda alimentado \u00abcon una dieta l\u00edquida. Los par\u00e1metros hemodin\u00e1micos (que estudia la circulaci\u00f3n sangu\u00ednea) y respiratorios son estables. La evoluci\u00f3n del posoperatorio es normal\u00bb<\/p>\n","protected":false},"author":3,"featured_media":37442,"comment_status":"open","ping_status":"closed","sticky":false,"template":"","format":"standard","meta":{"jnews-multi-image_gallery":[],"jnews_single_post":{"subtitle":"","format":"standard","video":"","gallery":"","source_name":"","source_url":"","via_name":"","via_url":"","override_template":"0","override":[{"template":"4","single_blog_custom":"","parallax":"1","fullscreen":"1","layout":"right-sidebar","sidebar":"default-sidebar","second_sidebar":"default-sidebar","sticky_sidebar":"1","share_position":"top","share_float_style":"share-monocrhome","show_share_counter":"1","show_view_counter":"1","show_featured":"1","show_post_meta":"1","show_post_author":"1","show_post_author_image":"1","show_post_date":"1","post_date_format":"default","post_date_format_custom":"Y\/m\/d","show_post_category":"1","show_post_reading_time":"1","post_reading_time_wpm":"300","show_zoom_button":"1","zoom_button_out_step":"2","zoom_button_in_step":"3","show_post_tag":"1","show_prev_next_post":"1","show_popup_post":"1","number_popup_post":"1","show_author_box":"1","show_post_related":"1","show_inline_post_related":"0"}],"override_image_size":"0","image_override":[{"single_post_thumbnail_size":"crop-500","single_post_gallery_size":"crop-500"}],"trending_post":"0","trending_post_position":"meta","trending_post_label":"Trending","sponsored_post":"0","sponsored_post_label":"Sponsored by","sponsored_post_name":"","sponsored_post_url":"","sponsored_post_logo_enable":"0","sponsored_post_logo":"","sponsored_post_desc":"","disable_ad":"0"},"jnews_primary_category":{"id":"","hide":""},"jnews_social_meta":{"fb_title":"","fb_description":"","fb_image":"","twitter_title":"","twitter_description":"","twitter_image":""},"jnews_review":[],"enable_review":"0","type":"percentage","name":"","summary":"","brand":"","sku":"","good":[{"good_text":""}],"bad":[{"bad_text":""}],"score_override":"","override_value":"","rating":[{"rating_text":"","rating_number":"10"}],"price":[{"shop":"","price":"","link":"","icon":""}],"jnews_override_counter":{"override_view_counter":"0","view_counter_number":"0","override_share_counter":"0","share_counter_number":"0","override_like_counter":"0","like_counter_number":"0","override_dislike_counter":"0","dislike_counter_number":"0"},"jnews_post_split":{"enable_post_split":"0","post_split":[{"template":"1","tag":"h2","numbering":"asc","mode":"normal","first":"0","enable_toc":"0","toc_type":"normal"}]},"footnotes":""},"categories":[88],"tags":[8402,45,128,8378,8455,10310],"class_list":["post-37441","post","type-post","status-publish","format-standard","has-post-thumbnail","hentry","category-internacionales","tag-hospital-gemelli","tag-noticias","tag-papa-francisco","tag-roma","tag-salud-del-papa","tag-segunda-noche"],"amp_enabled":true,"_links":{"self":[{"href":"https:\/\/esreviral.com\/index.php?rest_route=\/wp\/v2\/posts\/37441"}],"collection":[{"href":"https:\/\/esreviral.com\/index.php?rest_route=\/wp\/v2\/posts"}],"about":[{"href":"https:\/\/esreviral.com\/index.php?rest_route=\/wp\/v2\/types\/post"}],"author":[{"embeddable":true,"href":"https:\/\/esreviral.com\/index.php?rest_route=\/wp\/v2\/users\/3"}],"replies":[{"embeddable":true,"href":"https:\/\/esreviral.com\/index.php?rest_route=%2Fwp%2Fv2%2Fcomments&post=37441"}],"version-history":[{"count":0,"href":"https:\/\/esreviral.com\/index.php?rest_route=\/wp\/v2\/posts\/37441\/revisions"}],"wp:featuredmedia":[{"embeddable":true,"href":"https:\/\/esreviral.com\/index.php?rest_route=\/wp\/v2\/media\/37442"}],"wp:attachment":[{"href":"https:\/\/esreviral.com\/index.php?rest_route=%2Fwp%2Fv2%2Fmedia&parent=37441"}],"wp:term":[{"taxonomy":"category","embeddable":true,"href":"https:\/\/esreviral.com\/index.php?rest_route=%2Fwp%2Fv2%2Fcategories&post=37441"},{"taxonomy":"post_tag","embeddable":true,"href":"https:\/\/esreviral.com\/index.php?rest_route=%2Fwp%2Fv2%2Ftags&post=37441"}],"curies":[{"name":"wp","href":"https:\/\/api.w.org\/{rel}","templated":true}]}}