{"id":37427,"date":"2023-06-09T07:29:29","date_gmt":"2023-06-09T12:29:29","guid":{"rendered":"https:\/\/esreviral.com\/?p=37427"},"modified":"2023-06-09T07:29:30","modified_gmt":"2023-06-09T12:29:30","slug":"acusan-a-donald-trump-de-siete-cargos-sobre-documentos-clasificados","status":"publish","type":"post","link":"https:\/\/esreviral.com\/?p=37427","title":{"rendered":"Acusan a Donald Trump de siete cargos sobre documentos clasificados"},"content":{"rendered":"\n<p>El expresidente de Estados Unidos\u00a0<strong>Donald Trump<\/strong>\u00a0fue inculpado en la investigaci\u00f3n federal sobre su\u00a0<strong>manejo de documentos clasificados<\/strong>\u00a0despu\u00e9s de dejar la Casa Blanca. As\u00ed lo adelant\u00f3 el propio exmandatario en su red social, donde calific\u00f3 el hecho como \u00ab<strong>un d\u00eda oscuro\u00bb<\/strong>\u00a0para su pa\u00eds. M\u00e1s tarde, fuentes judiciales confirmaron a\u00a0<em>AP\u00a0<\/em>y\u00a0<em>The New York Times\u00a0<\/em>que se trata de siete cargos en el marco de la investigaci\u00f3n que lleva el\u00a0fiscal especial Jack Smith.<\/p>\n\n\n\n<p>\u00abLa corrupta administraci\u00f3n Biden inform\u00f3 a mis abogados que&nbsp;<strong>fui acusado, aparentemente&nbsp;<\/strong>por el asunto de las cajas\u00bb, escribi\u00f3 Trump en su red&nbsp;<strong>Truth Social&nbsp;<\/strong>al precisar que fue convocado a presentarse a un&nbsp;<strong>tribunal federal de Miami el martes por su segunda inculpaci\u00f3n<\/strong>, despu\u00e9s de la de marzo, por el pago a una actriz porno.<\/p>\n\n\n\n<p>\u00ab<strong>Nunca cre\u00ed que algo as\u00ed pudiera sucederle a un expresidente<\/strong>&nbsp;de Estados Unidos\u00bb, escribi\u00f3. Y, lanzado en su campa\u00f1a para las elecciones presidenciales de 2024, el magnate agreg\u00f3:&nbsp;\u00abEn efecto, es un D\u00cdA OSCURO para Estados Unidos. Somos un pa\u00eds en serio y r\u00e1pido declive, pero junto vamos a hacerlo grande otra vez\u00bb.<\/p>\n\n\n\n<p>De acuerdo a\u00a0<em>The New York Times<\/em>, se trata de<strong>\u00a0la primera vez que un presidente estadounidense afronta cargos federales<\/strong>.<\/p>\n\n\n\n<figure class=\"wp-block-image size-full\"><img fetchpriority=\"high\" decoding=\"async\" width=\"720\" height=\"480\" src=\"https:\/\/esreviral.com\/wp-content\/uploads\/2023\/06\/AnyConv.com__B4bEHWC47_720x0__1.webp\" alt=\"\" class=\"wp-image-37428\" srcset=\"https:\/\/esreviral.com\/wp-content\/uploads\/2023\/06\/AnyConv.com__B4bEHWC47_720x0__1.webp 720w, https:\/\/esreviral.com\/wp-content\/uploads\/2023\/06\/AnyConv.com__B4bEHWC47_720x0__1-300x200.webp 300w\" sizes=\"(max-width: 720px) 100vw, 720px\" \/><\/figure>\n\n\n\n<p><\/p>\n\n\n\n<p>Si bien no hubo confirmaci\u00f3n oficial del Departamento de Justicia, una fuente inform\u00f3 tanto el diario neoyorquino como a la agencia&nbsp;<em>AP&nbsp;<\/em>que los cargos son siete, entre ellos&nbsp;<strong>obstrucci\u00f3n a la justicia, retenci\u00f3n de secretos de defensa nacional en violaci\u00f3n al Acta de Espionaje y falso testimonio<\/strong>.<\/p>\n\n\n\n<p>\u00abTrump, en su fort\u00edn de Bedminster&nbsp;<strong>rodeado por leales<\/strong>\u00ab, describi\u00f3 la situaci\u00f3n la cadena&nbsp;<em>CNN&nbsp;<\/em>al dar a conocer la noticia.<\/p>\n\n\n\n<p><strong><mark style=\"background-color:rgba(0, 0, 0, 0)\" class=\"has-inline-color has-vivid-red-color\">Cajas con documentos \u00abtop secret\u00bb: de qu\u00e9 se trata la investigaci\u00f3n en la que fue imputado Donald Trump<\/mark><\/strong><\/p>\n\n\n\n<p>El caso se remonta a la&nbsp;<strong>tempestuosa salida de Trump de la Casa Blanca<\/strong>, de la que&nbsp;<strong>se llev\u00f3 cajas enteras&nbsp;<\/strong>con documentos en su interior.<\/p>\n\n\n\n<p>En enero de 2022, los investigadores lograron&nbsp;<strong>recuperar un primer lote de 15 cajas<\/strong>. En junio, colaboradores de Trump entregaron voluntariamente&nbsp;<strong>un segundo cargamento<\/strong>.<\/p>\n\n\n\n<p>Y en un allanamiento en agosto pasado, el FBI se llev\u00f3 11 mil folios de la casa en Mar-a-Lago que el empresario tiene en Palm Beach, en el centro de la costa atl\u00e1ntica de Florida. Semanas m\u00e1s tarde se supo que entre el material hab\u00eda\u00a0m\u00e1s de 30 documentos clasificados.<\/p>\n\n\n\n<p>Este jueves Trump se encontraba en Bedminster, Nueva Jersey. Seg\u00fan una persona familiarizada con la situaci\u00f3n, l<strong>os abogados del expresidente fueron contactados por los fiscales<\/strong>&nbsp;poco antes de que el magnate anunciara en su plataforma Truth Social que hab\u00eda sido encausado.<\/p>\n\n\n\n<p>Los fiscales le reprochan haber conservado cajas enteras de documentos, incluso algunos&nbsp;<strong>clasificados como \u00abtop secret\u00bb<\/strong>&nbsp;tras su partida de Washington en 2021, y de&nbsp;<strong>haber rechazado devolverlo<\/strong>s, violando leyes federales.<\/p>\n\n\n\n<figure class=\"wp-block-image size-full\"><img decoding=\"async\" width=\"720\" height=\"423\" src=\"https:\/\/esreviral.com\/wp-content\/uploads\/2023\/06\/AnyConv.com__AnyConv.com__oDIbHVtAU_720x0__1.webp\" alt=\"\" class=\"wp-image-37429\" srcset=\"https:\/\/esreviral.com\/wp-content\/uploads\/2023\/06\/AnyConv.com__AnyConv.com__oDIbHVtAU_720x0__1.webp 720w, https:\/\/esreviral.com\/wp-content\/uploads\/2023\/06\/AnyConv.com__AnyConv.com__oDIbHVtAU_720x0__1-300x176.webp 300w\" sizes=\"(max-width: 720px) 100vw, 720px\" \/><\/figure>\n\n\n\n<p><\/p>\n\n\n\n<p>El lote inicial de documentos recuperados por los Archivos Nacionales del ex presidente Donald Trump en enero inclu\u00eda m\u00e1s de 150 marcados como clasificados, relativos a&nbsp;<strong>la CIA, la Agencia de Seguridad Nacional y el FB<\/strong>I. Tras el allanamiento de agosto de 2022, ese n\u00famero se elev\u00f3 a&nbsp;<strong>m\u00e1s de 30<\/strong>0.<\/p>\n\n\n\n<p>A lo largo de la investigaci\u00f3n, los aliados de Trump insist\u00edan en que el presidente ten\u00eda una \u00aborden permanente\u00bb para desclasificar el material que sali\u00f3 de la Oficina Oval a la residencia de la Casa Blanca, y afirmaron que la Administraci\u00f3n de Servicios Generales, no el personal de Trump, llen\u00f3 las cajas con los documentos.<\/p>\n\n\n\n<p>De acuerdo a la Ley de Registros Presidenciales,&nbsp;<strong>todo el material oficial sigue siendo propiedad del gobierno<\/strong>&nbsp;y debe entregarse a los archivos al final del mandato de un presidente.<\/p>\n\n\n\n<p><strong><mark style=\"background-color:rgba(0, 0, 0, 0)\" class=\"has-inline-color has-vivid-red-color\">\u00abCaza de brujas\u00bb: qu\u00e9 dijo Donald Trump sobre las imputaciones<\/mark><\/strong><\/p>\n\n\n\n<p>Se esperaba una resoluci\u00f3n en la investigaci\u00f3n por las cajas con documentos que Trump se llev\u00f3 a sus propiedades al t\u00e9rmino de su mandato en la Casa Blanca. Los rumores comenzaron a correr despu\u00e9s de que trascendiera que hab\u00eda sido informado por la justicia federal de que es&nbsp;<strong>investigado por el manejo de archivos clasificados<\/strong>&nbsp;de la Casa Blanca.<\/p>\n\n\n\n<p>Fue el propio expresidente el que este jueves a la tarde anunci\u00f3 que lo hab\u00edan imputado. Lo hizo con un fuerte descargo, en el que&nbsp;<strong>no escatim\u00f3 cr\u00edticas contra<\/strong>&nbsp;el actual mandatario estadounidense<strong>&nbsp;Joe Biden<\/strong>.<\/p>\n\n\n\n<p>\u00abLa&nbsp;<strong>administraci\u00f3n corrupta&nbsp;<\/strong>de Biden inform\u00f3 a mis abogados que he sido acusado, aparentemente por&nbsp;<strong>el enga\u00f1o de las cajas<\/strong>, a pesar de que Biden tiene 1.850 Cajas en la Universidad de Delaware, cajas adicionales en Chinatown, DC, con a\u00fan m\u00e1s cajas en la Universidad de Pensilvania, y documentos esparcidos&nbsp;<strong>por todo el piso de su garaje<\/strong>&nbsp;donde estaciona su Corvette, y que est\u00e1 &#8216;asegurado&#8217; solo por una puerta de garaje que es delgada como el papel y est\u00e1 abierta la mayor parte del tiempo\u00bb, escribi\u00f3 enardecido&nbsp;su red social&nbsp;<em>Truth Social<\/em>.<\/p>\n\n\n\n<p>Trump asegur\u00f3 que fue citado para comparecer en Miami el martes a las 3 de la tarde. Y\u00a0<strong>sostuvo su inocencia<\/strong>.<\/p>\n\n\n\n<figure class=\"wp-block-image size-full\"><img decoding=\"async\" width=\"720\" height=\"339\" src=\"https:\/\/esreviral.com\/wp-content\/uploads\/2023\/06\/AnyConv.com__AnyConv.com__uLRW6BXbu_720x0__1.webp\" alt=\"\" class=\"wp-image-37430\" srcset=\"https:\/\/esreviral.com\/wp-content\/uploads\/2023\/06\/AnyConv.com__AnyConv.com__uLRW6BXbu_720x0__1.webp 720w, https:\/\/esreviral.com\/wp-content\/uploads\/2023\/06\/AnyConv.com__AnyConv.com__uLRW6BXbu_720x0__1-300x141.webp 300w\" sizes=\"(max-width: 720px) 100vw, 720px\" \/><\/figure>\n\n\n\n<p><\/p>\n\n\n\n<p>\u00abNunca pens\u00e9 que fuera posible que algo as\u00ed pudiera pasarle a un ex presidente de los Estados Unidos, quien recibi\u00f3 muchos m\u00e1s votos que cualquier presidente en funciones en la historia de nuestro pa\u00eds, y actualmente<strong>&nbsp;lidera, por mucho, a todos los candidatos<\/strong>, tanto dem\u00f3cratas como republicanos, en encuestas de las Elecciones Presidenciales de 2024. \u00a1SOY UN HOMBRE INOCENTE!\u00bb, enfatiz\u00f3, con su habitual estilo de referenciarse en tercera persona y&nbsp;corriendo el foco a un plano pol\u00edtico y de campa\u00f1a.<\/p>\n\n\n\n<p>\u00abDe hecho, este es un D\u00cdA OSCURO para los Estados Unidos de Am\u00e9rica. Somos un pa\u00eds en serio y&nbsp;<strong>r\u00e1pido declive<\/strong>, \u00a1pero juntos haremos que Estados Unidos vuelva a ser grande!\u00bb, continu\u00f3 arengando.<\/p>\n\n\n\n<p>Y cerr\u00f3 con un video acompa\u00f1ado de un mensaje que resumi\u00f3 su posici\u00f3n. \u00abSoy un hombre inocente. La administraci\u00f3n Biden es totalmente corrupta. Esto es una<strong>\u00a0interferencia en las elecciones\u00a0<\/strong>y una continuaci\u00f3n de la<strong>\u00a0caza de brujas<\/strong>\u00a0m\u00e1s grande de todos los tiempos\u00bb, cerr\u00f3.<\/p>\n\n\n\n<p class=\"has-text-align-right\"><strong><em>Clarin.-<\/em><\/strong><\/p>\n","protected":false},"excerpt":{"rendered":"<p>Es por las cajas con papeles que se llev\u00f3 cuando dej\u00f3 la Casa Blanca. Se trata de la primera vez en la historia del pa\u00eds que un presidente afronta cargos federales.<\/p>\n","protected":false},"author":3,"featured_media":37431,"comment_status":"open","ping_status":"closed","sticky":false,"template":"","format":"standard","meta":{"jnews-multi-image_gallery":[],"jnews_single_post":{"subtitle":"","format":"standard","video":"","gallery":"","source_name":"","source_url":"","via_name":"","via_url":"","override_template":"0","override":[{"template":"4","single_blog_custom":"","parallax":"1","fullscreen":"1","layout":"right-sidebar","sidebar":"default-sidebar","second_sidebar":"default-sidebar","sticky_sidebar":"1","share_position":"top","share_float_style":"share-monocrhome","show_share_counter":"1","show_view_counter":"1","show_featured":"1","show_post_meta":"1","show_post_author":"1","show_post_author_image":"1","show_post_date":"1","post_date_format":"default","post_date_format_custom":"Y\/m\/d","show_post_category":"1","show_post_reading_time":"1","post_reading_time_wpm":"300","show_zoom_button":"1","zoom_button_out_step":"2","zoom_button_in_step":"3","show_post_tag":"1","show_prev_next_post":"1","show_popup_post":"1","number_popup_post":"1","show_author_box":"1","show_post_related":"1","show_inline_post_related":"0"}],"override_image_size":"0","image_override":[{"single_post_thumbnail_size":"crop-500","single_post_gallery_size":"crop-500"}],"trending_post":"0","trending_post_position":"meta","trending_post_label":"Trending","sponsored_post":"0","sponsored_post_label":"Sponsored by","sponsored_post_name":"","sponsored_post_url":"","sponsored_post_logo_enable":"0","sponsored_post_logo":"","sponsored_post_desc":"","disable_ad":"0"},"jnews_primary_category":{"id":"","hide":""},"jnews_social_meta":{"fb_title":"","fb_description":"","fb_image":"","twitter_title":"","twitter_description":"","twitter_image":""},"jnews_review":[],"enable_review":"0","type":"percentage","name":"","summary":"","brand":"","sku":"","good":[{"good_text":""}],"bad":[{"bad_text":""}],"score_override":"","override_value":"","rating":[{"rating_text":"","rating_number":"10"}],"price":[{"shop":"","price":"","link":"","icon":""}],"jnews_override_counter":{"override_view_counter":"0","view_counter_number":"0","override_share_counter":"0","share_counter_number":"0","override_like_counter":"0","like_counter_number":"0","override_dislike_counter":"0","dislike_counter_number":"0"},"jnews_post_split":{"enable_post_split":"0","post_split":[{"template":"1","tag":"h2","numbering":"asc","mode":"normal","first":"0","enable_toc":"0","toc_type":"normal"}]},"footnotes":""},"categories":[88],"tags":[10306,2088,136,10307,45,185],"class_list":["post-37427","post","type-post","status-publish","format-standard","has-post-thumbnail","hentry","category-internacionales","tag-documentos-clasificados","tag-donald-trump","tag-estados-unidos","tag-expresidente-de-estados-unidos","tag-noticias","tag-trump"],"amp_enabled":true,"_links":{"self":[{"href":"https:\/\/esreviral.com\/index.php?rest_route=\/wp\/v2\/posts\/37427"}],"collection":[{"href":"https:\/\/esreviral.com\/index.php?rest_route=\/wp\/v2\/posts"}],"about":[{"href":"https:\/\/esreviral.com\/index.php?rest_route=\/wp\/v2\/types\/post"}],"author":[{"embeddable":true,"href":"https:\/\/esreviral.com\/index.php?rest_route=\/wp\/v2\/users\/3"}],"replies":[{"embeddable":true,"href":"https:\/\/esreviral.com\/index.php?rest_route=%2Fwp%2Fv2%2Fcomments&post=37427"}],"version-history":[{"count":0,"href":"https:\/\/esreviral.com\/index.php?rest_route=\/wp\/v2\/posts\/37427\/revisions"}],"wp:featuredmedia":[{"embeddable":true,"href":"https:\/\/esreviral.com\/index.php?rest_route=\/wp\/v2\/media\/37431"}],"wp:attachment":[{"href":"https:\/\/esreviral.com\/index.php?rest_route=%2Fwp%2Fv2%2Fmedia&parent=37427"}],"wp:term":[{"taxonomy":"category","embeddable":true,"href":"https:\/\/esreviral.com\/index.php?rest_route=%2Fwp%2Fv2%2Fcategories&post=37427"},{"taxonomy":"post_tag","embeddable":true,"href":"https:\/\/esreviral.com\/index.php?rest_route=%2Fwp%2Fv2%2Ftags&post=37427"}],"curies":[{"name":"wp","href":"https:\/\/api.w.org\/{rel}","templated":true}]}}