{"id":3731,"date":"2021-01-27T11:10:24","date_gmt":"2021-01-27T14:10:24","guid":{"rendered":"http:\/\/esreviral.com\/?p=3731"},"modified":"2021-01-27T11:10:24","modified_gmt":"2021-01-27T14:10:24","slug":"convocan-a-protestar-pacificamente-para-que-se-haga-justicia","status":"publish","type":"post","link":"https:\/\/esreviral.com\/?p=3731","title":{"rendered":"Convocan a protestar pac\u00edficamente para que se haga justicia"},"content":{"rendered":"\n<p>Familiares, amigos, defensores de derechos humanos y sociedad civil en general, han convocado a una manifestaci\u00f3n pac\u00edfica en Paso 693, lugar donde se habr\u00eda cometido el abuso contra la joven venezolana de 18 a\u00f1os de edad. <\/p>\n\n\n\n<p>La madre de la v\u00edctima, Thays Campos, en declaraciones a C5N, reiter\u00f3 el llamado a que sea una protesta en paz en la que no haya ning\u00fan tipo de violencia, con la finalidad de que posteriormente no cauce una negatividad en el proceso. <\/p>\n\n\n\n<p>La concentraci\u00f3n ser\u00e1 desde las 10:30 de la ma\u00f1ana en la zona de Once en rechazo a la liberaci\u00f3n de Irineo Humberto Garz\u00f3n Mart\u00ednez, apresado el pasado s\u00e1bado por ser el presunto autor material del abuso sexual a la joven venezolana. <\/p>\n","protected":false},"excerpt":{"rendered":"<p>El llamado es a manifestar sin generar violencia<\/p>\n","protected":false},"author":2,"featured_media":3732,"comment_status":"open","ping_status":"open","sticky":false,"template":"","format":"standard","meta":{"jnews-multi-image_gallery":[],"jnews_single_post":[],"jnews_primary_category":[],"jnews_social_meta":[],"jnews_review":[],"enable_review":"","type":"","name":"","summary":"","brand":"","sku":"","good":[],"bad":[],"score_override":"","override_value":"","rating":[],"price":[],"jnews_override_counter":[],"jnews_post_split":[],"footnotes":""},"categories":[58,64],"tags":[398,123,45,126,67],"class_list":["post-3731","post","type-post","status-publish","format-standard","has-post-thumbnail","hentry","category-argentina","category-sucesos","tag-abuso-sexual","tag-informacion","tag-noticias","tag-protesta","tag-venezolanos-en-argentina"],"amp_enabled":true,"_links":{"self":[{"href":"https:\/\/esreviral.com\/index.php?rest_route=\/wp\/v2\/posts\/3731"}],"collection":[{"href":"https:\/\/esreviral.com\/index.php?rest_route=\/wp\/v2\/posts"}],"about":[{"href":"https:\/\/esreviral.com\/index.php?rest_route=\/wp\/v2\/types\/post"}],"author":[{"embeddable":true,"href":"https:\/\/esreviral.com\/index.php?rest_route=\/wp\/v2\/users\/2"}],"replies":[{"embeddable":true,"href":"https:\/\/esreviral.com\/index.php?rest_route=%2Fwp%2Fv2%2Fcomments&post=3731"}],"version-history":[{"count":0,"href":"https:\/\/esreviral.com\/index.php?rest_route=\/wp\/v2\/posts\/3731\/revisions"}],"wp:featuredmedia":[{"embeddable":true,"href":"https:\/\/esreviral.com\/index.php?rest_route=\/"}],"wp:attachment":[{"href":"https:\/\/esreviral.com\/index.php?rest_route=%2Fwp%2Fv2%2Fmedia&parent=3731"}],"wp:term":[{"taxonomy":"category","embeddable":true,"href":"https:\/\/esreviral.com\/index.php?rest_route=%2Fwp%2Fv2%2Fcategories&post=3731"},{"taxonomy":"post_tag","embeddable":true,"href":"https:\/\/esreviral.com\/index.php?rest_route=%2Fwp%2Fv2%2Ftags&post=3731"}],"curies":[{"name":"wp","href":"https:\/\/api.w.org\/{rel}","templated":true}]}}