{"id":37289,"date":"2023-06-07T06:53:06","date_gmt":"2023-06-07T11:53:06","guid":{"rendered":"https:\/\/esreviral.com\/?p=37289"},"modified":"2023-06-07T06:53:07","modified_gmt":"2023-06-07T11:53:07","slug":"el-papa-francisco-sera-operado-de-urgencia-por-riesgo-de-obstruccion-intestinal","status":"publish","type":"post","link":"https:\/\/esreviral.com\/?p=37289","title":{"rendered":"El papa Francisco ser\u00e1 operado de urgencia por riesgo de obstrucci\u00f3n intestinal"},"content":{"rendered":"\n<p>El papa Francisco, de 86 a\u00f1os de edad, ser\u00e1\u00a0<strong>operado de urgencia y bajo anestesia general<\/strong>\u00a0este mi\u00e9rcoles por la tarde en Roma, por riesgo de obstrucci\u00f3n intestinal, anunci\u00f3 el Vaticano.<\/p>\n\n\n\n<p>La intervenci\u00f3n quir\u00fargica resulta \u00abnecesaria\u00bb por el agravamiento de los s\u00edntomas presentados por el sumo pont\u00edfice, indic\u00f3 su equipo m\u00e9dico, y requerir\u00e1&nbsp;<strong>\u00abvarios d\u00edas\u00bb de hospitalizaci\u00f3n<\/strong>, precis\u00f3 en un comunicado el director del servicio de prensa de la Santa Sede, Matteo Bruni.<\/p>\n\n\n\n<p>El papa argentino presidi\u00f3 este mi\u00e9rcoles de ma\u00f1ana la audiencia general en la plaza de San Pedro, ante miles de fieles.<\/p>\n\n\n\n<p>\u00abAl final de la audiencia general, el Santo Padre se traslad\u00f3 al hospital universitario A. Gemelli en donde, al comienzo de la tarde, se someter\u00e1 a una operaci\u00f3n quir\u00fargica de laparotom\u00eda y de cirug\u00eda pl\u00e1stica de la pared abdominal con pr\u00f3tesis, bajo anestesia general\u00bb, explic\u00f3 Bruni.<\/p>\n\n\n\n<p>La laparotom\u00eda es una intervenci\u00f3n consistente en abrir el abdomen.<\/p>\n\n\n\n<p>\u00abLa operaci\u00f3n, preparada estos \u00faltimos d\u00edas por el equipo m\u00e9dico que asiste al Santo Padre, se ha vuelto necesaria a causa de una hernia incisional que provoca s\u00edndromes suboclusivos recurrentes, dolorosos y en v\u00edas de agravaci\u00f3n\u00bb, agreg\u00f3 Bruni.<\/p>\n\n\n\n<p>El martes por la ma\u00f1ana, el Papa hab\u00eda tenido que pasar por el hospital Gemelli para someterse a unos \u00abex\u00e1menes\u00bb, pero el Vaticano no detall\u00f3 la naturaleza de los mismos.<\/p>\n\n\n\n<p>En julio de 2021, el obispo de Roma&nbsp;<strong>tuvo que ser hospitalizado unos diez d\u00edas en ese mismo hospital para someterse a una operaci\u00f3n del colon<\/strong>. Seg\u00fan dijo, sufri\u00f3 \u00absecuelas\u00bb de la anestesia.<\/p>\n\n\n\n<p>Y a fines de marzo, Francisco, elegido Papa en 2013, tuvo de nuevo que ser ingresado en el hospital Gemmeli por una infecci\u00f3n respiratoria.<\/p>\n\n\n\n<p><strong><mark style=\"background-color:rgba(0, 0, 0, 0)\" class=\"has-inline-color has-vivid-red-color\">La salud del Papa<\/mark><\/strong><\/p>\n\n\n\n<p>La primera operaci\u00f3n de Francisco fue en 1957, cuando, con 21 a\u00f1os, padeci\u00f3 una infecci\u00f3n pulmonar que deriv\u00f3 en una intervenci\u00f3n quir\u00fargica urgente para extirparle el l\u00f3bulo superior del pulm\u00f3n derecho.<\/p>\n\n\n\n<p>Otro problema recurrente del Papa son los dolores debidos a la<strong>&nbsp;inflamaci\u00f3n del nervio ci\u00e1tico<\/strong>&nbsp;y que le obligaron a suspender algunas celebraciones.<\/p>\n\n\n\n<p>Durante 2019, en gran secreto, Francisco se someti\u00f3 a una peque\u00f1a&nbsp;<strong>intervenci\u00f3n de cataratas<\/strong>&nbsp;en sus ojos en la Cl\u00ednica P\u00edo XI, en Roma.<\/p>\n\n\n\n<p>Tambi\u00e9n por sorpresa el 4 de julio de 2021 se anunci\u00f3 que&nbsp;<strong>el Papa ser\u00eda operado en el col\u00f3n ese mismo d\u00eda.&nbsp;<\/strong>En aquella ocasi\u00f3n se le extirparon 33 cent\u00edmetros de intestino, debido a la diverticulitis y estuvo diez d\u00edas ingresado, a los que sigui\u00f3 una lenta recuperaci\u00f3n.<\/p>\n\n\n\n<p>Desde hace m\u00e1s de un a\u00f1o,&nbsp;<strong>el Papa tiene un problema en la rodilla derecha<\/strong>&nbsp;que le obliga a caminar con un bast\u00f3n o en silla de ruedas y aunque los m\u00e9dicos le hab\u00edan aconsejado operarse, Francisco siempre lo ha rechazado.<\/p>\n\n\n\n<p>Durante una rueda de prensa de regreso de un viaje confes\u00f3 que la anestesia le afect\u00f3 mucho durante la operaci\u00f3n en el col\u00f3n y \u00aba\u00fan arrastra algunos efectos\u00bb. \u00abNo se juega con la anestesia y por eso se piensa que no es conveniente\u00bb, dijo respecto a esa posible operarse.<\/p>\n\n\n\n<p>El pasado 29 de marzo, el Sumo Pont\u00edfice fue ingresado de urgencias en el hospital romano por \u201cuna pulmon\u00eda aguda\u201d y pas\u00f3 all\u00ed tres noches.<\/p>\n\n\n\n<p>\u00abLo que he tenido es que me sent\u00ed mal despu\u00e9s de la audiencia, no quise comer y me fui a dormir, pero no perd\u00ed el sentido, s\u00f3lo ten\u00eda fiebre alta\u00bb, dijo al ser preguntado por los motivos de su hospitalizaci\u00f3n.<\/p>\n\n\n\n<p class=\"has-text-align-right\"><strong><em>Clarin.-<\/em><\/strong><\/p>\n","protected":false},"excerpt":{"rendered":"<p>Ser\u00e1 intervenido hoy bajo anestesia general en el hospital Gemelli. Qu\u00e9 le detectaron.<\/p>\n","protected":false},"author":3,"featured_media":37290,"comment_status":"open","ping_status":"closed","sticky":false,"template":"","format":"standard","meta":{"jnews-multi-image_gallery":[],"jnews_single_post":{"subtitle":"","format":"standard","video":"","gallery":"","source_name":"","source_url":"","via_name":"","via_url":"","override_template":"0","override":[{"template":"4","single_blog_custom":"","parallax":"1","fullscreen":"1","layout":"right-sidebar","sidebar":"default-sidebar","second_sidebar":"default-sidebar","sticky_sidebar":"1","share_position":"top","share_float_style":"share-monocrhome","show_share_counter":"1","show_view_counter":"1","show_featured":"1","show_post_meta":"1","show_post_author":"1","show_post_author_image":"1","show_post_date":"1","post_date_format":"default","post_date_format_custom":"Y\/m\/d","show_post_category":"1","show_post_reading_time":"1","post_reading_time_wpm":"300","show_zoom_button":"1","zoom_button_out_step":"2","zoom_button_in_step":"3","show_post_tag":"1","show_prev_next_post":"1","show_popup_post":"1","number_popup_post":"1","show_author_box":"1","show_post_related":"1","show_inline_post_related":"0"}],"override_image_size":"0","image_override":[{"single_post_thumbnail_size":"crop-500","single_post_gallery_size":"crop-500"}],"trending_post":"0","trending_post_position":"meta","trending_post_label":"Trending","sponsored_post":"0","sponsored_post_label":"Sponsored by","sponsored_post_name":"","sponsored_post_url":"","sponsored_post_logo_enable":"0","sponsored_post_logo":"","sponsored_post_desc":"","disable_ad":"0"},"jnews_primary_category":{"id":"","hide":""},"jnews_social_meta":{"fb_title":"","fb_description":"","fb_image":"","twitter_title":"","twitter_description":"","twitter_image":""},"jnews_review":[],"enable_review":"0","type":"percentage","name":"","summary":"","brand":"","sku":"","good":[{"good_text":""}],"bad":[{"bad_text":""}],"score_override":"","override_value":"","rating":[{"rating_text":"","rating_number":"10"}],"price":[{"shop":"","price":"","link":"","icon":""}],"jnews_override_counter":{"override_view_counter":"0","view_counter_number":"0","override_share_counter":"0","share_counter_number":"0","override_like_counter":"0","like_counter_number":"0","override_dislike_counter":"0","dislike_counter_number":"0"},"jnews_post_split":{"enable_post_split":"0","post_split":[{"template":"1","tag":"h2","numbering":"asc","mode":"normal","first":"0","enable_toc":"0","toc_type":"normal"}]},"footnotes":""},"categories":[88],"tags":[5811,45,10226,128,8378,8455,129],"class_list":["post-37289","post","type-post","status-publish","format-standard","has-post-thumbnail","hentry","category-internacionales","tag-ciudad-del-vaticano","tag-noticias","tag-operado-de-urgencia","tag-papa-francisco","tag-roma","tag-salud-del-papa","tag-vaticano"],"_links":{"self":[{"href":"https:\/\/esreviral.com\/index.php?rest_route=\/wp\/v2\/posts\/37289","targetHints":{"allow":["GET"]}}],"collection":[{"href":"https:\/\/esreviral.com\/index.php?rest_route=\/wp\/v2\/posts"}],"about":[{"href":"https:\/\/esreviral.com\/index.php?rest_route=\/wp\/v2\/types\/post"}],"author":[{"embeddable":true,"href":"https:\/\/esreviral.com\/index.php?rest_route=\/wp\/v2\/users\/3"}],"replies":[{"embeddable":true,"href":"https:\/\/esreviral.com\/index.php?rest_route=%2Fwp%2Fv2%2Fcomments&post=37289"}],"version-history":[{"count":0,"href":"https:\/\/esreviral.com\/index.php?rest_route=\/wp\/v2\/posts\/37289\/revisions"}],"wp:featuredmedia":[{"embeddable":true,"href":"https:\/\/esreviral.com\/index.php?rest_route=\/wp\/v2\/media\/37290"}],"wp:attachment":[{"href":"https:\/\/esreviral.com\/index.php?rest_route=%2Fwp%2Fv2%2Fmedia&parent=37289"}],"wp:term":[{"taxonomy":"category","embeddable":true,"href":"https:\/\/esreviral.com\/index.php?rest_route=%2Fwp%2Fv2%2Fcategories&post=37289"},{"taxonomy":"post_tag","embeddable":true,"href":"https:\/\/esreviral.com\/index.php?rest_route=%2Fwp%2Fv2%2Ftags&post=37289"}],"curies":[{"name":"wp","href":"https:\/\/api.w.org\/{rel}","templated":true}]}}