{"id":37257,"date":"2023-06-06T12:11:23","date_gmt":"2023-06-06T17:11:23","guid":{"rendered":"https:\/\/esreviral.com\/?p=37257"},"modified":"2023-06-06T12:11:24","modified_gmt":"2023-06-06T17:11:24","slug":"identificaron-a-los-12-fallecidos-por-el-derrumbe-de-una-mina-en-el-callao","status":"publish","type":"post","link":"https:\/\/esreviral.com\/?p=37257","title":{"rendered":"Identificaron a los 12 fallecidos por el derrumbe de una mina en El Callao"},"content":{"rendered":"\n<p>Autoridades del estado Bol\u00edvar\u00a0<strong>identificaron a las\u00a012 personas que fallecieron asfixiadas<\/strong>\u00a0luego del derrumbe de una mina en El Callao el pasado domingo 4 de junio.<\/p>\n\n\n\n<p>La informaci\u00f3n rese\u00f1ada por\u00a0<em>Correo del Caron\u00ed\u00a0<\/em>indica que los trabajos de rescate comenzaron por la mina Isidora, donde los socorristas accedieron hasta la zona del derrumbe.<\/p>\n\n\n\n<p>En las labores participaron oficiales de Protecci\u00f3n Civil, del Cuerpo de Bomberos del Municipio Bol\u00edvar y mineros sobrevivientes. Del alud sobrevivieron 124 mineros.<\/p>\n\n\n\n<p>La Talavera, la mina que se derrumb\u00f3, estaba ubicada en el sector El Per\u00fa. Pudo haber estado afectada por<strong>&nbsp;el aumento de las aguas subterr\u00e1neas<\/strong>&nbsp;debido a las lluvias intensas que ocurrieron durante esos d\u00edas y que afectaron a al menos 450 familias de la zona.<\/p>\n\n\n\n<p><strong><mark style=\"background-color:rgba(0, 0, 0, 0)\" class=\"has-inline-color has-vivid-red-color\">Las v\u00edctimas identificadas:<\/mark><\/strong><\/p>\n\n\n\n<p><strong>1.-<\/strong>\u00a0Herikson Jes\u00fas Rojas Malav\u00e9 (24).<\/p>\n\n\n\n<p><strong>2.-<\/strong>&nbsp;Javier Enrique Rojas Malav\u00e9 (18).<\/p>\n\n\n\n<p><strong>3.-&nbsp;<\/strong>Evelio Ram\u00f3n Ortiz (34).<\/p>\n\n\n\n<p><strong>4.-<\/strong>&nbsp;Jorge Luis Aular Reyes (19).<\/p>\n\n\n\n<p><strong>5.-<\/strong>&nbsp;Robert Jos\u00e9 Cuevas Sotillo (25).<\/p>\n\n\n\n<p><strong>6.-<\/strong>&nbsp;Yuset Mois\u00e9s Escalona Gonz\u00e1lez&nbsp; (28).<\/p>\n\n\n\n<p><strong>7.-<\/strong>&nbsp;Yerfenson Jos\u00e9 Romero Gonz\u00e1lez (26).<\/p>\n\n\n\n<p><strong>8.-<\/strong>&nbsp;Andr\u00e9s Eloy Mor\u00e1n Barreto (30).<\/p>\n\n\n\n<p><strong>9.-&nbsp;<\/strong>Dimas Antonio Garc\u00eda Delgado (24).<\/p>\n\n\n\n<p><strong>10.-<\/strong>&nbsp;Rolando de Jes\u00fas Aguinagalde (28).<\/p>\n\n\n\n<p><strong>11.-<\/strong>&nbsp;Elvis Antonio Guerra (25).<\/p>\n\n\n\n<p><strong>12.-<\/strong>&nbsp;Jes\u00fas Gabriel D\u00edaz Aguilera (33).<\/p>\n\n\n\n<p>El secretario de Seguridad Ciudadana del estado de Bol\u00edvar, el general Edgar Colina Reyes, confirm\u00f3 a la AFP que la mina<strong>&nbsp;estuvo clausurada durante mucho tiempo<\/strong>&nbsp;y que se inund\u00f3 por las lluvias. Los mineros perdieron el ox\u00edgeno y fallecieron por insuficiencia respiratoria, inform\u00f3.<\/p>\n\n\n\n<p>Las explotaciones de oro, legales e ilegales, abundan en el sur del pa\u00eds.&nbsp;<strong>Los mineros trabajan frecuentemente en condiciones dif\u00edciles y los accidentes son comunes.<\/strong>&nbsp;Amplias zonas de esta regi\u00f3n son presas de bandas armadas criminales.<\/p>\n\n\n\n<p>\u201cMuchos de los que trabajan en la miner\u00eda artesanal tienen pocos conocimientos t\u00e9cnicos para la explotaci\u00f3n del material aur\u00edfero. No es abrir un barranco y sacar oro,<strong>\u00a0sin saber si est\u00e1n o no en riesgo por la inestabilidad del terreno.<\/strong>\u00a0Urge control en la explotaci\u00f3n minera\u201d, dijo a\u00a0<em>Correo del Caron\u00ed\u00a0<\/em>el dirigente Dar\u00edo Graffe.<\/p>\n\n\n\n<p class=\"has-text-align-right\"><strong><em>ElNacional.-<\/em><\/strong><\/p>\n","protected":false},"excerpt":{"rendered":"<p>La Talavera estaba ubicada en el sector El Per\u00fa. Se vio afectada por el aumento de las aguas subterr\u00e1neas debido a las lluvias intensas que ocurrieron durante d\u00edas recientes<\/p>\n","protected":false},"author":3,"featured_media":37258,"comment_status":"open","ping_status":"closed","sticky":false,"template":"","format":"standard","meta":{"jnews-multi-image_gallery":[],"jnews_single_post":{"subtitle":"","format":"standard","video":"","gallery":"","source_name":"","source_url":"","via_name":"","via_url":"","override_template":"0","override":[{"template":"4","single_blog_custom":"","parallax":"1","fullscreen":"1","layout":"right-sidebar","sidebar":"default-sidebar","second_sidebar":"default-sidebar","sticky_sidebar":"1","share_position":"top","share_float_style":"share-monocrhome","show_share_counter":"1","show_view_counter":"1","show_featured":"1","show_post_meta":"1","show_post_author":"1","show_post_author_image":"1","show_post_date":"1","post_date_format":"default","post_date_format_custom":"Y\/m\/d","show_post_category":"1","show_post_reading_time":"1","post_reading_time_wpm":"300","show_zoom_button":"1","zoom_button_out_step":"2","zoom_button_in_step":"3","show_post_tag":"1","show_prev_next_post":"1","show_popup_post":"1","number_popup_post":"1","show_author_box":"1","show_post_related":"1","show_inline_post_related":"0"}],"override_image_size":"0","image_override":[{"single_post_thumbnail_size":"crop-500","single_post_gallery_size":"crop-500"}],"trending_post":"0","trending_post_position":"meta","trending_post_label":"Trending","sponsored_post":"0","sponsored_post_label":"Sponsored by","sponsored_post_name":"","sponsored_post_url":"","sponsored_post_logo_enable":"0","sponsored_post_logo":"","sponsored_post_desc":"","disable_ad":"0"},"jnews_primary_category":{"id":"","hide":""},"jnews_social_meta":{"fb_title":"","fb_description":"","fb_image":"","twitter_title":"","twitter_description":"","twitter_image":""},"jnews_review":[],"enable_review":"0","type":"percentage","name":"","summary":"","brand":"","sku":"","good":[{"good_text":""}],"bad":[{"bad_text":""}],"score_override":"","override_value":"","rating":[{"rating_text":"","rating_number":"10"}],"price":[{"shop":"","price":"","link":"","icon":""}],"jnews_override_counter":{"override_view_counter":"0","view_counter_number":"0","override_share_counter":"0","share_counter_number":"0","override_like_counter":"0","like_counter_number":"0","override_dislike_counter":"0","dislike_counter_number":"0"},"jnews_post_split":{"enable_post_split":"0","post_split":[{"template":"1","tag":"h2","numbering":"asc","mode":"normal","first":"0","enable_toc":"0","toc_type":"normal"}]},"footnotes":""},"categories":[64,66],"tags":[10213,10210,10212,10211,2411,45,10214,56,10209],"class_list":["post-37257","post","type-post","status-publish","format-standard","has-post-thumbnail","hentry","category-sucesos","category-venezuela","tag-asfixiadas","tag-callao","tag-derrumbe-de-una-mina","tag-el-callao","tag-mina","tag-noticias","tag-personas-asfixiadas","tag-venezuela","tag-victimas-identificadas"],"amp_enabled":true,"_links":{"self":[{"href":"https:\/\/esreviral.com\/index.php?rest_route=\/wp\/v2\/posts\/37257"}],"collection":[{"href":"https:\/\/esreviral.com\/index.php?rest_route=\/wp\/v2\/posts"}],"about":[{"href":"https:\/\/esreviral.com\/index.php?rest_route=\/wp\/v2\/types\/post"}],"author":[{"embeddable":true,"href":"https:\/\/esreviral.com\/index.php?rest_route=\/wp\/v2\/users\/3"}],"replies":[{"embeddable":true,"href":"https:\/\/esreviral.com\/index.php?rest_route=%2Fwp%2Fv2%2Fcomments&post=37257"}],"version-history":[{"count":0,"href":"https:\/\/esreviral.com\/index.php?rest_route=\/wp\/v2\/posts\/37257\/revisions"}],"wp:featuredmedia":[{"embeddable":true,"href":"https:\/\/esreviral.com\/index.php?rest_route=\/wp\/v2\/media\/37258"}],"wp:attachment":[{"href":"https:\/\/esreviral.com\/index.php?rest_route=%2Fwp%2Fv2%2Fmedia&parent=37257"}],"wp:term":[{"taxonomy":"category","embeddable":true,"href":"https:\/\/esreviral.com\/index.php?rest_route=%2Fwp%2Fv2%2Fcategories&post=37257"},{"taxonomy":"post_tag","embeddable":true,"href":"https:\/\/esreviral.com\/index.php?rest_route=%2Fwp%2Fv2%2Ftags&post=37257"}],"curies":[{"name":"wp","href":"https:\/\/api.w.org\/{rel}","templated":true}]}}