{"id":3724,"date":"2021-01-26T20:15:59","date_gmt":"2021-01-26T23:15:59","guid":{"rendered":"http:\/\/esreviral.com\/?p=3724"},"modified":"2021-01-26T20:15:59","modified_gmt":"2021-01-26T23:15:59","slug":"elisa-trotta-lamento-el-abuso-a-la-joven-venezolana-y-pidio-justicia","status":"publish","type":"post","link":"https:\/\/esreviral.com\/?p=3724","title":{"rendered":"Elisa Trotta lament\u00f3 el abuso a la joven venezolana y pidi\u00f3 justicia"},"content":{"rendered":"\n<p><strong><em>CIS.- <\/em><\/strong>La representante diplom\u00e1tica en Argentina del gobierno interino de Venezuela, Elisa Trotta, se manifest\u00f3 a trav\u00e9s de sus redes sociales en las que lament\u00f3 el presunto abuso sexual que sufri\u00f3 una joven venezolana y pidi\u00f3 justicia ante el hecho. <\/p>\n\n\n\n<figure class=\"wp-block-embed-twitter wp-block-embed is-type-rich is-provider-twitter\"><div class=\"wp-block-embed__wrapper\">\n<blockquote class=\"twitter-tweet\" data-width=\"500\" data-dnt=\"true\"><p lang=\"es\" dir=\"ltr\">Hemos estado en contacto con la madre de la joven venezolana que fue v\u00edctima de abuso sexual el pasado fin de semana en Buenos Aires. Lamentamos profundamente este doloroso hecho. Estamos colaborando con todo lo necesario para ella y su familia. Es necesario que haya justicia.<\/p>&mdash; Elisa Trotta (@EliTrotta) <a href=\"https:\/\/twitter.com\/EliTrotta\/status\/1354198803868479488?ref_src=twsrc%5Etfw\">January 26, 2021<\/a><\/blockquote><script async src=\"https:\/\/platform.twitter.com\/widgets.js\" charset=\"utf-8\"><\/script>\n<\/div><\/figure>\n\n\n\n<p>Trotta, una gran conocedora de los derechos humanos y defensora de los mismos, inform\u00f3 que ha estado en permanente contacto con la familia afectada. <\/p>\n","protected":false},"excerpt":{"rendered":"<p>CIS.- La representante diplom\u00e1tica en Argentina del gobierno interino de Venezuela, Elisa Trotta, se manifest\u00f3 a trav\u00e9s de sus redes sociales en las que lament\u00f3 el presunto abuso sexual que sufri\u00f3 una joven venezolana y pidi\u00f3 justicia ante el hecho. Trotta, una gran conocedora de los derechos humanos y defensora de los mismos, inform\u00f3 que [&hellip;]<\/p>\n","protected":false},"author":2,"featured_media":3725,"comment_status":"open","ping_status":"open","sticky":false,"template":"","format":"standard","meta":{"jnews-multi-image_gallery":[],"jnews_single_post":[],"jnews_primary_category":[],"jnews_social_meta":[],"jnews_review":[],"enable_review":"","type":"","name":"","summary":"","brand":"","sku":"","good":[],"bad":[],"score_override":"","override_value":"","rating":[],"price":[],"jnews_override_counter":[],"jnews_post_split":[],"footnotes":""},"categories":[64],"tags":[523,45,67],"class_list":["post-3724","post","type-post","status-publish","format-standard","has-post-thumbnail","hentry","category-sucesos","tag-elisa-trotta","tag-noticias","tag-venezolanos-en-argentina"],"amp_enabled":true,"_links":{"self":[{"href":"https:\/\/esreviral.com\/index.php?rest_route=\/wp\/v2\/posts\/3724"}],"collection":[{"href":"https:\/\/esreviral.com\/index.php?rest_route=\/wp\/v2\/posts"}],"about":[{"href":"https:\/\/esreviral.com\/index.php?rest_route=\/wp\/v2\/types\/post"}],"author":[{"embeddable":true,"href":"https:\/\/esreviral.com\/index.php?rest_route=\/wp\/v2\/users\/2"}],"replies":[{"embeddable":true,"href":"https:\/\/esreviral.com\/index.php?rest_route=%2Fwp%2Fv2%2Fcomments&post=3724"}],"version-history":[{"count":0,"href":"https:\/\/esreviral.com\/index.php?rest_route=\/wp\/v2\/posts\/3724\/revisions"}],"wp:featuredmedia":[{"embeddable":true,"href":"https:\/\/esreviral.com\/index.php?rest_route=\/"}],"wp:attachment":[{"href":"https:\/\/esreviral.com\/index.php?rest_route=%2Fwp%2Fv2%2Fmedia&parent=3724"}],"wp:term":[{"taxonomy":"category","embeddable":true,"href":"https:\/\/esreviral.com\/index.php?rest_route=%2Fwp%2Fv2%2Fcategories&post=3724"},{"taxonomy":"post_tag","embeddable":true,"href":"https:\/\/esreviral.com\/index.php?rest_route=%2Fwp%2Fv2%2Ftags&post=3724"}],"curies":[{"name":"wp","href":"https:\/\/api.w.org\/{rel}","templated":true}]}}